{"id":7239,"date":"2014-07-29T10:23:36","date_gmt":"2014-07-29T13:23:36","guid":{"rendered":"http:\/\/www.agendor.com.br\/blog\/?p=7239"},"modified":"2020-03-09T14:42:25","modified_gmt":"2020-03-09T17:42:25","slug":"quiz-voce-sabe-vender-ou-precisa-estudar-mais","status":"publish","type":"post","link":"https:\/\/www.agendor.com.br\/blog\/quiz-voce-sabe-vender-ou-precisa-estudar-mais\/","title":{"rendered":"Quiz: Voc\u00ea sabe vender ou precisa estudar mais?"},"content":{"rendered":"<p><img src=\"http:\/\/www.agendor.com.br\/blog\/wp-content\/uploads\/2014\/07\/vendedor2-600x386.png\" alt=\"vendedor2\" width=\"600\" height=\"386\" class=\"aligncenter size-large wp-image-7249\" srcset=\"https:\/\/www.agendor.com.br\/blog\/wp-content\/uploads\/2014\/07\/vendedor2-600x386.png 600w, https:\/\/www.agendor.com.br\/blog\/wp-content\/uploads\/2014\/07\/vendedor2-300x193.png 300w, https:\/\/www.agendor.com.br\/blog\/wp-content\/uploads\/2014\/07\/vendedor2.png 1024w\" sizes=\"(max-width: 600px) 100vw, 600px\" \/><\/p>\n<p>Ser\u00e1 que voc\u00ea \u00e9 um bom vendedor ou est\u00e1 longe disso? Criamos um quiz para testar o seu conhecimento em vendas. <\/p>\n<p>Esperamos que voc\u00ea se divirta com o resultado e, ao finalizar, <strong>n\u00e3o esque\u00e7a de compartilhar na sua rede social predileta!<\/strong><\/p>\n<div class='quizz-container'  data-auto-redirect=\"true\"  data-quiz='12061' data-width='100%' data-height='auto' ><\/div>\n<p><script src='\/\/dcc4iyjchzom0.cloudfront.net\/widget\/loader.js' async ><\/script><\/p>\n","protected":false},"excerpt":{"rendered":"<p>Ser\u00e1 que voc\u00ea \u00e9 um bom vendedor ou est\u00e1 longe disso? Criamos um quiz para testar o seu conhecimento em vendas. Esperamos que voc\u00ea se divirta com o resultado e, ao finalizar, n\u00e3o esque\u00e7a de compartilhar na sua rede social predileta!<\/p>\n","protected":false},"author":2,"featured_media":0,"comment_status":"closed","ping_status":"closed","sticky":false,"template":"","format":"standard","meta":[],"categories":[880],"tags":[849,794],"lista-de-leitura":[],"listas_de_leitura":[],"yoast_head":"<!-- This site is optimized with the Yoast SEO plugin v16.6.1 - https:\/\/yoast.com\/wordpress\/plugins\/seo\/ -->\n<title>Voc\u00ea sabe vender ou precisa estudar mais?<\/title>\n<meta name=\"description\" content=\"Ser\u00e1 que voc\u00ea \u00e9 um bom vendedor ou est\u00e1 longe disso? Criamos um quiz para testar o seu conhecimento em vendas.\" \/>\n<meta name=\"robots\" content=\"index, follow, max-snippet:-1, max-image-preview:large, max-video-preview:-1\" \/>\n<link rel=\"canonical\" href=\"https:\/\/www.agendor.com.br\/blog\/quiz-voce-sabe-vender-ou-precisa-estudar-mais\/\" \/>\n<meta property=\"og:locale\" content=\"pt_BR\" \/>\n<meta property=\"og:type\" content=\"article\" \/>\n<meta property=\"og:title\" content=\"Voc\u00ea sabe vender ou precisa estudar mais?\" \/>\n<meta property=\"og:description\" content=\"Ser\u00e1 que voc\u00ea \u00e9 um bom vendedor ou est\u00e1 longe disso? Criamos um quiz para testar o seu conhecimento em vendas.\" \/>\n<meta property=\"og:url\" content=\"https:\/\/www.agendor.com.br\/blog\/quiz-voce-sabe-vender-ou-precisa-estudar-mais\/\" \/>\n<meta property=\"og:site_name\" content=\"Blog Agendor\" \/>\n<meta property=\"article:publisher\" content=\"https:\/\/www.facebook.com\/agendor\" \/>\n<meta property=\"article:author\" content=\"https:\/\/s3-sa-east-1.amazonaws.com\/agendor-materiais\/autores\/gustavo-paulillo.gif\" \/>\n<meta property=\"article:published_time\" content=\"2014-07-29T13:23:36+00:00\" \/>\n<meta property=\"article:modified_time\" content=\"2020-03-09T17:42:25+00:00\" \/>\n<meta property=\"og:image\" content=\"http:\/\/www.agendor.com.br\/blog\/wp-content\/uploads\/2014\/07\/vendedor2-600x386.png\" \/>\n<meta name=\"twitter:card\" content=\"summary_large_image\" \/>\n<!-- \/ Yoast SEO plugin. -->","_links":{"self":[{"href":"https:\/\/www.agendor.com.br\/blog\/wp-json\/wp\/v2\/posts\/7239"}],"collection":[{"href":"https:\/\/www.agendor.com.br\/blog\/wp-json\/wp\/v2\/posts"}],"about":[{"href":"https:\/\/www.agendor.com.br\/blog\/wp-json\/wp\/v2\/types\/post"}],"author":[{"embeddable":true,"href":"https:\/\/www.agendor.com.br\/blog\/wp-json\/wp\/v2\/users\/2"}],"replies":[{"embeddable":true,"href":"https:\/\/www.agendor.com.br\/blog\/wp-json\/wp\/v2\/comments?post=7239"}],"version-history":[{"count":0,"href":"https:\/\/www.agendor.com.br\/blog\/wp-json\/wp\/v2\/posts\/7239\/revisions"}],"wp:attachment":[{"href":"https:\/\/www.agendor.com.br\/blog\/wp-json\/wp\/v2\/media?parent=7239"}],"wp:term":[{"taxonomy":"category","embeddable":true,"href":"https:\/\/www.agendor.com.br\/blog\/wp-json\/wp\/v2\/categories?post=7239"},{"taxonomy":"post_tag","embeddable":true,"href":"https:\/\/www.agendor.com.br\/blog\/wp-json\/wp\/v2\/tags?post=7239"},{"taxonomy":"lista-de-leitura","embeddable":true,"href":"https:\/\/www.agendor.com.br\/blog\/wp-json\/wp\/v2\/lista-de-leitura?post=7239"},{"taxonomy":"listas_de_leitura","embeddable":true,"href":"https:\/\/www.agendor.com.br\/blog\/wp-json\/wp\/v2\/listas_de_leitura?post=7239"}],"curies":[{"name":"wp","href":"https:\/\/api.w.org\/{rel}","templated":true}]}}