{"id":55830,"date":"2026-04-27T07:37:00","date_gmt":"2026-04-27T10:37:00","guid":{"rendered":"https:\/\/www.agendor.com.br\/blog\/?p=55830"},"modified":"2026-04-25T07:54:08","modified_gmt":"2026-04-25T10:54:08","slug":"gestao-de-vendas-industria","status":"publish","type":"post","link":"https:\/\/www.agendor.com.br\/blog\/gestao-de-vendas-industria\/","title":{"rendered":"Setor industrial deve crescer menos em 2026, diz ABIMAQ. O que muda na gest\u00e3o de vendas na ind\u00fastria?"},"content":{"rendered":"\n<p>O setor de m\u00e1quinas e equipamentos cresceu <strong>7,3% em 2025<\/strong>. O problema \u00e9 que a ABIMAQ projeta apenas <strong>4% de crescimento em 2026<\/strong>, com at\u00e9 <strong>5% de retra\u00e7\u00e3o nas vendas<\/strong>. Para quem cuida da gest\u00e3o de vendas na ind\u00fastria, esse n\u00famero n\u00e3o fica s\u00f3 no relat\u00f3rio: ele aparece no cliente que some e na meta que n\u00e3o fecha.<\/p>\n\n\n\n<p>E o cliente n\u00e3o some \u00e0 toa. Com a Selic em 15% ao ano, o cr\u00e9dito ficou caro e o apetite para investir diminuiu. Quem dependia de financiamento para renovar equipamentos agora adia. Quem ainda compra, leva mais tempo para decidir. Como disse o presidente executivo da ABIMAQ, Jos\u00e9 Velloso: <em>&#8220;Dinheiro tem no mercado, mas n\u00e3o tem apetite para fazer algo.&#8221;<\/em><\/p>\n\n\n\n<p>A quest\u00e3o n\u00e3o \u00e9 torcer para os juros ca\u00edrem. \u00c9 entender o que precisa mudar na forma de liderar um time comercial quando o desafio econ\u00f4mico aparece. \u00c9 sobre isso que este artigo trata.<\/p>\n\n\n\n<h3><strong>Principais aprendizados deste artigo<\/strong><\/h3>\n\n\n\n<ul><li>Em janeiro de 2026, a receita do setor industrial caiu na compara\u00e7\u00e3o com o mesmo m\u00eas de 2025. Isso \u00e9 resultado direto dos juros altos, que encarecem o cr\u00e9dito e fazem o <a href=\"https:\/\/www.agendor.com.br\/blog\/mercado-b2b\/?cta=blog-principais-aprendizados\" target=\"_blank\" rel=\"noreferrer noopener\">mercado B2B<\/a> segurar o investimento.<\/li><li>Mercado mais lento n\u00e3o \u00e9 mercado parado, \u00e9 mercado mais seletivo. O <a href=\"https:\/\/www.agendor.com.br\/blog\/ciclo-de-vendas-longo\/?cta=blog-principais-aprendizados\" target=\"_blank\" rel=\"noreferrer noopener\">ciclo de vendas<\/a> estica, o &#8220;n\u00e3o agora&#8221; aumenta e quem n\u00e3o tem processo para acompanhar perde o neg\u00f3cio quando o cen\u00e1rio mudar.<\/li><li>Em cen\u00e1rio de juros altos, os perfis de cliente mudam: quem depende de financiamento congela, quem tem capital pr\u00f3prio ou necessidade operacional urgente continua comprando. Saber separar os dois define onde o <a href=\"https:\/\/www.agendor.com.br\/blog\/time-de-vendas\/?cta=blog-principais-aprendizados\" target=\"_blank\" rel=\"noreferrer noopener\">time de vendas<\/a> concentra energia.<\/li><li>As equipes que continuam crescendo mesmo com o mercado dif\u00edcil t\u00eam algo em comum: <a href=\"https:\/\/www.agendor.com.br\/blog\/processo-de-vendas\/?cta=blog-principais-aprendizados\" target=\"_blank\" rel=\"noreferrer noopener\">processo de vendas<\/a> documentado, funil com visibilidade real e foco na carteira ativa antes de prospec\u00e7\u00e3o nova.<\/li><li>Com o Agendor CRM, o gestor enxerga o funil em tempo real, automatiza tarefas, gera propostas e acompanha o desempenho do time. Tudo isso em um s\u00f3 lugar, sem depender de planilha ou mem\u00f3ria. <a href=\"https:\/\/web.agendor.com.br\/cadastro\/?cta=blog-principais-aprendizados\" target=\"_blank\" rel=\"noreferrer noopener\">Teste gratuitamente<\/a>.<\/li><\/ul>\n\n\n\n<h2><strong>O que os dados da ABIMAQ dizem sobre vendas na ind\u00fastria em 2026<\/strong><\/h2>\n\n\n\n<p>Antes de falar em estrat\u00e9gia, vale entender o contexto atual. Os<a href=\"https:\/\/abimaq.org.br\/blogmaq\/3082\/desempenho-do-setor-de-maquinas-e-equipamentos-retrospectiva-de-janeiro-de-2026\" target=\"_blank\" rel=\"noreferrer noopener\"> n\u00fameros da ABIMAQ<\/a> mostram um <strong>cen\u00e1rio de desacelera\u00e7\u00e3o clara no in\u00edcio de 2026<\/strong>:<\/p>\n\n\n\n<ul><li>A <strong>receita l\u00edquida total do setor caiu 17%<\/strong> em janeiro de 2026 na compara\u00e7\u00e3o com janeiro de 2025, somando R$ 17,3 bilh\u00f5es;<\/li><li>No mercado interno, a queda foi de <strong>19%<\/strong>. Com os juros altos, financiar equipamento ficou mais caro e a maioria das empresas prefere esperar;<\/li><li>O <strong>consumo aparente<\/strong> (produ\u00e7\u00e3o nacional mais importa\u00e7\u00f5es) recuou <strong>21,5%<\/strong> na mesma compara\u00e7\u00e3o;<\/li><\/ul>\n\n\n\n<p>Esses n\u00fameros s\u00e3o consequ\u00eancia de um ambiente de cr\u00e9dito mais caro e restrito, que inibe investimentos, eleva a inadimpl\u00eancia e comprime a renda das empresas compradoras.<\/p>\n\n\n\n<h3><strong>Por que os juros altos travam as vendas industriais<\/strong><\/h3>\n\n\n\n<p>A taxa Selic em 15% ao ano n\u00e3o afeta s\u00f3 quem financia im\u00f3vel. Ela afeta toda empresa que depende de cr\u00e9dito para renovar equipamento, ampliar capacidade produtiva ou modernizar a opera\u00e7\u00e3o. O efeito no time de vendas \u00e9 direto:<\/p>\n\n\n\n<ul><li><strong>O ciclo de compra fica mais longo.<\/strong> O cliente que antes decidia em 30 dias agora leva 90. N\u00e3o porque n\u00e3o quer comprar, mas porque precisa justificar melhor o investimento internamente;<\/li><li><strong>O &#8220;n\u00e3o agora&#8221; aumenta.<\/strong> E se o vendedor n\u00e3o tiver processo para acompanhar esse cliente ao longo do tempo, ele perde o neg\u00f3cio quando o cen\u00e1rio mudar;<\/li><li><strong>O volume de oportunidades ativas cai.<\/strong> Menos empresas entram em processo de compra ao mesmo tempo, o que exige que o time trabalhe melhor cada oportunidade que aparece.<\/li><\/ul>\n\n\n\n<h2><strong>Como a desacelera\u00e7\u00e3o chega no funil de vendas da ind\u00fastria<\/strong><\/h2>\n\n\n\n<p>Mercado mais lento n\u00e3o significa mercado parado. Significa mercado mais seletivo. E equipe comercial que n\u00e3o enxerga isso com clareza tende a confundir queda de demanda com queda de desempenho individual, o que leva a diagn\u00f3sticos errados e decis\u00f5es equivocadas.<\/p>\n\n\n\n<p>Alguns sinais de que a desacelera\u00e7\u00e3o j\u00e1 chegou na opera\u00e7\u00e3o comercial:<\/p>\n\n\n\n<ul><li>Propostas enviadas que ficam sem resposta por semanas;<\/li><li>Reuni\u00f5es marcadas que n\u00e3o avan\u00e7am para etapas seguintes;<\/li><li>Clientes que pedem desconto sem ter obje\u00e7\u00e3o real de qualidade ou fit;<\/li><li>Funil com muitas oportunidades &#8220;em andamento&#8221; e poucas evoluindo.<\/li><\/ul>\n\n\n\n<p>Esses sinais n\u00e3o s\u00e3o problemas de abordagem. S\u00e3o sintomas de um mercado que est\u00e1 demorando mais para decidir. O gestor que reconhece isso para de cobrar ritmo e come\u00e7a a ajustar o processo.<\/p>\n\n\n\n<h2><strong>O mercado apertou. O que muda na gest\u00e3o de vendas na ind\u00fastria?<\/strong><\/h2>\n\n\n\n<p>N\u00e3o existe f\u00f3rmula m\u00e1gica para vender bem quando o mercado desacelera, mas existem pr\u00e1ticas que separam as equipes que continuam crescendo das que ficam paradas esperando o mercado reagir.<\/p>\n\n\n\n<p>Nem todo cliente reage igual \u00e0 alta dos juros. Alguns perfis continuam comprando mesmo com o cr\u00e9dito mais caro:<\/p>\n\n\n\n<ul><li>Empresas que <strong>precisam substituir ativo por necessidade operacional<\/strong>, n\u00e3o por expans\u00e3o;<\/li><li>Organiza\u00e7\u00f5es que <strong>n\u00e3o dependem de financiamento<\/strong> para fechar neg\u00f3cio (capital pr\u00f3prio ou fluxo de caixa forte);<\/li><li>Segmentos com <strong>demanda firme independente do ciclo econ\u00f4mico<\/strong> (alimentos, sa\u00fade, energia);<\/li><li>Clientes com <strong>contratos de longo prazo<\/strong> que precisam manter a capacidade produtiva.<\/li><\/ul>\n\n\n\n<p>O primeiro movimento de uma boa gest\u00e3o de vendas na ind\u00fastria em 2026 \u00e9 mapear a carteira atual por esses crit\u00e9rios. <strong>Quem tem potencial real de compra agora?<\/strong> Quem est\u00e1 congelado por restri\u00e7\u00e3o de cr\u00e9dito? Essa separa\u00e7\u00e3o define onde o time concentra energia.<\/p>\n\n\n\n<p>Para ajudar quem atua na \u00e1rea de vendas do setor industrial, separamos alguns conselhos para voc\u00ea aplicar no seu dia a dia e aumentar a efici\u00eancia comercial do seu time de vendas. Confira:<\/p>\n\n\n\n<h3><strong>1. Invista no acompanhamento ativo<\/strong><\/h3>\n\n\n\n<p>O erro mais comum quando o mercado desacelera \u00e9 recuar no acompanhamento. O racioc\u00ednio costuma ser: &#8220;o cliente disse que n\u00e3o tem verba agora, ent\u00e3o vou esperar ele me chamar.&#8221; Resultado: <strong>quando o cliente volta a ter verba, ele j\u00e1 fechou com o concorrente que ficou presente<\/strong>.<\/p>\n\n\n\n<p>Algumas dicas que fazem diferen\u00e7a nesse momento:<\/p>\n\n\n\n<ul><li><strong>Definir uma cad\u00eancia de acompanhamento por <\/strong><a href=\"https:\/\/www.agendor.com.br\/blog\/significado-icp\/\" target=\"_blank\" rel=\"noreferrer noopener\"><strong>perfil ideal de cliente (ICP)<\/strong><\/a>, n\u00e3o deixar esse contato depender da mem\u00f3ria ou da iniciativa de cada vendedor;<\/li><li><strong>Registrar o contexto de cada conversa no <\/strong><a href=\"https:\/\/www.agendor.com.br\/blog\/o-que-e-crm\/\" target=\"_blank\" rel=\"noreferrer noopener\"><strong>CRM<\/strong><\/a>, incluindo o motivo do adiamento e o prazo estimado para retomada;<\/li><li><strong>Criar alertas para oportunidades paradas<\/strong>, para que nenhum neg\u00f3cio com potencial desapare\u00e7a do radar por falta de retorno.<\/li><\/ul>\n\n\n\n<p>O cliente que est\u00e1 &#8220;esperando&#8221; agora \u00e9 um neg\u00f3cio futuro. Mas s\u00f3 para quem continuar presente.<\/p>\n\n\n\n<h3><strong>2. Fa\u00e7a propostas que ajudem o cliente a justificar a compra internamente<\/strong><\/h3>\n\n\n\n<p>Em um ambiente de restri\u00e7\u00e3o, o comprador t\u00e9cnico raramente decide sozinho. Ele precisa levar a <a href=\"https:\/\/www.agendor.com.br\/blog\/proposta-comercial-vendas\/\" target=\"_blank\" rel=\"noreferrer noopener\">proposta comercial<\/a> para o financeiro, para a diretoria, \u00e0s vezes para o conselho. E quem n\u00e3o facilita essa justificativa interna perde neg\u00f3cio para o concorrente que facilita.<\/p>\n\n\n\n<p>Uma proposta comercial eficiente nesse contexto precisa responder a tr\u00eas perguntas:<\/p>\n\n\n\n<ul><li><strong>Qual \u00e9 o custo de n\u00e3o comprar?<\/strong> (m\u00e1quina parada, manuten\u00e7\u00e3o cara, queda de produtividade);<\/li><li><strong>Em quanto tempo o investimento se paga?<\/strong> (prazo de retorno claro, n\u00e3o estimativa vaga);<\/li><li><strong>O que diferencia esse produto do importado mais barato?<\/strong> (qualidade, prazo de entrega, suporte t\u00e9cnico local).<\/li><\/ul>\n\n\n\n<p>Quem ajuda o cliente a construir esse argumento internamente aumenta muito a chance de fechar.<\/p>\n\n\n\n<h3><strong>3. N\u00e3o dependa da intui\u00e7\u00e3o para fazer a gest\u00e3o de vendas na sua ind\u00fastria<\/strong><\/h3>\n\n\n\n<p>Um dos problemas mais comuns na gest\u00e3o de vendas na ind\u00fastria \u00e9 a depend\u00eancia do &#8220;feeling&#8221; do gestor para avaliar como est\u00e1 o <a href=\"https:\/\/www.agendor.com.br\/blog\/o-que-e-funil-de-vendas\/\" target=\"_blank\" rel=\"noreferrer noopener\">funil de vendas<\/a>. Em mercados est\u00e1veis, isso at\u00e9 funciona. Em mercados inst\u00e1veis, n\u00e3o.<\/p>\n\n\n\n<p>Sem visibilidade real do funil, o gestor toma decis\u00f5es com base em relat\u00f3rios atrasados ou percep\u00e7\u00f5es imprecisas dos pr\u00f3prios vendedores. O resultado s\u00e3o metas mal calibradas, press\u00e3o no lugar errado e oportunidades que somem sem que ningu\u00e9m perceba.<\/p>\n\n\n\n<p>O que uma opera\u00e7\u00e3o comercial com gest\u00e3o de dados consegue enxergar:<\/p>\n\n\n\n<ul><li><strong>Quantas oportunidades est\u00e3o paradas e por quanto tempo<\/strong>, por etapa do funil;<\/li><li><strong>Qual \u00e9 a taxa de convers\u00e3o real<\/strong> entre cada etapa, n\u00e3o a estimada;<\/li><li><strong>Quais vendedores t\u00eam funil saud\u00e1vel<\/strong> e quais est\u00e3o com carteira estagnada;<\/li><li><strong>Quais clientes n\u00e3o receberam acompanhamento<\/strong> nos \u00faltimos 30, 60 ou 90 dias.<\/li><\/ul>\n\n\n\n<p>Esses dados transformam o trabalho do gestor de reativo para preventivo.<\/p>\n\n\n\n<h3><strong>Descubra o que as equipes que continuam crescendo fazem de diferente<\/strong><\/h3>\n\n\n\n<p>Mesmo com o mercado desacelerando, nem todas as equipes comerciais da ind\u00fastria v\u00e3o se sentir da mesma forma. Algumas v\u00e3o continuar crescendo, ou pelo menos manter o patamar.<\/p>\n\n\n\n<p>O perfil das opera\u00e7\u00f5es que se saem melhor em cen\u00e1rios de restri\u00e7\u00e3o tem caracter\u00edsticas em comum:<\/p>\n\n\n\n<ul><li><strong>Processo comercial documentado e seguido<\/strong>, n\u00e3o um conjunto de boas inten\u00e7\u00f5es que cada vendedor adapta ao seu jeito;<\/li><li><strong>Registro consistente de informa\u00e7\u00f5es no CRM<\/strong>, o que permite ao gestor enxergar o funil em tempo real e agir antes que o problema apare\u00e7a no n\u00famero do m\u00eas;<\/li><li><strong>Prioridade para a carteira ativa: <\/strong>reativar quem j\u00e1 comprou antes pode dar menos trabalho e resultado mais r\u00e1pido do que conquistar um cliente novo;<\/li><li><strong>Metas ajustadas ao cen\u00e1rio real<\/strong>, n\u00e3o ao que seria poss\u00edvel em um mercado aquecido.<\/li><\/ul>\n\n\n\n<p><strong>Quer se aprofundar no tema?<\/strong> Se voc\u00ea quer entender como estruturar a prospec\u00e7\u00e3o na ind\u00fastria mesmo com o mercado mais restrito, o webinar <strong>Prospec\u00e7\u00e3o na Ind\u00fastria<\/strong> traz orienta\u00e7\u00f5es pr\u00e1ticas para quem vende para esse segmento. <a href=\"https:\/\/prospecte.econodata.com.br\/webinar-prospeccao-na-industria\" target=\"_blank\" rel=\"noreferrer noopener\">Acesse gratuitamente aqui.<\/a><\/p>\n\n\n\n<h2><strong>Como o Agendor apoia a gest\u00e3o de vendas na ind\u00fastria em momentos de incerteza<\/strong><\/h2>\n\n\n\n<p>Quando o mercado aperta, a margem para erro operacional diminui. Oportunidade esquecida no funil, cliente sem acompanhamento, proposta enviada sem retorno: cada um desses pontos custa mais caro do que em um mercado aquecido.<\/p>\n\n\n\n<p>O ecossistema Agendor foi desenvolvido para dar ao gestor comercial a visibilidade e o controle que esse cen\u00e1rio exige:<\/p>\n\n\n\n<ul><li>O <a href=\"https:\/\/www.agendor.com.br\/\" target=\"_blank\" rel=\"noreferrer noopener\"><strong>Agendor CRM<\/strong><\/a> centraliza todas as informa\u00e7\u00f5es do funil em um s\u00f3 lugar, gera propostas personalizadas, automatiza tarefas e e-mails, registra todas as atividades do time, al\u00e9m de possuir hist\u00f3rico dos clientes. Tudo integrado, sem precisar de v\u00e1rias ferramentas para cobrir o processo comercial;<\/li><li>A <a href=\"https:\/\/www.agendor.com.br\/solucoes\/ava\" target=\"_blank\" rel=\"noreferrer noopener\"><strong>Ava<\/strong><\/a> \u00e9 a assistente de intelig\u00eancia artificial do Agendor, acess\u00edvel direto pelo WhatsApp. Ela registra informa\u00e7\u00f5es no hist\u00f3rico do cliente, agenda tarefas, manda lembretes de acompanhamento e sugere a pr\u00f3xima a\u00e7\u00e3o. Voc\u00ea confirma e ela executa tudo no CRM;<\/li><li>O <a href=\"https:\/\/www.agendor.com.br\/solucoes\/agendor-chat\" target=\"_blank\" rel=\"noreferrer noopener\"><strong>Agendor Chat<\/strong><\/a> transforma o WhatsApp da empresa em um canal profissional de vendas: m\u00faltiplos vendedores atendendo em um \u00fanico n\u00famero, hist\u00f3rico organizado e tudo conectado ao CRM. Sem conversa perdida no celular pessoal, sem cliente sem retorno.<\/li><\/ul>\n\n\n\n<iframe width=\"560\" height=\"315\" src=\"https:\/\/www.youtube.com\/embed\/IdwEmqZj3OI?si=QgODYDN5x2poVq6C\" title=\"YouTube video player\" frameborder=\"0\" allow=\"accelerometer; autoplay; clipboard-write; encrypted-media; gyroscope; picture-in-picture; web-share\" referrerpolicy=\"strict-origin-when-cross-origin\" allowfullscreen><\/iframe>\n\n\n\n<h2><strong>FAQ: perguntas frequentes sobre gest\u00e3o de vendas na ind\u00fastria em 2026<\/strong><\/h2>\n\n\n\n<h3><strong>1. O setor industrial de m\u00e1quinas e equipamentos vai crescer ou cair em 2026?<\/strong><\/h3>\n\n\n\n<p>A ABIMAQ projeta crescimento de cerca de 4% na receita l\u00edquida para 2026, mas representantes do setor admitem a possibilidade de retra\u00e7\u00e3o de at\u00e9 5% nas vendas em rela\u00e7\u00e3o a 2025.<\/p>\n\n\n\n<p>Os dois cen\u00e1rios dependem de como o cr\u00e9dito e os juros v\u00e3o se comportar ao longo do ano. Para o gestor comercial, o mais prudente \u00e9 planejar para o cen\u00e1rio mais conservador e ajustar ao longo do caminho.<\/p>\n\n\n\n<h3><strong>2. Como saber se a queda no funil \u00e9 culpa do mercado ou do time de vendas?<\/strong><\/h3>\n\n\n\n<p>Essa \u00e9 uma das perguntas mais dif\u00edceis de responder sem dados. Se a queda no volume de oportunidades for generalizada no setor, \u00e9 o mercado. Se for concentrada em determinados vendedores ou segmentos da carteira, o problema pode ser de processo ou abordagem.<\/p>\n\n\n\n<p>Um CRM com visibilidade hist\u00f3rica ajuda a separar os dois fatores antes de tomar qualquer decis\u00e3o sobre o time.<\/p>\n\n\n\n<h3><strong>3. Vale mudar a meta de vendas por causa da desacelera\u00e7\u00e3o do setor?<\/strong><\/h3>\n\n\n\n<p>Depende. Manter uma meta imposs\u00edvel desmotiva o time. Mas reduzir a meta sem crit\u00e9rio tira a press\u00e3o que mant\u00e9m o time produtivo.<\/p>\n\n\n\n<p>O caminho mais equilibrado \u00e9 revisar os indicadores intermedi\u00e1rios:<\/p>\n\n\n\n<ul><li>Taxa de convers\u00e3o por etapa;<\/li><li>Volume de acompanhamentos ativos;<\/li><li>Tempo m\u00e9dio de ciclo.<\/li><\/ul>\n\n\n\n<p>Se esses n\u00fameros estiverem saud\u00e1veis, a meta principal fica mais defens\u00e1vel mesmo com mercado dif\u00edcil.<\/p>\n\n\n\n<h3><strong>4. Como manter o time de vendas industriais motivado em um cen\u00e1rio de desacelera\u00e7\u00e3o?<\/strong><\/h3>\n\n\n\n<p>Motiva\u00e7\u00e3o em per\u00edodo dif\u00edcil vem de clareza, n\u00e3o de discurso.<\/p>\n\n\n\n<p>O time que sabe exatamente o que precisa fazer, tem as ferramentas para fazer e recebe reconhecimento quando acerta, trabalha melhor do que o time que recebe press\u00e3o sem dire\u00e7\u00e3o.<\/p>\n\n\n\n<p>Em momentos de restri\u00e7\u00e3o, o papel do gestor \u00e9 reduzir incerteza operacional, n\u00e3o aumentar a cobran\u00e7a.<\/p>\n\n\n\n<h3><strong>5. Faz sentido prospectar novos clientes quando o mercado est\u00e1 desacelerado?<\/strong><\/h3>\n\n\n\n<p>Sim, mas com crit\u00e9rio. A prospec\u00e7\u00e3o de novos clientes exige mais energia e tempo do que reativar a carteira existente.<\/p>\n\n\n\n<p>Em um mercado desacelerado, o equil\u00edbrio costuma ser trabalhar ativamente a base atual enquanto mant\u00e9m uma cad\u00eancia menor de prospec\u00e7\u00e3o nova.<\/p>\n\n\n\n<p>Abandonar completamente a prospec\u00e7\u00e3o agora significa entrar em 2027 sem funil renovado.<\/p>\n","protected":false},"excerpt":{"rendered":"<p>O setor de m\u00e1quinas e equipamentos cresceu 7,3% em 2025. O problema \u00e9 que a ABIMAQ projeta apenas 4% de crescimento em 2026, com at\u00e9 5% de retra\u00e7\u00e3o nas vendas. Para quem cuida da gest\u00e3o de vendas na ind\u00fastria, esse n\u00famero n\u00e3o fica s\u00f3 no relat\u00f3rio: ele aparece no cliente que some e na meta [&hellip;]<\/p>\n","protected":false},"author":48,"featured_media":55831,"comment_status":"closed","ping_status":"closed","sticky":false,"template":"","format":"standard","meta":[],"categories":[894],"tags":[988,795],"lista-de-leitura":[],"listas_de_leitura":[],"yoast_head":"<!-- This site is optimized with the Yoast SEO plugin v16.6.1 - https:\/\/yoast.com\/wordpress\/plugins\/seo\/ -->\n<title>Gest\u00e3o de vendas na ind\u00fastria: setor deve crescer menos em 2026<\/title>\n<meta name=\"description\" content=\"A ABIMAQ projeta apenas 4% de crescimento em 2026, com at\u00e9 5% de retra\u00e7\u00e3o nas vendas. Veja o que muda na gest\u00e3o de vendas na ind\u00fastria!\" \/>\n<meta name=\"robots\" content=\"index, follow, max-snippet:-1, max-image-preview:large, max-video-preview:-1\" \/>\n<link rel=\"canonical\" href=\"https:\/\/www.agendor.com.br\/blog\/gestao-de-vendas-industria\/\" \/>\n<meta property=\"og:locale\" content=\"pt_BR\" \/>\n<meta property=\"og:type\" content=\"article\" \/>\n<meta property=\"og:title\" content=\"Gest\u00e3o de vendas na ind\u00fastria: setor deve crescer menos em 2026\" \/>\n<meta property=\"og:description\" content=\"A ABIMAQ projeta apenas 4% de crescimento em 2026, com at\u00e9 5% de retra\u00e7\u00e3o nas vendas. Veja o que muda na gest\u00e3o de vendas na ind\u00fastria!\" \/>\n<meta property=\"og:url\" content=\"https:\/\/www.agendor.com.br\/blog\/gestao-de-vendas-industria\/\" \/>\n<meta property=\"og:site_name\" content=\"Blog Agendor\" \/>\n<meta property=\"article:publisher\" content=\"https:\/\/www.facebook.com\/agendor\" \/>\n<meta property=\"article:author\" content=\"https:\/\/s3-sa-east-1.amazonaws.com\/agendor-materiais\/autores\/gustavo-gomes.gif\" \/>\n<meta property=\"article:published_time\" content=\"2026-04-27T10:37:00+00:00\" \/>\n<meta property=\"article:modified_time\" content=\"2026-04-25T10:54:08+00:00\" \/>\n<meta property=\"og:image\" content=\"https:\/\/agendor-blog-uploads.s3.sa-east-1.amazonaws.com\/2026\/04\/25075323\/gestao-de-vendas-na-industria.jpg\" \/>\n\t<meta property=\"og:image:width\" content=\"800\" \/>\n\t<meta property=\"og:image:height\" content=\"600\" \/>\n<meta name=\"twitter:card\" content=\"summary_large_image\" \/>\n<meta name=\"twitter:label1\" content=\"Est. reading time\" \/>\n\t<meta name=\"twitter:data1\" content=\"10 minutos\" \/>\n<!-- \/ Yoast SEO plugin. -->","_links":{"self":[{"href":"https:\/\/www.agendor.com.br\/blog\/wp-json\/wp\/v2\/posts\/55830"}],"collection":[{"href":"https:\/\/www.agendor.com.br\/blog\/wp-json\/wp\/v2\/posts"}],"about":[{"href":"https:\/\/www.agendor.com.br\/blog\/wp-json\/wp\/v2\/types\/post"}],"author":[{"embeddable":true,"href":"https:\/\/www.agendor.com.br\/blog\/wp-json\/wp\/v2\/users\/48"}],"replies":[{"embeddable":true,"href":"https:\/\/www.agendor.com.br\/blog\/wp-json\/wp\/v2\/comments?post=55830"}],"version-history":[{"count":1,"href":"https:\/\/www.agendor.com.br\/blog\/wp-json\/wp\/v2\/posts\/55830\/revisions"}],"predecessor-version":[{"id":55832,"href":"https:\/\/www.agendor.com.br\/blog\/wp-json\/wp\/v2\/posts\/55830\/revisions\/55832"}],"wp:featuredmedia":[{"embeddable":true,"href":"https:\/\/www.agendor.com.br\/blog\/wp-json\/wp\/v2\/media\/55831"}],"wp:attachment":[{"href":"https:\/\/www.agendor.com.br\/blog\/wp-json\/wp\/v2\/media?parent=55830"}],"wp:term":[{"taxonomy":"category","embeddable":true,"href":"https:\/\/www.agendor.com.br\/blog\/wp-json\/wp\/v2\/categories?post=55830"},{"taxonomy":"post_tag","embeddable":true,"href":"https:\/\/www.agendor.com.br\/blog\/wp-json\/wp\/v2\/tags?post=55830"},{"taxonomy":"lista-de-leitura","embeddable":true,"href":"https:\/\/www.agendor.com.br\/blog\/wp-json\/wp\/v2\/lista-de-leitura?post=55830"},{"taxonomy":"listas_de_leitura","embeddable":true,"href":"https:\/\/www.agendor.com.br\/blog\/wp-json\/wp\/v2\/listas_de_leitura?post=55830"}],"curies":[{"name":"wp","href":"https:\/\/api.w.org\/{rel}","templated":true}]}}