{"id":55146,"date":"2025-12-12T19:11:38","date_gmt":"2025-12-12T22:11:38","guid":{"rendered":"https:\/\/www.agendor.com.br\/blog\/?p=55146"},"modified":"2025-12-12T19:11:53","modified_gmt":"2025-12-12T22:11:53","slug":"como-preparar-sua-prospeccao-para-2026","status":"publish","type":"post","link":"https:\/\/www.agendor.com.br\/blog\/como-preparar-sua-prospeccao-para-2026\/","title":{"rendered":"Como preparar sua opera\u00e7\u00e3o de prospec\u00e7\u00e3o para 2026: o que vai separar o vendedor operador do estrategista no pr\u00f3ximo ano"},"content":{"rendered":"\n<p>A prospec\u00e7\u00e3o sempre foi um dos maiores gargalos das vendas B2B. E, ao contr\u00e1rio do que muitos imaginam, esse desafio n\u00e3o diminuiu com o avan\u00e7o da tecnologia, da automa\u00e7\u00e3o ou da intelig\u00eancia artificial.<\/p>\n\n\n\n<p>Preparar a opera\u00e7\u00e3o de prospec\u00e7\u00e3o para 2026 exige muito mais do que volume, roteiro ou ferramentas novas. Esse foi o ponto de partida do webinar <strong>\u201cComo preparar sua opera\u00e7\u00e3o de prospec\u00e7\u00e3o <\/strong>para 2026\u201d, promovido pelo Agendor.<\/p>\n\n\n\n<p>Participaram da conversa <a href=\"https:\/\/www.linkedin.com\/in\/jessicabosco\/\" target=\"_blank\" rel=\"noreferrer noopener\">J\u00e9ssica Bosco<\/a>, fundadora da Aquila Aceleradora Comercial e da Academia Rapport, <a href=\"https:\/\/www.linkedin.com\/in\/fernanda3garcia\/\" target=\"_blank\" rel=\"noreferrer noopener\">Fernanda Garcia<\/a>, Head de Deal Flow da ABSeed Ventures e cofundadora da Rapport, e <a href=\"https:\/\/www.linkedin.com\/in\/gustavo-gomes-sales\/\" target=\"_blank\" rel=\"noreferrer noopener\">Gustavo Gomes<\/a>, l\u00edder da \u00e1rea comercial do Agendor.<\/p>\n\n\n\n<p>Os tr\u00eas trouxeram uma vis\u00e3o pr\u00e1tica, direta e realista sobre o que mudou no comportamento dos compradores, quais compet\u00eancias se tornaram b\u00e1sicas para quem prospecta e por que o modelo de prospec\u00e7\u00e3o \u201coperacional\u201d est\u00e1 com os dias contados.<\/p>\n\n\n\n<p><strong><em>Para n\u00e3o perder nenhum insight, assista \u00e0 grava\u00e7\u00e3o do webinar na \u00edntegra:<\/em><\/strong><\/p>\n\n\n\n<iframe width=\"560\" height=\"450\" src=\"https:\/\/www.youtube.com\/embed\/2j9gLU38xME?si=tUHxAXHHR-d2z1LL\" title=\"YouTube video player\" frameborder=\"0\" allow=\"accelerometer; autoplay; clipboard-write; encrypted-media; gyroscope; picture-in-picture; web-share\" referrerpolicy=\"strict-origin-when-cross-origin\" allowfullscreen><\/iframe>\n\n\n\n<h2><strong>O decisor mudou (e ignorar isso custa caro)<\/strong><\/h2>\n\n\n\n<p>Um dos primeiros pontos levantados no webinar foi a mudan\u00e7a profunda no comportamento dos decisores B2B. Segundo Gustavo Gomes, <a href=\"https:\/\/www.agendor.com.br\/lps\/panorama-inteligencia-artificial-vendas\" target=\"_blank\" rel=\"noreferrer noopener\">dados recentes do pr\u00f3prio Agendor<\/a> mostram que, mesmo em empresas de tecnologia e software, mais de 58% ainda apontam a <a href=\"https:\/\/www.agendor.com.br\/blog\/prospeccao\/\" target=\"_blank\" rel=\"noreferrer noopener\">prospec\u00e7\u00e3o<\/a> como a maior dor comercial.<\/p>\n\n\n\n<p>Para Fernanda Garcia, parte dessa dificuldade se explica por um fator central: a <strong>autoeduca\u00e7\u00e3o dos compradores<\/strong>. \u201cOs compradores est\u00e3o se educando muito mais antes de falar com os poss\u00edveis fornecedores\u201d, explicou.&nbsp;<\/p>\n\n\n\n<p>Hoje, quando o decisor aceita conversar com um vendedor, ele j\u00e1 pesquisou, comparou solu\u00e7\u00f5es, leu conte\u00fados e, muitas vezes, chega \u00e0 conversa com um n\u00edvel de maturidade maior do que o pr\u00f3prio vendedor.<\/p>\n\n\n\n<p><strong>Isso muda completamente o papel da prospec\u00e7\u00e3o. <\/strong>Abordagens superficiais, gen\u00e9ricas ou excessivamente focadas no produto n\u00e3o apenas deixam de funcionar, como geram rejei\u00e7\u00e3o imediata.&nbsp;<\/p>\n\n\n\n<p>Al\u00e9m disso, as decis\u00f5es est\u00e3o mais distribu\u00eddas dentro das organiza\u00e7\u00f5es. Em vendas mais complexas, especialmente no modelo <a href=\"https:\/\/www.agendor.com.br\/blog\/como-vender-para-grandes-empresas\/\" target=\"_blank\" rel=\"noreferrer noopener\">enterprise<\/a>, \u00e9 comum que mais de seis pessoas, de \u00e1reas diferentes, estejam envolvidas no processo decis\u00f3rio.\u00a0<\/p>\n\n\n\n<h2><strong>Influ\u00eancia, conte\u00fado e gera\u00e7\u00e3o Z<\/strong><\/h2>\n\n\n\n<p>Outro ponto relevante trazido no webinar \u00e9 que a decis\u00e3o de compra n\u00e3o acontece apenas na intera\u00e7\u00e3o direta entre vendedor e comprador. Cada vez mais, ela \u00e9 influenciada pelo mercado, por refer\u00eancias externas, pela produ\u00e7\u00e3o de conte\u00fado e pela familiaridade com a marca.<\/p>\n\n\n\n<p>Fernanda trouxe um exemplo simples: \u201cMuitas vezes a decis\u00e3o de compra e a influ\u00eancia fogem daquele comit\u00ea vendedor e comprador, mas come\u00e7a muito forte na intera\u00e7\u00e3o do comprador com o pr\u00f3prio mercado.\u201d&nbsp;<\/p>\n\n\n\n<p>Estar presente, ser reconhecido e <a href=\"https:\/\/www.agendor.com.br\/blog\/como-transmitir-confianca\/\" target=\"_blank\" rel=\"noreferrer noopener\">gerar confian\u00e7a<\/a> antes mesmo do contato comercial virou parte essencial da prospec\u00e7\u00e3o moderna.<\/p>\n\n\n\n<p>Esse cen\u00e1rio se intensifica com a ascens\u00e3o da gera\u00e7\u00e3o Z em cargos de decis\u00e3o. \u201cMais de 60% das decis\u00f5es dentro das empresas hoje j\u00e1 est\u00e3o sendo tomadas pela gera\u00e7\u00e3o Z\u201d, destacou Fernanda.&nbsp;<\/p>\n\n\n\n<p>Uma gera\u00e7\u00e3o que decide com base em crit\u00e9rios diferentes, valoriza autenticidade, prop\u00f3sito, clareza e rejeita discursos ensaiados ou excessivamente comerciais. <strong>\u00c9 uma quest\u00e3o de leitura de contexto, comportamento e adapta\u00e7\u00e3o constante.<\/strong><\/p>\n\n\n\n<h2><strong>O que parou de funcionar e o que virou compet\u00eancia b\u00e1sica<\/strong><\/h2>\n\n\n\n<p>Se o comportamento do comprador mudou, as habilidades exigidas de quem prospecta tamb\u00e9m mudaram. Para J\u00e9ssica Bosco, uma das maiores armadilhas \u00e9 acreditar que apenas \u201cse comunicar bem\u201d ainda \u00e9 suficiente.<\/p>\n\n\n\n<p>\u201cAntigamente, a gente estava muito mais focado nas habilidades de comunica\u00e7\u00e3o\u201d, explicou. Hoje, a comunica\u00e7\u00e3o sem estrat\u00e9gia, sem leitura de cen\u00e1rio e sem dom\u00ednio de processo perdeu for\u00e7a.<\/p>\n\n\n\n<p>No lugar disso, entrou a <strong>maturidade digital e a capacidade de adapta\u00e7\u00e3o<\/strong>. \u201cQuem n\u00e3o tem essa maturidade vai acabar ficando para tr\u00e1s\u201d, alertou J\u00e9ssica.<\/p>\n\n\n\n<p>N\u00e3o se trata de se tornar <a href=\"https:\/\/www.agendor.com.br\/blog\/como-usar-ia-corporativa-para-transformar-dados-em-decisoes\/\" target=\"_blank\" rel=\"noreferrer noopener\">especialista em IA<\/a> ou tecnologia, mas de entender como usar ferramentas, tend\u00eancias e dados a favor da opera\u00e7\u00e3o comercial.<\/p>\n\n\n\n<p>A resist\u00eancia \u00e0 mudan\u00e7a foi chamada por J\u00e9ssica de \u201cs\u00edndrome de Gabriela\u201d. \u201cEu nasci assim, eu cresci assim, vou ser sempre assim. Essa \u00e9 a pessoa que infelizmente vai acabar ficando pra tr\u00e1s\u201d, afirmou.<\/p>\n\n\n\n<p>Na mesma linha, Fernanda destacou o fim do modelo conhecido como <em>spray and pray<\/em>: disparar mensagens em massa e torcer para que algo funcione. \u201c\u00c9 simplesmente fazer de qualquer jeito e esperar que alguma coisa d\u00ea certo\u201d, resumiu.<\/p>\n\n\n\n<h2><strong>Do SDR operador ao SDR estrategista<\/strong><\/h2>\n\n\n\n<p>Um dos debates do webinar foi a transi\u00e7\u00e3o do <a href=\"https:\/\/www.agendor.com.br\/blog\/sdr-o-que-e\/\" target=\"_blank\" rel=\"noreferrer noopener\">SDR<\/a> operacional para o SDR estrategista. Para Gustavo Gomes, o modelo antigo est\u00e1 claramente esgotado: \u201cO SDR operador, que segue roteiro, s\u00f3 dispara volume e repete a abordagem, n\u00e3o tem mais espa\u00e7o.\u201d<\/p>\n\n\n\n<p>Fernanda foi ainda mais direta ao explicar a raiz do problema. <strong>\u201cA grande maioria dos pr\u00e9-vendedores s\u00e3o operadores, porque a grande maioria das empresas n\u00e3o entende o qu\u00e3o estrat\u00e9gica essa posi\u00e7\u00e3o \u00e9.\u201d&nbsp;<\/strong><\/p>\n\n\n\n<p>Muitas organiza\u00e7\u00f5es ainda tratam pr\u00e9-vendas como uma fun\u00e7\u00e3o de baixo valor, com pouca autonomia e expectativas irreais.<\/p>\n\n\n\n<p>A mudan\u00e7a come\u00e7a pela mentalidade de quem contrata e de quem executa. \u201cO pr\u00e9-vendedor que \u00e9 mais estrategista vai ter um motivo muito claro no momento de entrar em contato\u201d, explicou Fernanda.<\/p>\n\n\n\n<p>Esses sinais podem vir de dados pr\u00f3prios, de movimenta\u00e7\u00f5es do mercado ou de eventos espec\u00edficos, como contrata\u00e7\u00f5es, demiss\u00f5es, expans\u00e3o ou mudan\u00e7as regulat\u00f3rias. <strong>Prospectar sem motivo claro virou sin\u00f4nimo de desperd\u00edcio.<\/strong><\/p>\n\n\n\n<p>Ao mesmo tempo, ficou claro que estrat\u00e9gia exige maturidade. Um profissional j\u00fanior precisa de guias, playbooks e estrutura. J\u00e1 o profissional pleno ou s\u00eanior ganha autonomia para adaptar, questionar e criar.<\/p>\n\n\n\n<h2><strong>Relev\u00e2ncia: a palavra que resume a prospec\u00e7\u00e3o moderna<\/strong><\/h2>\n\n\n\n<p>Quando o assunto chegou \u00e0 abertura de mensagens, como e-mails, <a href=\"https:\/\/www.agendor.com.br\/blog\/prospecao-ativa-whatsapp\/\" target=\"_blank\" rel=\"noreferrer noopener\">WhatsApp<\/a> ou Linkedin, J\u00e9ssica Bosco foi enf\u00e1tica: n\u00e3o existe mensagem perfeita, existe mensagem relevante no contexto certo. <strong>\u201cA palavra do ano de pr\u00e9-vendas \u00e9 relev\u00e2ncia\u201d,<\/strong> afirmou Fernanda.<\/p>\n\n\n\n<p>J\u00e9ssica explicou que apenas cerca de 3% dos leads est\u00e3o no momento exato de compra. Para esses, quase qualquer abordagem funciona. Para os outros 97%, \u00e9 preciso quebrar padr\u00f5es. \u201cSe eu quero ter um resultado diferente, eu vou precisar fazer diferente\u201d, disse.<\/p>\n\n\n\n<p>Isso come\u00e7a pelo assunto do e-mail, pela primeira linha da mensagem, pelo motivo real de contato. N\u00e3o \u00e9 sobre criatividade vazia, mas sobre conex\u00e3o genu\u00edna. \u201cEu tenho um motivo verdadeiro, eu me conecto com a pessoa e n\u00e3o enrolo a pessoa sobre o meu motivo de contato\u201d, resumiu J\u00e9ssica.<\/p>\n\n\n\n<p>Personaliza\u00e7\u00e3o, criatividade e repert\u00f3rio cultural aparecem como diferenciais claros. Desde mensagens simples que geram curiosidade at\u00e9 a\u00e7\u00f5es mais elaboradas, como v\u00eddeos personalizados ou refer\u00eancias a interesses reais do prospect. <strong>\u201cLeads s\u00e3o pessoas\u201d<\/strong>, refor\u00e7ou Gustavo em um dos momentos mais comentados do webinar.<\/p>\n\n\n\n<h2><strong>Organiza\u00e7\u00e3o, foco e multicanalidade<\/strong><\/h2>\n\n\n\n<p>Na parte final, o debate entrou na rotina pr\u00e1tica de quem prospecta. E a recomenda\u00e7\u00e3o foi: organiza\u00e7\u00e3o por blocos de tempo. Separar execu\u00e7\u00e3o de planejamento, evitar trocas constantes de contexto e criar rotinas claras foi apontado como essencial para manter a produtividade real.<\/p>\n\n\n\n<p>Quando o tema foi <a href=\"https:\/\/www.agendor.com.br\/blog\/cold-calling\/\" target=\"_blank\" rel=\"noreferrer noopener\">liga\u00e7\u00e3o fria<\/a>, Fernanda trouxe um dado importante: uma taxa de conex\u00e3o em torno de 10% \u00e9 muito comum hoje. \u201cSe ele est\u00e1 com 15%, eu diria at\u00e9 que t\u00e1 bom\u201d, afirmou. Mais importante do que aumentar chamadas \u00e9 trabalhar multicanalidade, higiene de dados e relev\u00e2ncia do contato.<\/p>\n\n\n\n<p>Telefone, WhatsApp, e-mail, Linkedin, eventos e at\u00e9 intera\u00e7\u00f5es presenciais fazem parte de uma cad\u00eancia moderna. Apostar tudo em um \u00fanico canal, especialmente sem contexto, tornou-se um risco alto demais.<\/p>\n\n\n\n<h2><strong>Preparar 2026 come\u00e7a agora<\/strong><\/h2>\n\n\n\n<p>Ao final do webinar, ficou evidente que preparar a opera\u00e7\u00e3o de prospec\u00e7\u00e3o para <a href=\"https:\/\/www.agendor.com.br\/blog\/tendencias-de-vendas-para-2026\/\" target=\"_blank\" rel=\"noreferrer noopener\">2026<\/a> n\u00e3o \u00e9 sobre prever o futuro, mas sobre ajustar o presente. \u00c9 entender que tecnologia sozinha n\u00e3o resolve, volume sem estrat\u00e9gia cansa e que, no centro de qualquer processo comercial, continuam existindo pessoas.<\/p>\n\n\n\n<p>Como resumiu Fernanda, \u201c\u00e9 confiar no processo tamb\u00e9m\u201d. Para quem atua em vendas B2B, a mensagem foi clara: quem se adapta, estuda, amplia repert\u00f3rio e entende o novo papel da prospec\u00e7\u00e3o vai seguir relevante. Quem insiste em repetir f\u00f3rmulas antigas, n\u00e3o.<\/p>\n\n\n\n<h2><strong>Desenvolva suas habilidades em prospec\u00e7\u00e3o<\/strong><\/h2>\n\n\n\n<p>J\u00e9ssica Bosco e Fernanda Garcia, junto com Thayse Miranda, j\u00e1 lideraram mais de 100 profissionais e geraram mais de R$ 1 bilh\u00e3o em pipeline qualificado para vendas.<\/p>\n\n\n\n<p>As tr\u00eas estrategistas s\u00e3o as professoras por tr\u00e1s da Academia Rapport, fundada com um objetivo claro: desenvolver times e profissionais de pr\u00e9-vendas, atrav\u00e9s de educa\u00e7\u00e3o de excel\u00eancia.<\/p>\n\n\n\n<p>A <a href=\"https:\/\/academiarapport.com\/\" target=\"_blank\" rel=\"noreferrer noopener\">Academia Rapport<\/a> oferece consultoria, treinamentos e uma comunidade para quem prospecta e para l\u00edderes comerciais.\u00a0<\/p>\n\n\n\n<h2><strong>Organize sua prospec\u00e7\u00e3o com um CRM completo<\/strong><\/h2>\n\n\n\n<p>O webinar deixou claro que prospec\u00e7\u00e3o que funciona n\u00e3o se sustenta no improviso. E, sem um lugar \u00fanico para organizar todas as etapas do processo comercial, a tend\u00eancia \u00e9 perder o controle. Consequentemente, vendas!<\/p>\n\n\n\n<p>\u00c9 aqui que entra a import\u00e2ncia de um CRM: n\u00e3o como \u201cmais uma ferramenta\u201d, mas como a base para transformar esses insights em rotina.<\/p>\n\n\n\n<p>Com o <strong>Agendor CRM<\/strong>, voc\u00ea consegue:<\/p>\n\n\n\n<ul><li><strong>Organizar o funil<\/strong> e enxergar, com clareza, em que etapa cada oportunidade est\u00e1 (e o que falta para avan\u00e7ar).<\/li><li><strong>Estruturar cad\u00eancias e fluxos<\/strong> de follow-up, evitando que conversas promissoras morram por esquecimento ou falta de pr\u00f3xima a\u00e7\u00e3o definida.<\/li><li><strong>Registrar intera\u00e7\u00f5es e contexto<\/strong> (liga\u00e7\u00f5es, mensagens, e-mails, reuni\u00f5es), garantindo que a abordagem seja realmente relevante.<\/li><li><strong>Padronizar o processo<\/strong> sem engessar, criando consist\u00eancia para o time e, ao mesmo tempo, permitindo adapta\u00e7\u00e3o.<\/li><li><strong>Ter hist\u00f3rico e intelig\u00eancia comercial<\/strong>, para aprender com o que funciona, corrigir o que n\u00e3o funciona e evoluir a opera\u00e7\u00e3o com dados reais.<\/li><\/ul>\n\n\n\n<p>Se a sua meta \u00e9 entrar em 2026 com uma <strong>prospec\u00e7\u00e3o mais estrat\u00e9gica, previs\u00edvel e conectada com o que o mercado exige<\/strong>, o primeiro passo \u00e9 ter um lugar para centralizar e dar tra\u00e7\u00e3o a esse processo.<\/p>\n\n\n\n<p><strong><a href=\"https:\/\/web.agendor.com.br\/cadastro\/\"><strong>Crie seu cadastro gratuito no Agendor<\/strong><\/a> e comece a estruturar sua opera\u00e7\u00e3o.<\/strong><\/p>\n","protected":false},"excerpt":{"rendered":"<p>A prospec\u00e7\u00e3o sempre foi um dos maiores gargalos das vendas B2B. E, ao contr\u00e1rio do que muitos imaginam, esse desafio n\u00e3o diminuiu com o avan\u00e7o da tecnologia, da automa\u00e7\u00e3o ou da intelig\u00eancia artificial. Preparar a opera\u00e7\u00e3o de prospec\u00e7\u00e3o para 2026 exige muito mais do que volume, roteiro ou ferramentas novas. Esse foi o ponto de [&hellip;]<\/p>\n","protected":false},"author":48,"featured_media":55147,"comment_status":"closed","ping_status":"closed","sticky":false,"template":"","format":"standard","meta":[],"categories":[886],"tags":[],"lista-de-leitura":[],"listas_de_leitura":[],"yoast_head":"<!-- This site is optimized with the Yoast SEO plugin v16.6.1 - https:\/\/yoast.com\/wordpress\/plugins\/seo\/ -->\n<title>Como preparar sua opera\u00e7\u00e3o de prospec\u00e7\u00e3o 2026<\/title>\n<meta name=\"description\" content=\"Preparar a prospec\u00e7\u00e3o 2026 exige mais do que roteiro ou ferramentas. Veja as dicas de J\u00e9ssica Bosco, Fernanda Garcia e Gustavo Gomes.\" \/>\n<meta name=\"robots\" content=\"index, follow, max-snippet:-1, max-image-preview:large, max-video-preview:-1\" \/>\n<link rel=\"canonical\" href=\"https:\/\/www.agendor.com.br\/blog\/como-preparar-sua-prospeccao-para-2026\/\" \/>\n<meta property=\"og:locale\" content=\"pt_BR\" \/>\n<meta property=\"og:type\" content=\"article\" \/>\n<meta property=\"og:title\" content=\"Como preparar sua opera\u00e7\u00e3o de prospec\u00e7\u00e3o 2026\" \/>\n<meta property=\"og:description\" content=\"Preparar a prospec\u00e7\u00e3o 2026 exige mais do que roteiro ou ferramentas. Veja as dicas de J\u00e9ssica Bosco, Fernanda Garcia e Gustavo Gomes.\" \/>\n<meta property=\"og:url\" content=\"https:\/\/www.agendor.com.br\/blog\/como-preparar-sua-prospeccao-para-2026\/\" \/>\n<meta property=\"og:site_name\" content=\"Blog Agendor\" \/>\n<meta property=\"article:publisher\" content=\"https:\/\/www.facebook.com\/agendor\" \/>\n<meta property=\"article:author\" content=\"https:\/\/s3-sa-east-1.amazonaws.com\/agendor-materiais\/autores\/gustavo-gomes.gif\" \/>\n<meta property=\"article:published_time\" content=\"2025-12-12T22:11:38+00:00\" \/>\n<meta property=\"article:modified_time\" content=\"2025-12-12T22:11:53+00:00\" \/>\n<meta property=\"og:image\" content=\"https:\/\/agendor-blog-uploads.s3.sa-east-1.amazonaws.com\/2025\/12\/12185147\/0312-Artigo-Webinar-Prospeccao-2026.png\" \/>\n\t<meta property=\"og:image:width\" content=\"800\" \/>\n\t<meta property=\"og:image:height\" content=\"600\" \/>\n<meta name=\"twitter:card\" content=\"summary_large_image\" \/>\n<meta name=\"twitter:label1\" content=\"Est. reading time\" \/>\n\t<meta name=\"twitter:data1\" content=\"7 minutos\" \/>\n<!-- \/ Yoast SEO plugin. -->","_links":{"self":[{"href":"https:\/\/www.agendor.com.br\/blog\/wp-json\/wp\/v2\/posts\/55146"}],"collection":[{"href":"https:\/\/www.agendor.com.br\/blog\/wp-json\/wp\/v2\/posts"}],"about":[{"href":"https:\/\/www.agendor.com.br\/blog\/wp-json\/wp\/v2\/types\/post"}],"author":[{"embeddable":true,"href":"https:\/\/www.agendor.com.br\/blog\/wp-json\/wp\/v2\/users\/48"}],"replies":[{"embeddable":true,"href":"https:\/\/www.agendor.com.br\/blog\/wp-json\/wp\/v2\/comments?post=55146"}],"version-history":[{"count":0,"href":"https:\/\/www.agendor.com.br\/blog\/wp-json\/wp\/v2\/posts\/55146\/revisions"}],"wp:featuredmedia":[{"embeddable":true,"href":"https:\/\/www.agendor.com.br\/blog\/wp-json\/wp\/v2\/media\/55147"}],"wp:attachment":[{"href":"https:\/\/www.agendor.com.br\/blog\/wp-json\/wp\/v2\/media?parent=55146"}],"wp:term":[{"taxonomy":"category","embeddable":true,"href":"https:\/\/www.agendor.com.br\/blog\/wp-json\/wp\/v2\/categories?post=55146"},{"taxonomy":"post_tag","embeddable":true,"href":"https:\/\/www.agendor.com.br\/blog\/wp-json\/wp\/v2\/tags?post=55146"},{"taxonomy":"lista-de-leitura","embeddable":true,"href":"https:\/\/www.agendor.com.br\/blog\/wp-json\/wp\/v2\/lista-de-leitura?post=55146"},{"taxonomy":"listas_de_leitura","embeddable":true,"href":"https:\/\/www.agendor.com.br\/blog\/wp-json\/wp\/v2\/listas_de_leitura?post=55146"}],"curies":[{"name":"wp","href":"https:\/\/api.w.org\/{rel}","templated":true}]}}