{"id":50806,"date":"2024-08-13T13:24:19","date_gmt":"2024-08-13T16:24:19","guid":{"rendered":"https:\/\/www.agendor.com.br\/blog\/?p=50806"},"modified":"2024-09-27T16:49:24","modified_gmt":"2024-09-27T19:49:24","slug":"case-awg-service","status":"publish","type":"post","link":"https:\/\/www.agendor.com.br\/blog\/case-awg-service\/","title":{"rendered":"Como o Agendor levou praticidade e padroniza\u00e7\u00e3o ao contexto industrial da AWG Service"},"content":{"rendered":"\n<p>H\u00e1 mais de 7 anos no mercado, a <a href=\"https:\/\/awgservice.com.br\/\" target=\"_blank\" rel=\"noreferrer noopener\">AWG Service<\/a> \u00e9 especialista na efici\u00eancia de equipamentos industriais. Sua hist\u00f3ria come\u00e7ou com Leonardo Martins, hoje CEO da empresa, e seu pai, em Hortol\u00e2ndia, com a ajuda de apenas quatro colaboradores.<\/p>\n\n\n\n<h3 class=\"titleKeyTakeaways\">Principais destaques deste case<\/h3>\n\n\n\n<ul class=\"keyTakeaways\"><li>&#8220;Nosso primeiro grande problema era a <strong>falha na comunica\u00e7\u00e3o<\/strong>. Quando n\u00e3o existe uma padroniza\u00e7\u00e3o, voc\u00ea n\u00e3o tem uma continuidade. V\u00e1rios pontos acabam se perdendo.&#8221;<\/li><li>&#8220;A empresa n\u00e3o vive sem venda, mas venda <strong>vive sem organiza\u00e7\u00e3o?<\/strong> Tamb\u00e9m n\u00e3o.&#8221;<\/li><li>&#8220;O que fez escolhermos o Agendor foi <strong>a praticidade, a facilidade e, principalmente, a coer\u00eancia com o nosso universo<\/strong>, mais industrial.&#8221;<\/li><li>&#8220;O cliente tamb\u00e9m percebeu uma <strong>padroniza\u00e7\u00e3o no processo<\/strong>. Desde o primeiro contato, a experi\u00eancia do cliente at\u00e9 a venda. Ficou bem mais profissional.&#8221;<\/li><li>Implemente um CRM pr\u00e1tico e f\u00e1cil para alavancar seus resultados comerciais, assim como fez a AWG Service. Fa\u00e7a seu cadastro e <a href=\"https:\/\/web.agendor.com.br\/cadastro\/?cta=blog-principais-aprendizados\">teste gr\u00e1tis o <\/a><a href=\"https:\/\/web.agendor.com.br\/cadastro\/?cta=blog-principais-aprendizados\" target=\"_blank\" rel=\"noreferrer noopener\">Agendor<\/a>!<\/li><\/ul>\n\n\n\n<p>Com opera\u00e7\u00e3o em todo o Brasil e hoje com 50 funcion\u00e1rios, a AWG Service vive um momento de crescimento, com forte investimento no <a href=\"https:\/\/www.agendor.com.br\/blog\/alta-performance-em-vendas\/\" target=\"_blank\" rel=\"noreferrer noopener\">time comercial<\/a>. O objetivo \u00e9 deixar de ser s\u00f3 uma empresa de manuten\u00e7\u00e3o e desenvolver um grupo maior, que atenda a <a href=\"https:\/\/www.agendor.com.br\/blog\/tecnicas-vendas-industriais\/\" target=\"_blank\" rel=\"noreferrer noopener\">ind\u00fastria<\/a> de forma completa.<\/p>\n\n\n\n<p>Conversamos com Leonardo Martins sobre os desafios do time comercial da AWG Service, como foi a escolha e implementa\u00e7\u00e3o do Agendor e quais impactos ele v\u00ea no dia a dia dos vendedores e nos resultados do neg\u00f3cio. Confira!<\/p>\n\n\n\n<figure class=\"wp-block-image size-large\"><img width=\"1600\" height=\"1200\" src=\"https:\/\/agendor-blog-uploads.s3.sa-east-1.amazonaws.com\/2024\/08\/13132101\/Equipe-AWG-Service.jpg\" alt=\"\" class=\"wp-image-50811\" srcset=\"https:\/\/agendor-blog-uploads.s3.sa-east-1.amazonaws.com\/2024\/08\/13132101\/Equipe-AWG-Service.jpg 1600w, https:\/\/agendor-blog-uploads.s3.sa-east-1.amazonaws.com\/2024\/08\/13132101\/Equipe-AWG-Service-640x480.jpg 640w, https:\/\/agendor-blog-uploads.s3.sa-east-1.amazonaws.com\/2024\/08\/13132101\/Equipe-AWG-Service-768x576.jpg 768w, https:\/\/agendor-blog-uploads.s3.sa-east-1.amazonaws.com\/2024\/08\/13132101\/Equipe-AWG-Service-1536x1152.jpg 1536w\" sizes=\"(max-width: 1600px) 100vw, 1600px\" \/><figcaption>Equipe AWG Service<\/figcaption><\/figure>\n\n\n\n<h2>Como era feita a gest\u00e3o comercial antes do Agendor?<\/h2>\n\n\n\n<p><strong>Leonardo Martins<\/strong> &#8211; A gest\u00e3o comercial sempre foi feita via <a href=\"https:\/\/www.agendor.com.br\/blog\/planilhas-de-vendas\/\" target=\"_blank\" rel=\"noreferrer noopener\">planilha<\/a> e um software nosso que n\u00e3o era focado em comercial, mas em gerenciamento administrativo, al\u00e9m do WhatsApp. Sempre tocamos dessa forma, que n\u00e3o \u00e9 a ideal, mas que por determinado per\u00edodo nos atendeu bem, at\u00e9 que percebemos que j\u00e1 n\u00e3o era mais suficiente.<\/p>\n\n\n\n<h2>Que problemas voc\u00eas enfrentavam antes de contratar um CRM?<\/h2>\n\n\n\n<p><strong>Leonardo Martins<\/strong> &#8211; Sempre tivemos um foco muito grande no comercial, mas sempre faltou bastante o apoio de uma ferramenta. E nesse momento de crescimento, percebemos que faltava um apoio n\u00e3o s\u00f3 de uma ferramenta, mas toda uma cultura, uma metodologia comercial.<\/p>\n\n\n\n<p>Nosso primeiro grande problema era a falha na <a href=\"https:\/\/www.agendor.com.br\/blog\/comunicacao-assincrona-em-vendas\/\" target=\"_blank\" rel=\"noreferrer noopener\">comunica\u00e7\u00e3o<\/a>. Quando n\u00e3o existe uma padroniza\u00e7\u00e3o, voc\u00ea n\u00e3o tem uma continuidade em um determinado assunto. V\u00e1rios pontos acabam se perdendo, porque o vendedor come\u00e7a mandando um e-mail, depois vai para o <a href=\"https:\/\/www.agendor.com.br\/blog\/crm-com-whatsapp-integrado\/\" target=\"_blank\" rel=\"noreferrer noopener\">WhatsApp<\/a>, depois para a conversa de corredor.<\/p>\n\n\n\n<p>O segundo ponto foi que come\u00e7amos a perceber que est\u00e1vamos deixando dinheiro na mesa. Nosso segmento \u00e9 de venda recorrente. O cliente manda o equipamento para fazermos a manuten\u00e7\u00e3o. S\u00f3 que a minha ideia \u00e9 que esse equipamento em algum momento volte para n\u00f3s, e eu n\u00e3o tinha um sistema para gerenciar esse tempo.<\/p>\n\n\n\n<p>Tem tamb\u00e9m o momento que a empresa est\u00e1 passando, de crescimento. Estamos investindo muito em cultura. Hoje eu tenho o papel de CEO aqui na empresa, ent\u00e3o sou uma pessoa que pensa muito em cultura e puxa a alavanca do crescimento.<\/p>\n\n\n\n<p>O comercial, basicamente, \u00e9 o principal setor de qualquer empresa. <strong>A empresa n\u00e3o vive sem venda, mas venda vive sem organiza\u00e7\u00e3o? Tamb\u00e9m n\u00e3o.<\/strong><\/p>\n\n\n\n<p>A partir do momento que percebemos que a empresa ia come\u00e7ar a crescer e a aumentar o time comercial, entendemos que era preciso n\u00e3o s\u00f3 um gerente e um time comercial, mas tamb\u00e9m uma ferramenta que desse condi\u00e7\u00f5es para esse time comercial trabalhar de forma coerente com os projetos que temos.<\/p>\n\n\n\n<h2>Por que escolheram o Agendor?<\/h2>\n\n\n\n<p><strong>Leonardo Martins<\/strong> &#8211; Pesquisamos bastante <a href=\"https:\/\/www.agendor.com.br\/blog\/crm-online\/\" target=\"_blank\" rel=\"noreferrer noopener\">CRM<\/a>, fomos ao mercado e conversamos com algumas empresas. Eu n\u00e3o lembrava, mas j\u00e1 tivemos o Agendor em 2018, num momento que n\u00e3o est\u00e1vamos prontos, ficamos talvez 3 ou 4 meses.<\/p>\n\n\n\n<p>N\u00e3o est\u00e1vamos maduros o suficiente para come\u00e7ar a implantar um sistema, at\u00e9 porque isso \u00e9 algo muito s\u00e9rio, precisa de dedica\u00e7\u00e3o e aten\u00e7\u00e3o, precisa mudar a cultura da empresa. Em 2018, n\u00e3o era o momento correto ainda, n\u00e3o entend\u00edamos a import\u00e2ncia de um CRM.<\/p>\n\n\n\n<p>Tivemos acesso a algumas outras ferramentas, boas, que olhamos no \u00e2mbito geral. <strong>O que fez escolhermos o Agendor foi a praticidade, a facilidade e, principalmente, a coer\u00eancia com o nosso universo, mais industrial,<\/strong> de visita no dia a dia, de ter um time comercial que tem que visitar, tem que passar relat\u00f3rio e tudo mais.<\/p>\n\n\n\n<h2>Como foi a implementa\u00e7\u00e3o do Agendor na empresa?<\/h2>\n\n\n\n<p><strong>Leonardo Martins<\/strong> &#8211; Foi muito f\u00e1cil. Quando come\u00e7amos a testar a ferramenta, foi intuitivo. E isso \u00e9 muito importante porque o time comercial precisa vender.<\/p>\n\n\n\n<p>Se voc\u00ea vem com uma ferramenta pesada onde o <a href=\"https:\/\/www.agendor.com.br\/blog\/engajar-vendedores-no-crm\/\" target=\"_blank\" rel=\"noreferrer noopener\">vendedor<\/a> n\u00e3o consegue entender, ele pensa: \u201cPreciso vender e agora tenho essa ferramenta para implantar\u201d.<\/p>\n\n\n\n<p>Come\u00e7amos a ter reuni\u00f5es semanais. Toda segunda-feira, fazemos uma reuni\u00e3o de cultura que automaticamente puxamos pelo Agendor. Falamos sobre comportamentos, como \u00e9 importante ter uma ferramenta, al\u00e9m das pautas da semana, como foi a semana anterior e como vai ser a semana atual, baseada no Agendor.<\/p>\n\n\n\n<p>Tamb\u00e9m fizemos o seguinte: a partir de tal data, todas as nossas reuni\u00f5es, nossas conversas sobre projetos e tudo mais, v\u00e3o ser baseados no Agendor. Se n\u00e3o est\u00e1 no Agendor, n\u00e3o vai ser conversado. Ent\u00e3o, automaticamente, eles come\u00e7aram a entender que a ferramenta \u00e9 boa para eles.<\/p>\n\n\n\n<p>Temos uma pessoa literalmente 100% do tempo focada no Agendor, o que \u00e9 muito importante. Quando voc\u00ea implementa um CRM e tem algu\u00e9m que \u00e9 o defensor do projeto, que est\u00e1 ali respirando isso 100% do tempo, voc\u00ea realmente chega ao sucesso mais cedo.<\/p>\n\n\n\n<p>N\u00e3o participei do <a href=\"https:\/\/www.agendor.com.br\/blog\/treinamento-vendas-industria\/\" target=\"_blank\" rel=\"noreferrer noopener\">treinamento<\/a>, mas o pessoal gostou muito. Foi muito r\u00e1pido e muito preciso. O pessoal saiu do treinamento j\u00e1 usando o Agendor, j\u00e1 sabendo o que tinha que ser feito.<\/p>\n\n\n\n<h2>O que mudou com o uso do Agendor?<\/h2>\n\n\n\n<p><strong>Leonardo Martins<\/strong> &#8211; Antes, n\u00e3o us\u00e1vamos <a href=\"https:\/\/ajuda.agendor.com.br\/pt-BR\/articles\/2659952-como-acompanhar-os-negocios-no-agendor-atraves-do-funil-de-vendas\" target=\"_blank\" rel=\"noreferrer noopener\">funil de vendas<\/a>. O vendedor estava na rua, cri\u00e1vamos uma oportunidade, automaticamente o equipamento vinha para n\u00f3s e entrava num processo comercial muito padr\u00e3o. Fazia o or\u00e7amento, mandava a proposta, no tempo de cada vendedor, acompanhava e tudo mais.<\/p>\n\n\n\n<p>A mudan\u00e7a dr\u00e1stica que tivemos foi a cria\u00e7\u00e3o do funil de vendas. Desde a cria\u00e7\u00e3o da oportunidade, a visita, envio do equipamento para n\u00f3s, envio da proposta, follow-up, at\u00e9 o fechamento ou uma justificativa para um n\u00e3o fechamento. Em duas semanas j\u00e1 tivemos bastante mudan\u00e7a.<\/p>\n\n\n\n<p><strong><em>Veja como criar um funil de vendas no Agendor:<\/em><\/strong><\/p>\n\n\n\n<figure class=\"wp-block-embed is-type-video is-provider-youtube wp-block-embed-youtube wp-embed-aspect-16-9 wp-has-aspect-ratio\"><div class=\"wp-block-embed__wrapper\">\n<iframe title=\"Funil de vendas do Agendor: como criar o seu? TUTORIAL\" width=\"500\" height=\"281\" src=\"https:\/\/www.youtube.com\/embed\/LHE-zEyoh_Y?feature=oembed\" frameborder=\"0\" allow=\"accelerometer; autoplay; clipboard-write; encrypted-media; gyroscope; picture-in-picture; web-share\" referrerpolicy=\"strict-origin-when-cross-origin\" allowfullscreen><\/iframe>\n<\/div><\/figure>\n\n\n\n<h2>Quais s\u00e3o as funcionalidades mais usadas pelo time?<\/h2>\n\n\n\n<p><strong>Leonardo Martins<\/strong> &#8211; Acredito que a ferramenta tem que trabalhar para n\u00f3s e n\u00e3o o contr\u00e1rio. E o Agendor atendeu muito esse requisito. Olhamos muito a parte do Kanban, os funis e principalmente a parte de agenda.<\/p>\n\n\n\n<p>\u00c9 algo que est\u00e1 no nosso universo. Nossos vendedores todo dia est\u00e3o dentro do cliente, fazemos visita na ind\u00fastria. O vendedor pode colocar como foi realizada a visita, coloca coment\u00e1rios, tem a praticidade tamb\u00e9m de mandar um \u00e1udio ali no coment\u00e1rio. Isso \u00e9 algo muito importante, porque o nosso vendedor est\u00e1 na correria.<\/p>\n\n\n\n<p>O que usamos mais no dia a dia \u00e9 a parte de visitas, a <a href=\"https:\/\/ajuda.agendor.com.br\/pt-BR\/articles\/2690496-como-controlar-minhas-atividades-e-compromissos-com-o-agendor\" target=\"_blank\" rel=\"noreferrer noopener\">agenda<\/a>, e as <a href=\"https:\/\/ajuda.agendor.com.br\/pt-BR\/collections\/1748939-tarefas\" target=\"_blank\" rel=\"noreferrer noopener\">tarefas<\/a>. Quando sai da visita, o vendedor j\u00e1 coloca uma nova a\u00e7\u00e3o, seja uma reuni\u00e3o, uma liga\u00e7\u00e3o, um prazo, al\u00e9m de colocar como foi.<\/p>\n\n\n\n<p><strong><em>Veja como agendar e consultar tarefas no Agendor:<\/em><\/strong><\/p>\n\n\n\n<figure class=\"wp-block-embed is-type-video is-provider-youtube wp-block-embed-youtube wp-embed-aspect-16-9 wp-has-aspect-ratio\"><div class=\"wp-block-embed__wrapper\">\n<iframe title=\"Tarefas - Como criar modelo de tarefas no Agendor?\" width=\"500\" height=\"281\" src=\"https:\/\/www.youtube.com\/embed\/-oycYYj1DGo?feature=oembed\" frameborder=\"0\" allow=\"accelerometer; autoplay; clipboard-write; encrypted-media; gyroscope; picture-in-picture; web-share\" referrerpolicy=\"strict-origin-when-cross-origin\" allowfullscreen><\/iframe>\n<\/div><\/figure>\n\n\n\n<p>Estamos numa fase de grande prospec\u00e7\u00e3o, ent\u00e3o o pessoal tem utilizado bastante a parte de liga\u00e7\u00e3o, visita e prospec\u00e7\u00e3o nesse novo funil.<\/p>\n\n\n\n<h2>Em tr\u00eas meses de uso, que resultados voc\u00eas tiveram?<\/h2>\n\n\n\n<p><strong>Leonardo Martins<\/strong> &#8211; Nosso <a href=\"https:\/\/www.agendor.com.br\/blog\/ciclo-de-vendas-longo\/\">ciclo de<\/a><a href=\"https:\/\/www.agendor.com.br\/blog\/ciclo-de-vendas-longo\/\" target=\"_blank\" rel=\"noreferrer noopener\"> <\/a><a href=\"https:\/\/www.agendor.com.br\/blog\/ciclo-de-vendas-longo\/\">vendas<\/a> \u00e9 demorado, mas tenho certeza que nos pr\u00f3ximos tr\u00eas ou quatro meses vamos come\u00e7ar a ver resultados [em n\u00fameros].&nbsp;<\/p>\n\n\n\n<p>Por exemplo, antes n\u00e3o consegu\u00edamos controlar a quantidade de contatos que um vendedor fazia com o cliente, ficava no <em>feeling<\/em>. Hoje, sabemos que esse vendedor tem que estar em contato com o cliente uma vez por semana. Ent\u00e3o, se ele n\u00e3o entra j\u00e1 fica aquela exclama\u00e7\u00e3o em vermelho na plataforma, \u00e9 a tarefa pendente.&nbsp;<\/p>\n\n\n\n<p>O cliente tamb\u00e9m percebeu uma padroniza\u00e7\u00e3o no processo. Desde o primeiro contato, a <a href=\"https:\/\/www.agendor.com.br\/blog\/qualidade-atendimento-ao-cliente\/\" target=\"_blank\" rel=\"noreferrer noopener\">experi\u00eancia do cliente<\/a> at\u00e9 a venda, agora tem um padr\u00e3o. Realmente mudou bastante, e isso foi um resultado muito coerente com o que esper\u00e1vamos. Ficou bem mais profissional.<\/p>\n\n\n\n<h2>Que conselho voc\u00ea daria para quem vai come\u00e7ar a trabalhar com CRM?<\/h2>\n\n\n\n<p><strong>Leonardo Martins<\/strong> &#8211; Primeiro, obviamente, buscar um CRM intuitivo como o Agendor, isso \u00e9 o principal. Mas mesmo sendo intuitivo, tem muita gente que erra largando a ferramenta e achando que, como m\u00e1gica, em duas semanas vai estar todo mundo utilizando, os resultados v\u00e3o vir e vai estar todo mundo sorrindo. N\u00e3o \u00e9 assim que funciona.<\/p>\n\n\n\n<p>Toda mudan\u00e7a, em qualquer \u00e2mbito da nossa vida, traz desconforto.<\/p>\n\n\n\n<p>O CRM \u00e9 uma ferramenta que traz uma solu\u00e7\u00e3o muito grande para a empresa. Mas a tend\u00eancia da equipe \u00e9 ficar um pouco na defensiva. O conselho que eu dou \u00e9 ter um l\u00edder, algu\u00e9m que vai ser nomeado como gestor do projeto.&nbsp;<\/p>\n\n\n\n<p>Implementar uma ferramenta \u00e9 um projeto tamb\u00e9m. Tem que ter um cronograma e um <a href=\"https:\/\/www.agendor.com.br\/blog\/dicas-de-lideranca\/\" target=\"_blank\" rel=\"noreferrer noopener\">l\u00edder<\/a> cobrando o time para que tenha sucesso. Gerenciar uma empresa \u00e9 como gerenciar uma creche de adultos. Quando voc\u00ea \u00e9 crian\u00e7a, nem sempre voc\u00ea quer fazer aquilo, mas os nossos pais sabem o que \u00e9 importante para n\u00f3s.<\/p>\n\n\n\n<h2>Como resumiria o Agendor em uma frase?<\/h2>\n\n\n\n<p><strong>Leonardo Martins<\/strong> &#8211; Consigo resumir em uma palavra: informa\u00e7\u00e3o. N\u00e3o t\u00ednhamos informa\u00e7\u00e3o antes e hoje temos. Isso \u00e9 o principal, porque nenhuma empresa sobrevive a longo prazo sem <a href=\"https:\/\/www.agendor.com.br\/blog\/gerenciamento-de-dados-de-clientes\/\" target=\"_blank\" rel=\"noreferrer noopener\">dados<\/a> e informa\u00e7\u00e3o.<\/p>\n\n\n\n<p>Para n\u00f3s, est\u00e1 perfeito. Estamos muito contentes. Obviamente que a ferramenta tem muitas ferramentas dentro da ferramenta, que ainda precisamos aprender a utilizar melhor. Estamos caminhando para usar o Agendor de forma completa.<\/p>\n\n\n\n<h2>Experimente gr\u00e1tis o CRM que ajudou a AWG Service<\/h2>\n\n\n\n<p>Praticidade, agilidade, rotinas organizadas e controle das informa\u00e7\u00f5es s\u00e3o s\u00f3 alguns dos benef\u00edcios do Agendor, a plataforma de CRM escolhida pela AWG Service para alavancar suas vendas. Que tal levar esses benef\u00edcios tamb\u00e9m para sua empresa?<\/p>\n\n\n\n<p><strong><em>Conhe\u00e7a nossa plataforma em menos de 3 minutos:<\/em><\/strong><\/p>\n\n\n\n<figure class=\"wp-block-embed is-type-video is-provider-youtube wp-block-embed-youtube wp-embed-aspect-16-9 wp-has-aspect-ratio\"><div class=\"wp-block-embed__wrapper\">\n<iframe title=\"DEMONSTRA\u00c7\u00c3O AGENDOR - Conhe\u00e7a nossa plataforma em 3 minutos!\" width=\"500\" height=\"281\" src=\"https:\/\/www.youtube.com\/embed\/HZYinmaTKdM?feature=oembed\" frameborder=\"0\" allow=\"accelerometer; autoplay; clipboard-write; encrypted-media; gyroscope; picture-in-picture; web-share\" referrerpolicy=\"strict-origin-when-cross-origin\" allowfullscreen><\/iframe>\n<\/div><\/figure>\n\n\n\n<p><strong>Fa\u00e7a como milhares de gestores e tenha total controle do seu processo comercial com o Agendor. <\/strong><a href=\"https:\/\/web.agendor.com.br\/cadastro\/\" target=\"_blank\" rel=\"noreferrer noopener\">Cadastre-se gratuitamente<\/a><strong> e teste nossos recursos!<\/strong><\/p>\n","protected":false},"excerpt":{"rendered":"<p>H\u00e1 mais de 7 anos no mercado, a AWG Service \u00e9 especialista na efici\u00eancia de equipamentos industriais. Sua hist\u00f3ria come\u00e7ou com Leonardo Martins, hoje CEO da empresa, e seu pai, em Hortol\u00e2ndia, com a ajuda de apenas quatro colaboradores. Principais destaques deste case &#8220;Nosso primeiro grande problema era a falha na comunica\u00e7\u00e3o. Quando n\u00e3o existe [&hellip;]<\/p>\n","protected":false},"author":48,"featured_media":50813,"comment_status":"closed","ping_status":"closed","sticky":false,"template":"","format":"standard","meta":[],"categories":[881],"tags":[17,796],"lista-de-leitura":[],"listas_de_leitura":[],"yoast_head":"<!-- This site is optimized with the Yoast SEO plugin v16.6.1 - https:\/\/yoast.com\/wordpress\/plugins\/seo\/ -->\n<title>Case AWG Service + Agendor: praticidade no contexto industrial<\/title>\n<meta name=\"description\" content=\"CEO da AWG Service fala sobre a escolha e implementa\u00e7\u00e3o do Agendor e os impactos no dia a dia dos vendedores e nos resultados do neg\u00f3cio.\" \/>\n<meta name=\"robots\" content=\"index, follow, max-snippet:-1, max-image-preview:large, max-video-preview:-1\" \/>\n<link rel=\"canonical\" href=\"https:\/\/www.agendor.com.br\/blog\/case-awg-service\/\" \/>\n<meta property=\"og:locale\" content=\"pt_BR\" \/>\n<meta property=\"og:type\" content=\"article\" \/>\n<meta property=\"og:title\" content=\"Case AWG Service + Agendor: praticidade no contexto industrial\" \/>\n<meta property=\"og:description\" content=\"CEO da AWG Service fala sobre a escolha e implementa\u00e7\u00e3o do Agendor e os impactos no dia a dia dos vendedores e nos resultados do neg\u00f3cio.\" \/>\n<meta property=\"og:url\" content=\"https:\/\/www.agendor.com.br\/blog\/case-awg-service\/\" \/>\n<meta property=\"og:site_name\" content=\"Blog Agendor\" \/>\n<meta property=\"article:publisher\" content=\"https:\/\/www.facebook.com\/agendor\" \/>\n<meta property=\"article:author\" content=\"https:\/\/s3-sa-east-1.amazonaws.com\/agendor-materiais\/autores\/gustavo-gomes.gif\" \/>\n<meta property=\"article:published_time\" content=\"2024-08-13T16:24:19+00:00\" \/>\n<meta property=\"article:modified_time\" content=\"2024-09-27T19:49:24+00:00\" \/>\n<meta property=\"og:image\" content=\"https:\/\/agendor-blog-uploads.s3.sa-east-1.amazonaws.com\/2024\/08\/13132408\/case-AWG-Service-e-agendor.jpg\" \/>\n\t<meta property=\"og:image:width\" content=\"1920\" \/>\n\t<meta property=\"og:image:height\" content=\"1276\" \/>\n<meta name=\"twitter:card\" content=\"summary_large_image\" \/>\n<meta name=\"twitter:label1\" content=\"Est. reading time\" \/>\n\t<meta name=\"twitter:data1\" content=\"8 minutos\" \/>\n<!-- \/ Yoast SEO plugin. -->","_links":{"self":[{"href":"https:\/\/www.agendor.com.br\/blog\/wp-json\/wp\/v2\/posts\/50806"}],"collection":[{"href":"https:\/\/www.agendor.com.br\/blog\/wp-json\/wp\/v2\/posts"}],"about":[{"href":"https:\/\/www.agendor.com.br\/blog\/wp-json\/wp\/v2\/types\/post"}],"author":[{"embeddable":true,"href":"https:\/\/www.agendor.com.br\/blog\/wp-json\/wp\/v2\/users\/48"}],"replies":[{"embeddable":true,"href":"https:\/\/www.agendor.com.br\/blog\/wp-json\/wp\/v2\/comments?post=50806"}],"version-history":[{"count":0,"href":"https:\/\/www.agendor.com.br\/blog\/wp-json\/wp\/v2\/posts\/50806\/revisions"}],"wp:featuredmedia":[{"embeddable":true,"href":"https:\/\/www.agendor.com.br\/blog\/wp-json\/wp\/v2\/media\/50813"}],"wp:attachment":[{"href":"https:\/\/www.agendor.com.br\/blog\/wp-json\/wp\/v2\/media?parent=50806"}],"wp:term":[{"taxonomy":"category","embeddable":true,"href":"https:\/\/www.agendor.com.br\/blog\/wp-json\/wp\/v2\/categories?post=50806"},{"taxonomy":"post_tag","embeddable":true,"href":"https:\/\/www.agendor.com.br\/blog\/wp-json\/wp\/v2\/tags?post=50806"},{"taxonomy":"lista-de-leitura","embeddable":true,"href":"https:\/\/www.agendor.com.br\/blog\/wp-json\/wp\/v2\/lista-de-leitura?post=50806"},{"taxonomy":"listas_de_leitura","embeddable":true,"href":"https:\/\/www.agendor.com.br\/blog\/wp-json\/wp\/v2\/listas_de_leitura?post=50806"}],"curies":[{"name":"wp","href":"https:\/\/api.w.org\/{rel}","templated":true}]}}