{"id":50693,"date":"2024-08-01T14:16:55","date_gmt":"2024-08-01T17:16:55","guid":{"rendered":"https:\/\/www.agendor.com.br\/blog\/?p=50693"},"modified":"2024-08-01T14:17:01","modified_gmt":"2024-08-01T17:17:01","slug":"estrategias-eficazes-comunicacao-empresas-b2b","status":"publish","type":"post","link":"https:\/\/www.agendor.com.br\/blog\/estrategias-eficazes-comunicacao-empresas-b2b\/","title":{"rendered":"Estrat\u00e9gias eficazes de comunica\u00e7\u00e3o organizacional em empresas B2B"},"content":{"rendered":"\n<p>A comunica\u00e7\u00e3o organizacional \u00e9 fundamental para o sucesso de qualquer empresa, especialmente no contexto B2B, onde a clareza, a consist\u00eancia e o alinhamento das mensagens s\u00e3o essenciais para construir e manter relacionamentos s\u00f3lidos.&nbsp;<\/p>\n\n\n\n<p>Neste artigo, entenda a import\u00e2ncia dela no ambiente corporativo, a diferen\u00e7a entre a comunica\u00e7\u00e3o interna e externa, as ferramentas eficazes para a sua aplica\u00e7\u00e3o e exemplos de sucesso.<\/p>\n\n\n\n<h3 class=\"titleKeyTakeaways\"><strong>Principais aprendizados deste artigo:<\/strong><\/h3>\n\n\n\n<ul class=\"keyTakeaways\"><li>Definir os objetivos de comunica\u00e7\u00e3o \u00e9 o primeiro passo para alinhar mensagens e estes devem estar alinhados com a <a href=\"https:\/\/www.agendor.com.br\/blog\/missao-visao-valores-empresas\/?cta=blog-principais-aprendizados\" target=\"_blank\" rel=\"noreferrer noopener\">miss\u00e3o, vis\u00e3o e valores<\/a> da empresa.<\/li><li>Entender e segmentar o <a href=\"https:\/\/www.agendor.com.br\/blog\/tipos-de-publico-alvo\/?cta=blog-principais-aprendizados\" target=\"_blank\" rel=\"noreferrer noopener\">p\u00fablico-alvo<\/a> \u00e9 crucial para adaptar as mensagens e garantir que elas ressoem com os destinat\u00e1rios.&nbsp;<\/li><li>A <a href=\"https:\/\/www.agendor.com.br\/blog\/ferramentas-comunicacao-interna-online\/?cta=blog-principais-aprendizados\" target=\"_blank\" rel=\"noreferrer noopener\">comunica\u00e7\u00e3o interna<\/a> eficaz mant\u00e9m os colaboradores informados, engajados e alinhados com os objetivos da empresa.<\/li><li>Um <a href=\"https:\/\/www.agendor.com.br\/blog\/para-que-serve-um-sistema-de-crm\/?cta=blog-principais-aprendizados\" target=\"_blank\" rel=\"noreferrer noopener\">sistema de CRM<\/a>, como Agendor, ajuda a gerenciar a comunica\u00e7\u00e3o com clientes e prospects, centralizando informa\u00e7\u00f5es e melhorando o atendimento.<\/li><li>Para se aprofundar neste assunto, depois de ler o artigo, baixe nosso ebook gratuito: <a href=\"https:\/\/materiais.agendor.com.br\/kpi-indicadores-desempenho-equipe-vendas?cta=blog-principais-aprendizados\" target=\"_blank\" rel=\"noreferrer noopener\">KPIs de Vendas<\/a>.<\/li><\/ul>\n\n\n\n<h2>Como alinhar mensagens e objetivos na comunica\u00e7\u00e3o organizacional?<\/h2>\n\n\n\n<p>Implementando algumas estrat\u00e9gias, a organiza\u00e7\u00e3o pode garantir que suas mensagens estejam alinhadas com seus objetivos, promovendo uma comunica\u00e7\u00e3o eficaz e um ambiente de trabalho mais coeso e produtivo.<\/p>\n\n\n\n<h3>Defina os objetivos da comunica\u00e7\u00e3o<\/h3>\n\n\n\n<p>Definir claramente os objetivos de comunica\u00e7\u00e3o \u00e9 o primeiro passo para alinhar mensagens e garantir que todos os membros da organiza\u00e7\u00e3o compreendam e compartilhem a mesma vis\u00e3o.&nbsp;<\/p>\n\n\n\n<p><strong>Esses objetivos devem estar alinhados com a miss\u00e3o, vis\u00e3o e valores da empresa, al\u00e9m de serem mensur\u00e1veis e alcan\u00e7\u00e1veis.<\/strong><\/p>\n\n\n\n<h3>Crie mensagens consistentes<\/h3>\n\n\n\n<p><strong>Para que a comunica\u00e7\u00e3o seja eficaz, as mensagens devem ser consistentes em todos os canais e pontos de contato.<\/strong>&nbsp;<\/p>\n\n\n\n<p>Isso significa que todas as comunica\u00e7\u00f5es, sejam elas internas ou externas, devem refletir os mesmos valores e objetivos, proporcionando uma imagem coesa e confi\u00e1vel da empresa.<\/p>\n\n\n\n<h3>Segmente o p\u00fablico-alvo<\/h3>\n\n\n\n<p>Entender e segmentar o p\u00fablico-alvo \u00e9 crucial para adaptar as mensagens e garantir que elas ressoem com os destinat\u00e1rios.&nbsp;<\/p>\n\n\n\n<p>Diferentes p\u00fablicos (clientes, colaboradores, parceiros, investidores) podem ter necessidades e expectativas diferentes, e a comunica\u00e7\u00e3o deve ser ajustada de acordo com essas vari\u00e1veis.<\/p>\n\n\n\n<h3>D\u00ea<em> feedbacks<\/em> cont\u00ednuos<\/h3>\n\n\n\n<p>Estabelecer canais de <em>feedback<\/em> \u00e9 essencial para medir a efic\u00e1cia da comunica\u00e7\u00e3o e fazer os ajustes necess\u00e1rios. Isso permite \u00e0 empresa responder rapidamente a problemas e oportunidades, mantendo a comunica\u00e7\u00e3o relevante e eficaz.<\/p>\n\n\n\n<h2>Qual \u00e9 a import\u00e2ncia da comunica\u00e7\u00e3o interna e externa em empresas B2B?<\/h2>\n\n\n\n<p>A comunica\u00e7\u00e3o interna e externa \u00e9 essencial para o sucesso das empresas B2B. Ela assegura que os colaboradores estejam alinhados com os objetivos da empresa, melhora a produtividade, constr\u00f3i uma cultura organizacional forte, fortalece as rela\u00e7\u00f5es com clientes e parceiros e ajuda a gerenciar crises de forma eficaz.<\/p>\n\n\n\n<h3>Comunica\u00e7\u00e3o interna<\/h3>\n\n\n\n<p>A comunica\u00e7\u00e3o interna \u00e9 crucial, pois influencia na efici\u00eancia operacional, no engajamento dos colaboradores e na capacidade da empresa de atingir seus objetivos estrat\u00e9gicos.<\/p>\n\n\n\n<figure class=\"wp-block-image size-large\"><img width=\"650\" height=\"1688\" src=\"https:\/\/agendor-blog-uploads.s3.sa-east-1.amazonaws.com\/2021\/09\/12111051\/como-resolver-conflitos-na-equipe-trabalho-agendor.png\" alt=\"como resolver conflitos na equipe de trabalho\" class=\"wp-image-40797\" srcset=\"https:\/\/agendor-blog-uploads.s3.sa-east-1.amazonaws.com\/2021\/09\/12111051\/como-resolver-conflitos-na-equipe-trabalho-agendor.png 650w, https:\/\/agendor-blog-uploads.s3.sa-east-1.amazonaws.com\/2021\/09\/12111051\/como-resolver-conflitos-na-equipe-trabalho-agendor-246x640.png 246w, https:\/\/agendor-blog-uploads.s3.sa-east-1.amazonaws.com\/2021\/09\/12111051\/como-resolver-conflitos-na-equipe-trabalho-agendor-591x1536.png 591w\" sizes=\"(max-width: 650px) 100vw, 650px\" \/><\/figure>\n\n\n\n<h4>Engajamento dos colaboradores<\/h4>\n\n\n\n<p><strong>A comunica\u00e7\u00e3o interna eficaz mant\u00e9m os colaboradores informados, engajados e alinhados com os objetivos da empresa. <\/strong>Isso melhora a moral e a <a href=\"https:\/\/www.agendor.com.br\/blog\/como-aumentar-minha-produtividade\/\" target=\"_blank\" rel=\"noreferrer noopener\">produtividade<\/a>, criando um ambiente de trabalho mais coeso e colaborativo.<\/p>\n\n\n\n<h4>Cultura organizacional<\/h4>\n\n\n\n<p>Uma comunica\u00e7\u00e3o clara e consistente refor\u00e7a a cultura organizacional, ajudando a disseminar os valores e pr\u00e1ticas desejados em toda a empresa.<\/p>\n\n\n\n<h4>Gest\u00e3o de mudan\u00e7as<\/h4>\n\n\n\n<p><strong>Durante os per\u00edodos de mudan\u00e7a, uma comunica\u00e7\u00e3o interna robusta \u00e9 crucial para manter os colaboradores informados e minimizar a resist\u00eancia.<\/strong><\/p>\n\n\n\n<h3>Comunica\u00e7\u00e3o externa<\/h3>\n\n\n\n<p>A comunica\u00e7\u00e3o externa \u00e9 vital para empresas B2B, porque molda a percep\u00e7\u00e3o da organiza\u00e7\u00e3o no mercado, fortalece rela\u00e7\u00f5es estrat\u00e9gicas, proporciona uma vantagem competitiva, facilita a gest\u00e3o de crises e proporciona <em>feedback<\/em> para a melhoria cont\u00ednua.<\/p>\n\n\n\n<h4>Imagem e reputa\u00e7\u00e3o<\/h4>\n\n\n\n<p><strong>A comunica\u00e7\u00e3o externa eficaz ajuda a construir e manter uma imagem positiva da empresa no mercado. <\/strong>Isso inclui:<\/p>\n\n\n\n<ul><li>rela\u00e7\u00f5es p\u00fablicas;<\/li><li>marketing;<\/li><li>atendimento ao cliente;<\/li><li>rela\u00e7\u00f5es com investidores.<\/li><\/ul>\n\n\n\n<h4>Relacionamento com os clientes<\/h4>\n\n\n\n<p>Manter uma comunica\u00e7\u00e3o clara e cont\u00ednua com os clientes \u00e9 vital para construir confian\u00e7a e lealdade. Isso inclui fornecer informa\u00e7\u00f5es sobre produtos, servi\u00e7os e suporte.<\/p>\n\n\n\n<h4>Parcerias e alian\u00e7as<\/h4>\n\n\n\n<p>A comunica\u00e7\u00e3o externa bem gerida fortalece as parcerias e alian\u00e7as estrat\u00e9gicas, promovendo a colabora\u00e7\u00e3o e o crescimento m\u00fatuo.<\/p>\n\n\n\n<h2>Quais s\u00e3o as ferramentas eficazes de comunica\u00e7\u00e3o organizacional?<\/h2>\n\n\n\n<p>A escolha das ferramentas de <a href=\"https:\/\/www.agendor.com.br\/blog\/comunicacao-empresarial-para-que-serve-e-como-montar-uma-eficiente\/\" target=\"_blank\" rel=\"noreferrer noopener\">comunica\u00e7\u00e3o empresarial<\/a> deve ser baseada nas necessidades espec\u00edficas da empresa e na cultura organizacional.\u00a0<\/p>\n\n\n\n<p>O uso eficaz delas pode melhorar a efici\u00eancia, o engajamento dos colaboradores e o relacionamento com clientes e parceiros.<\/p>\n\n\n\n<h3>Intranet corporativa<\/h3>\n\n\n\n<p><strong>Uma intranet \u00e9 uma plataforma eficaz para a comunica\u00e7\u00e3o interna, permitindo que os colaboradores acessem informa\u00e7\u00f5es importantes<\/strong>, documentos e recursos de forma centralizada. Ela tamb\u00e9m facilita a colabora\u00e7\u00e3o e o compartilhamento de conhecimento.<\/p>\n\n\n\n<h3>E-mail corporativo<\/h3>\n\n\n\n<p>O e-mail \u00e9 uma ferramenta fundamental para a comunica\u00e7\u00e3o organizacional, tanto interna quanto externa. Ele permite a troca de informa\u00e7\u00f5es r\u00e1pidas e formais, sendo ideal para intera\u00e7\u00f5es importantes e registros.<\/p>\n\n\n\n<h3>Plataformas de colabora\u00e7\u00e3o<\/h3>\n\n\n\n<p><strong>Ferramentas como Slack, Microsoft Teams e Google Workspace facilitam a comunica\u00e7\u00e3o em tempo real e a colabora\u00e7\u00e3o entre equipes.<\/strong> Elas permitem a troca r\u00e1pida de mensagens, videoconfer\u00eancias e o compartilhamento de arquivos.<\/p>\n\n\n\n<h3>Redes sociais corporativas<\/h3>\n\n\n\n<p><strong>Plataformas como Yammer e Workplace by Facebook podem ser utilizadas para criar uma rede social interna<\/strong>, promovendo a intera\u00e7\u00e3o entre os colaboradores e o engajamento com a cultura da empresa.<\/p>\n\n\n\n<h3>Sistemas de Gest\u00e3o de Relacionamento com o Cliente (CRM)<\/h3>\n\n\n\n<p>Um sistema de CRM, como Agendor, ajuda a gerenciar a comunica\u00e7\u00e3o com clientes e prospects, centralizando informa\u00e7\u00f5es e melhorando o atendimento e a personaliza\u00e7\u00e3o das intera\u00e7\u00f5es.<\/p>\n\n\n\n<h2>Quais s\u00e3o os exemplos de sucesso de empresas que investiram na comunica\u00e7\u00e3o organizacional?<\/h2>\n\n\n\n<p>Diversas empresas alcan\u00e7aram o sucesso ao investir em comunica\u00e7\u00e3o organizacional, demonstrando como uma estrat\u00e9gia bem elaborada pode impulsionar o desempenho e a reputa\u00e7\u00e3o. Aqui est\u00e3o alguns exemplos que se destacaram nesse aspecto.<\/p>\n\n\n\n<h3>Microsoft<\/h3>\n\n\n\n<p>A Microsoft utiliza uma combina\u00e7\u00e3o de ferramentas de comunica\u00e7\u00e3o interna, como Yammer e Microsoft Teams, para manter seus colaboradores informados e engajados.&nbsp;<\/p>\n\n\n\n<p>A empresa tamb\u00e9m emprega uma comunica\u00e7\u00e3o externa eficaz por meio de blogs, redes sociais e rela\u00e7\u00f5es p\u00fablicas, promovendo uma imagem positiva e inovadora.<\/p>\n\n\n\n<h3>IBM<\/h3>\n\n\n\n<p>A IBM implementa uma comunica\u00e7\u00e3o interna robusta utilizando sua intranet e plataformas de colabora\u00e7\u00e3o, garantindo que os colaboradores estejam sempre informados sobre as \u00faltimas not\u00edcias e desenvolvimentos.&nbsp;<\/p>\n\n\n\n<p>Externamente, a IBM utiliza uma estrat\u00e9gia de comunica\u00e7\u00e3o integrada que inclui rela\u00e7\u00f5es p\u00fablicas, <a href=\"https:\/\/www.agendor.com.br\/blog\/marketing-digital-para-vendas\/\" target=\"_blank\" rel=\"noreferrer noopener\">marketing digital<\/a> e eventos, refor\u00e7ando sua posi\u00e7\u00e3o de lideran\u00e7a no mercado.<\/p>\n\n\n\n<h3>Google<\/h3>\n\n\n\n<p>O Google \u00e9 conhecido por sua comunica\u00e7\u00e3o interna eficaz, utilizando o Google Workspace para facilitar a colabora\u00e7\u00e3o e o compartilhamento de informa\u00e7\u00f5es.&nbsp;<\/p>\n\n\n\n<p>Al\u00e9m disso, realiza reuni\u00f5es regulares como o \u201cTGIF\u201d (<em>Thank God It\u2019s Friday<\/em>), onde a lideran\u00e7a compartilha atualiza\u00e7\u00f5es e responde a perguntas dos funcion\u00e1rios.<\/p>\n\n\n\n<p>A empresa tamb\u00e9m investe fortemente em comunica\u00e7\u00e3o externa, utilizando campanhas de marketing digital, PR e eventos para promover seus produtos e servi\u00e7os.<\/p>\n\n\n\n<figure class=\"wp-block-image size-large\"><img width=\"650\" height=\"1328\" src=\"https:\/\/agendor-blog-uploads.s3.sa-east-1.amazonaws.com\/2023\/10\/09123418\/decidir-tamanho-equipe-vendas.png\" alt=\"\" class=\"wp-image-47964\" srcset=\"https:\/\/agendor-blog-uploads.s3.sa-east-1.amazonaws.com\/2023\/10\/09123418\/decidir-tamanho-equipe-vendas.png 650w, https:\/\/agendor-blog-uploads.s3.sa-east-1.amazonaws.com\/2023\/10\/09123418\/decidir-tamanho-equipe-vendas-313x640.png 313w\" sizes=\"(max-width: 650px) 100vw, 650px\" \/><\/figure>\n\n\n\n<h2>Vale a pena criar estrat\u00e9gias para melhorar a comunica\u00e7\u00e3o organizacional?<\/h2>\n\n\n\n<p>A comunica\u00e7\u00e3o organizacional eficaz \u00e9 essencial para o sucesso das empresas B2B. Alinhar mensagens e objetivos, reconhecer a import\u00e2ncia da comunica\u00e7\u00e3o interna e externa, e utilizar as ferramentas certas s\u00e3o passos fundamentais.&nbsp;<\/p>\n\n\n\n<p>Aprender com exemplos de sucesso pode fornecer <em>insights<\/em> valiosos para melhorar suas pr\u00f3prias estrat\u00e9gias de comunica\u00e7\u00e3o e alcan\u00e7ar melhores resultados.<strong><em>Para melhorar a sua gest\u00e3o, entenda tamb\u00e9m quais KPIs todo gestor de vendas precisa acompanhar para construir times de alta performance com nosso ebook: <\/em><\/strong><a href=\"https:\/\/materiais.agendor.com.br\/kpi-indicadores-desempenho-equipe-vendas?cta=blog-principais-aprendizados\" target=\"_blank\" rel=\"noreferrer noopener\"><strong><em>KPIs de Vendas<\/em><\/strong><\/a><strong><em>.<\/em><\/strong><\/p>\n","protected":false},"excerpt":{"rendered":"<p>A comunica\u00e7\u00e3o organizacional \u00e9 fundamental para o sucesso de qualquer empresa, especialmente no contexto B2B, onde a clareza, a consist\u00eancia e o alinhamento das mensagens s\u00e3o essenciais para construir e manter relacionamentos s\u00f3lidos.&nbsp; Neste artigo, entenda a import\u00e2ncia dela no ambiente corporativo, a diferen\u00e7a entre a comunica\u00e7\u00e3o interna e externa, as ferramentas eficazes para a [&hellip;]<\/p>\n","protected":false},"author":48,"featured_media":50694,"comment_status":"closed","ping_status":"closed","sticky":false,"template":"","format":"standard","meta":[],"categories":[895],"tags":[794],"lista-de-leitura":[],"listas_de_leitura":[],"yoast_head":"<!-- This site is optimized with the Yoast SEO plugin v16.6.1 - https:\/\/yoast.com\/wordpress\/plugins\/seo\/ -->\n<title>Estrat\u00e9gias eficazes de comunica\u00e7\u00e3o organizacional em empresas B2B | Blog Agendor<\/title>\n<meta name=\"description\" content=\"Descubra a import\u00e2ncia da comunica\u00e7\u00e3o organizacional em empresas B2B, incluindo estrat\u00e9gias internas e externas, ferramentas eficazes e exemplos de sucesso.\" \/>\n<meta name=\"robots\" content=\"index, follow, max-snippet:-1, max-image-preview:large, max-video-preview:-1\" \/>\n<link rel=\"canonical\" href=\"https:\/\/www.agendor.com.br\/blog\/estrategias-eficazes-comunicacao-empresas-b2b\/\" \/>\n<meta property=\"og:locale\" content=\"pt_BR\" \/>\n<meta property=\"og:type\" content=\"article\" \/>\n<meta property=\"og:title\" content=\"Estrat\u00e9gias eficazes de comunica\u00e7\u00e3o organizacional em empresas B2B | Blog Agendor\" \/>\n<meta property=\"og:description\" content=\"Descubra a import\u00e2ncia da comunica\u00e7\u00e3o organizacional em empresas B2B, incluindo estrat\u00e9gias internas e externas, ferramentas eficazes e exemplos de sucesso.\" \/>\n<meta property=\"og:url\" content=\"https:\/\/www.agendor.com.br\/blog\/estrategias-eficazes-comunicacao-empresas-b2b\/\" \/>\n<meta property=\"og:site_name\" content=\"Blog Agendor\" \/>\n<meta property=\"article:publisher\" content=\"https:\/\/www.facebook.com\/agendor\" \/>\n<meta property=\"article:author\" content=\"https:\/\/s3-sa-east-1.amazonaws.com\/agendor-materiais\/autores\/gustavo-gomes.gif\" \/>\n<meta property=\"article:published_time\" content=\"2024-08-01T17:16:55+00:00\" \/>\n<meta property=\"article:modified_time\" content=\"2024-08-01T17:17:01+00:00\" \/>\n<meta property=\"og:image\" content=\"https:\/\/agendor-blog-uploads.s3.sa-east-1.amazonaws.com\/2024\/08\/01141625\/estrategias-eficazes-comunicacao-empresas-b2b-scaled.jpg\" \/>\n\t<meta property=\"og:image:width\" content=\"2560\" \/>\n\t<meta property=\"og:image:height\" content=\"1707\" \/>\n<meta name=\"twitter:card\" content=\"summary_large_image\" \/>\n<meta name=\"twitter:label1\" content=\"Est. reading time\" \/>\n\t<meta name=\"twitter:data1\" content=\"6 minutos\" \/>\n<!-- \/ Yoast SEO plugin. -->","_links":{"self":[{"href":"https:\/\/www.agendor.com.br\/blog\/wp-json\/wp\/v2\/posts\/50693"}],"collection":[{"href":"https:\/\/www.agendor.com.br\/blog\/wp-json\/wp\/v2\/posts"}],"about":[{"href":"https:\/\/www.agendor.com.br\/blog\/wp-json\/wp\/v2\/types\/post"}],"author":[{"embeddable":true,"href":"https:\/\/www.agendor.com.br\/blog\/wp-json\/wp\/v2\/users\/48"}],"replies":[{"embeddable":true,"href":"https:\/\/www.agendor.com.br\/blog\/wp-json\/wp\/v2\/comments?post=50693"}],"version-history":[{"count":0,"href":"https:\/\/www.agendor.com.br\/blog\/wp-json\/wp\/v2\/posts\/50693\/revisions"}],"wp:featuredmedia":[{"embeddable":true,"href":"https:\/\/www.agendor.com.br\/blog\/wp-json\/wp\/v2\/media\/50694"}],"wp:attachment":[{"href":"https:\/\/www.agendor.com.br\/blog\/wp-json\/wp\/v2\/media?parent=50693"}],"wp:term":[{"taxonomy":"category","embeddable":true,"href":"https:\/\/www.agendor.com.br\/blog\/wp-json\/wp\/v2\/categories?post=50693"},{"taxonomy":"post_tag","embeddable":true,"href":"https:\/\/www.agendor.com.br\/blog\/wp-json\/wp\/v2\/tags?post=50693"},{"taxonomy":"lista-de-leitura","embeddable":true,"href":"https:\/\/www.agendor.com.br\/blog\/wp-json\/wp\/v2\/lista-de-leitura?post=50693"},{"taxonomy":"listas_de_leitura","embeddable":true,"href":"https:\/\/www.agendor.com.br\/blog\/wp-json\/wp\/v2\/listas_de_leitura?post=50693"}],"curies":[{"name":"wp","href":"https:\/\/api.w.org\/{rel}","templated":true}]}}