{"id":50385,"date":"2024-07-10T09:00:00","date_gmt":"2024-07-10T12:00:00","guid":{"rendered":"https:\/\/www.agendor.com.br\/blog\/?p=50385"},"modified":"2024-10-18T18:11:29","modified_gmt":"2024-10-18T21:11:29","slug":"setor-comercial-escritorios-advocacia","status":"publish","type":"post","link":"https:\/\/www.agendor.com.br\/blog\/setor-comercial-escritorios-advocacia\/","title":{"rendered":"Setor comercial para escrit\u00f3rios de advocacia: crie em 7 passos"},"content":{"rendered":"\n<p>Criar um setor comercial para escrit\u00f3rios de advocacia \u00e9 uma forma de aumentar as vendas desses neg\u00f3cios e elevar o faturamento.&nbsp;<\/p>\n\n\n\n<h3 class=\"titleKeyTakeaways\">Principais aprendizados deste artigo<\/h3>\n\n\n\n<ul class=\"keyTakeaways\"><li>Montar uma <a href=\"https:\/\/www.agendor.com.br\/blog\/carteira-clientes-advocacia\/?cta=blog-principais-aprendizados\" target=\"_blank\" rel=\"noreferrer noopener\">carteira de clientes<\/a> na advocacia \u00e9 mais pr\u00e1tico e din\u00e2mico quando o escrit\u00f3rio tem um setor comercial, pois a \u00e1rea cuida especificamente da prospec\u00e7\u00e3o e p\u00f3s-venda.\u00a0<\/li><li>O departamento comercial tamb\u00e9m ajuda na <a href=\"https:\/\/www.agendor.com.br\/blog\/gestao-de-propostas-comerciais\/?cta=blog-principais-aprendizados\" target=\"_blank\" rel=\"noreferrer noopener\">gest\u00e3o de propostas comerciais<\/a>, o que deixa os advogados livres para prestarem os servi\u00e7os legais aos clientes.<\/li><li>Quanto \u00e0 tecnologia usada, um <a href=\"https:\/\/www.agendor.com.br\/blog\/crm-para-escritorios-de-advocacia\/?cta=blog-principais-aprendizados\" target=\"_blank\" rel=\"noreferrer noopener\">CRM para escrit\u00f3rios de advocacia<\/a> \u00e9 a mais indicada, pois ajuda a organizar os leads e a acompanhar todas as etapas do funil de vendas.<\/li><li><a href=\"https:\/\/web.agendor.com.br\/cadastro\/?pid=101&amp;cta=blog-principais-aprendizados\" target=\"_blank\" rel=\"noreferrer noopener\"><strong>Cadastre agora o seu escrit\u00f3rio<\/strong><\/a><strong> e teste gr\u00e1tis do CRM do Agendor.<\/strong><\/li><\/ul>\n\n\n\n<p><em>E desde quando os advogados trabalham com vendas? <\/em>Se essa foi a pergunta que passou na sua mente agora, saiba que prestar um servi\u00e7o, mesmo que jur\u00eddico, \u00e9 uma forma de venda. Afinal, \u00e9 a oferta de algo a um cliente em troca de uma remunera\u00e7\u00e3o justa, concorda?<\/p>\n\n\n\n<p>A maior diferen\u00e7a entre a cria\u00e7\u00e3o do setor comercial jur\u00eddico e de outros segmentos \u00e9 que <strong>nessa \u00e1rea, \u00e9 essencial se atentar \u00e0s diretrizes da OAB, Ordem dos Advogados<\/strong>.&nbsp;<\/p>\n\n\n\n<p>A principal est\u00e1 na <a href=\"https:\/\/www.planalto.gov.br\/ccivil_03\/leis\/l8906.htm\" target=\"_blank\" rel=\"noreferrer noopener\">Lei n\u00b0 8.906\/1994<\/a>, no artigo 34, incisos III e IV, que orienta sobre a capta\u00e7\u00e3o ativa de clientes, com intermedi\u00e1rios ou agenciadores.<\/p>\n\n\n\n<p>Al\u00e9m disso, a OAB recomenda que os advogados n\u00e3o fa\u00e7am prospec\u00e7\u00e3o de clientes via redes sociais, como o Instagram, apenas divulga\u00e7\u00f5es em car\u00e1ter informativo, e n\u00e3o publicit\u00e1rio.<\/p>\n\n\n\n<p>Respeitando essas diretrizes, basta seguir o nosso passo a passo para criar um setor comercial para escrit\u00f3rios de advocacia e aumentar as chances de fechar mais vendas de presta\u00e7\u00e3o de servi\u00e7os!<\/p>\n\n\n\n<h2>Por que um setor comercial \u00e9 importante para os escrit\u00f3rios de advocacia?<\/h2>\n\n\n\n<p><strong>O setor comercial, ou departamento comercial, \u00e9 um local criado para cuidar especificamente das vendas de uma empresa. As responsabilidades da \u00e1rea v\u00e3o desde a prospec\u00e7\u00e3o de clientes at\u00e9 o p\u00f3s-venda, e o objetivo \u00e9 gerar receita para o neg\u00f3cio a partir da oferta dos seus produtos e\/ou servi\u00e7os.&nbsp;<\/strong><\/p>\n\n\n\n<p>Logo, o prop\u00f3sito da estrutura\u00e7\u00e3o de uma equipe comercial jur\u00eddica \u00e9 <strong>ajudar os advogados a fechar mais contratos e, com isso, aumentar a carteira de clientes e o faturamento do escrit\u00f3rio.<\/strong><\/p>\n\n\n\n<p>A cria\u00e7\u00e3o do setor comercial jur\u00eddico tamb\u00e9m permite que os advogados fiquem livres para exercer sua principal fun\u00e7\u00e3o, que \u00e9 defender os interesses de quem contrata seus servi\u00e7os.<\/p>\n\n\n\n<p>Assim, ao inv\u00e9s de dedicarem tempo para criar e enviar <a href=\"https:\/\/www.agendor.com.br\/blog\/proposta-orcamento-prestacao-servicos\/\" target=\"_blank\" rel=\"noreferrer noopener\">propostas comerciais<\/a>, e gerenciar a evolu\u00e7\u00e3o dos leads, podem apenas se dedicar aos casos legais assumidos e, com isso, aumentar as chances de sucesso das suas defesas.<\/p>\n\n\n\n<p><strong><em>Extra! Confira, no infogr\u00e1fico abaixo, as sete principais etapas de um processo comercial e tenha uma vis\u00e3o melhor do quanto um setor comercial para escrit\u00f3rios de advocacia ajuda a reduzir tarefas e otimizar o dia a dia dos advogados.<\/em><\/strong><\/p>\n\n\n\n<div class=\"wp-block-image\"><figure class=\"aligncenter is-resized\"><img src=\"https:\/\/lh7-us.googleusercontent.com\/docsz\/AD_4nXf3HE8MRCHBupX-Xqa1ExJ7EzsiU-CbmQbbFh5pRUxtww3TPyy9XLOL8tP0WfOzz8VAKzkIiIvPM5bmQO6ukNvssBSHoV5erBoQFS3qmOhRA0J5YCfDdkGiKEmiYQAA4vrDTi19rfzJY6ePF3pMKA?key=DAwvhUljxdtzYtssSoFeVA\" alt=\"setor comercial escrit\u00f3rios de advocacia\" width=\"792\" height=\"1267\"\/><\/figure><\/div>\n\n\n\n<h2>Como criar um setor comercial para escrit\u00f3rios de advocacia?<\/h2>\n\n\n\n<p>Para criar um setor comercial para escrit\u00f3rios de advocacia que realmente gere os benef\u00edcios que citamos, o passo a passo mais indicado a seguir \u00e9:<\/p>\n\n\n\n<ol><li>defina o perfil do setor comercial;<\/li><li>monte a equipe de vendas;<\/li><li>treine e capacite o time comercial;<\/li><li>estabele\u00e7a e implemente processos e ferramentas;<\/li><li>determine as metas de vendas;<\/li><li>escolha indicadores de performance (KPIs);<\/li><li>acompanhe os resultados.<\/li><\/ol>\n\n\n\n<p>Vamos aos detalhes?<\/p>\n\n\n\n<h3>1. Defina o perfil do setor comercial<\/h3>\n\n\n\n<p>A defini\u00e7\u00e3o de perfil se refere a <strong>quais tipos de clientes (pessoas f\u00edsicas ou jur\u00eddicas) e segmentos pretende atender.&nbsp;<\/strong><\/p>\n\n\n\n<p>Um exemplo de escrit\u00f3rio de advocacia renomado e que tem uma carteira de clientes bastante ampla \u00e9 o <a href=\"https:\/\/www.pinheironeto.com.br\/areas-de-atuacao\" target=\"_blank\" rel=\"noreferrer noopener\">Pinheiro Neto Advogados<\/a>, com mais de 40 \u00e1reas de atua\u00e7\u00e3o.<\/p>\n\n\n\n<p>Empreendimentos como esse requerem uma gest\u00e3o de vendas jur\u00eddicas extremamente organizada e fluida, principalmente para garantir o atendimento a todos os clientes com a mesma qualidade e personaliza\u00e7\u00e3o.<\/p>\n\n\n\n<p>Sugest\u00e3o de leitura: &#8220;<a href=\"https:\/\/www.agendor.com.br\/blog\/geracao-propostas-agendor\/\" target=\"_blank\" rel=\"noreferrer noopener\">5 dicas para criar e personalizar propostas comerciais com o Agendor<\/a>&#8220;<\/p>\n\n\n\n<h3>2. Monte a equipe de vendas<\/h3>\n\n\n\n<p>Idealmente,<strong> \u00e9 preciso diversificar a estrutura\u00e7\u00e3o de equipe comercial jur\u00eddica. Isto \u00e9, contar com profissionais com diferentes especializa\u00e7\u00f5es e qualifica\u00e7\u00f5es.<\/strong> Assim, \u00e9 interessante contar com:<\/p>\n\n\n\n<ul><li>gerente de vendas;<\/li><li>representante de vendas;<\/li><li>analista de marketing jur\u00eddico;<\/li><li>gerente de relacionamento com o cliente;<\/li><li>assistente comercial;<\/li><li>consultor jur\u00eddico de vendas.<\/li><\/ul>\n\n\n\n<p>Quanto ao tamanho certo para um time de vendas de sucesso, veja como definir o seu com as dicas deste infogr\u00e1fico:<\/p>\n\n\n\n<div class=\"wp-block-image\"><figure class=\"aligncenter\"><img src=\"https:\/\/lh7-us.googleusercontent.com\/docsz\/AD_4nXfY85UrzfN_Yi0sJTsA5QUUfv2chZuFkF_bDFE3u7vT3jBetE03U0DV9WglbZ5kO7pEjIyw3_-k4dHrAd3viprV3JlPx2jizBmBHxgAfLhdzoE9_A8DsdFdjyOTSEA1HbZLcupLPsjmnRuEZON36A?key=DAwvhUljxdtzYtssSoFeVA\" alt=\"setor comercial escrit\u00f3rios de advocacia\"\/><\/figure><\/div>\n\n\n\n<h3>3. Treine e capacite o time comercial<\/h3>\n\n\n\n<p>Por mais que os profissionais de venda se mostrem altamente capacitados na contrata\u00e7\u00e3o, \u00e9 fundamental trein\u00e1-los durante a admiss\u00e3o na empresa e periodicamente, para atualizar os conhecimentos.<\/p>\n\n\n\n<p>Esse treinamento \u00e9 importante para:<\/p>\n\n\n\n<ul><li>alinhar as expectativas do escrit\u00f3rio e dos vendedores;<\/li><li>desenvolver habilidades;<\/li><li>expandir o conhecimento jur\u00eddico, essencial para as convers\u00f5es no setor;<\/li><li>orientar sobre o uso correto das tecnologias, com um <a href=\"https:\/\/www.agendor.com.br\/blog\/para-que-serve-um-sistema-de-crm\/\" target=\"_blank\" rel=\"noreferrer noopener\">CRM de vendas<\/a>;<\/li><li>gerar oportunidades de crescimento no setor comercial para os que mais se destacarem.<\/li><\/ul>\n\n\n\n<h3>4. Estabele\u00e7a e implemente processos e ferramentas&nbsp;<\/h3>\n\n\n\n<p><strong>Os <\/strong><a href=\"https:\/\/www.agendor.com.br\/blog\/processo-de-vendas\/\" target=\"_blank\" rel=\"noreferrer noopener\"><strong>processos de vendas<\/strong><\/a><strong> consistem em todas as tarefas necess\u00e1rias para fechar um neg\u00f3cio <\/strong>\u2014 no caso do setor comercial de escrit\u00f3rios de advocacia, efetivar a contrata\u00e7\u00e3o de presta\u00e7\u00e3o de servi\u00e7os e suporte legal.<\/p>\n\n\n\n<p>Cada empresa pode definir o seu pr\u00f3prio fluxo, de acordo com a complexidade do que comercializa. Por\u00e9m, em linhas gerais, o processo cont\u00e9m:<\/p>\n\n\n\n<ol><li>estudo do mercado e perfil do p\u00fablico-alvo;<\/li><li>identifica\u00e7\u00e3o das dores do cliente e de como o neg\u00f3cio pode resolv\u00ea-las;<\/li><li>cria\u00e7\u00e3o de uma apresenta\u00e7\u00e3o de proposta jur\u00eddica;<\/li><li>negocia\u00e7\u00e3o do contrato;<\/li><li>fechamento da contrata\u00e7\u00e3o.<\/li><\/ol>\n\n\n\n<p>Quanto \u00e0s ferramentas de gest\u00e3o comercial jur\u00eddica, citamos novamente o<strong> CRM, por ser uma das melhores para uma gest\u00e3o de vendas pr\u00e1tica, din\u00e2mica, otimizada e eficiente.<\/strong><\/p>\n\n\n\n<p>O motivo? Veja no infogr\u00e1fico abaixo alguns dos principais recursos que este software oferece, principalmente se for o <a href=\"https:\/\/www.agendor.com.br\/\" target=\"_blank\" rel=\"noreferrer noopener\">Agendor<\/a>.<\/p>\n\n\n\n<div class=\"wp-block-image\"><figure class=\"aligncenter is-resized\"><img src=\"https:\/\/lh7-us.googleusercontent.com\/docsz\/AD_4nXe3KdWSiOiMABNT2ptWpkXUTeaXfL-6Wtzmh0ifuge5p-1pwhZqC_KdZUOtA4u9bdxcJkx0DKAaF1HorIU_u5yLBZOPZABzmF9-ZbQkGW0PTFU83g8LUD--ucEvZTUdhZbrHxqK2muWFPe0062FqQ?key=DAwvhUljxdtzYtssSoFeVA\" alt=\"setor comercial escrit\u00f3rios de advocacia\" width=\"791\" height=\"670\"\/><\/figure><\/div>\n\n\n\n<h3>5. Determine as metas de vendas<\/h3>\n\n\n\n<p>A defini\u00e7\u00e3o de metas deve ser parte do planejamento comercial para escrit\u00f3rios de advocacia, principalmente pelo fato de impulsionar a atua\u00e7\u00e3o dos profissionais de vendas.<\/p>\n\n\n\n<p>Por\u00e9m, para gerar est\u00edmulo e engajamento ao time, \u00e9 <strong>fundamental estabelecer metas realistas e alcan\u00e7\u00e1veis<\/strong>. Do contr\u00e1rio, geram o efeito oposto.<\/p>\n\n\n\n<p>Uma boa forma de defini-las \u00e9 <strong>analisar o mercado para identificar oportunidades de vendas, e comparar esse cen\u00e1rio \u00e0 capacidade de atendimento tanto do time de vendas quanto dos advogados.<\/strong><\/p>\n\n\n\n<p>Mais orienta\u00e7\u00f5es sobre esse assunto voc\u00ea confere no artigo: &#8220;<a href=\"https:\/\/www.agendor.com.br\/blog\/como-estipular-meta-de-vendas\/\" target=\"_blank\" rel=\"noreferrer noopener\">Como estipular metas de vendas ambiciosas? Veja exemplo<\/a>&#8220;<\/p>\n\n\n\n<h3>6. Escolha indicadores de performance (KPIs)<\/h3>\n\n\n\n<p>Outra parte importante do planejamento comercial para escrit\u00f3rios de advocacia \u00e9 <strong>definir os KPIs, indicadores para monitoramento dos resultados de estrat\u00e9gias de vendas.<\/strong><\/p>\n\n\n\n<p>Alguns bons exemplos de <a href=\"https:\/\/www.agendor.com.br\/blog\/kpis-de-vendas\/\" target=\"_blank\" rel=\"noreferrer noopener\">KPIs de vendas<\/a> s\u00e3o:<\/p>\n\n\n\n<ul><li>taxa de convers\u00e3o;<\/li><li>n\u00famero de vendas;<\/li><li>oportunidades abertas e perdidas;<\/li><li>tempo de resposta ao lead;<\/li><li>taxas de convers\u00e3o entre as etapas do processo comercial;<\/li><li>dura\u00e7\u00e3o m\u00e9dia do ciclo de vendas;<\/li><li>ticket m\u00e9dio.<\/li><\/ul>\n\n\n\n<p>Entenda mais neste artigo: &#8220;<a href=\"https:\/\/www.agendor.com.br\/blog\/indicadores-de-vendas-significado\/\" target=\"_blank\" rel=\"noreferrer noopener\">Indicadores de vendas: saiba tudo sobre essas importantes ferramentas de gest\u00e3o do desempenho<\/a>&#8220;<\/p>\n\n\n\n<h3>7. Acompanhe os resultados<\/h3>\n\n\n\n<p>Para fechar este passo a passo de como criar um setor comercial para escrit\u00f3rios de advocacia de sucesso, est\u00e1 o acompanhamento dos resultados.<\/p>\n\n\n\n<p>Ap\u00f3s um tempo de estrutura\u00e7\u00e3o de equipe comercial jur\u00eddica, gere relat\u00f3rios a partir das ferramentas escolhidas e analise o n\u00famero de vendas concretizadas. Se o resultado estiver abaixo da meta estabelecida, procure os motivos com o time e veja seus pontos de dificuldade.<\/p>\n\n\n\n<p>Por vezes, pode ser alguma queda pontual de procura por suporte legal no mercado de atua\u00e7\u00e3o, a aus\u00eancia de sistemas que ajudam a evoluir os leads, ou mesmo falta de treinamento.<\/p>\n\n\n\n<p>Se for esse o caso, veja como resolver <a href=\"https:\/\/materiais.agendor.com.br\/webinar-como-treinar-atendimento-alavancar-comercial\" target=\"_blank\" rel=\"noreferrer noopener\">assistindo ao webinar exclusivo sobre como treinar equipe de atendimento e melhorar o relacionamento com os clientes<\/a>.<\/p>\n\n\n\n<p><strong>Inscreva-se agora e n\u00e3o perca essa incr\u00edvel oportunidade!<\/strong><\/p>\n","protected":false},"excerpt":{"rendered":"<p>Criar um setor comercial para escrit\u00f3rios de advocacia \u00e9 uma forma de aumentar as vendas desses neg\u00f3cios e elevar o faturamento.&nbsp; Principais aprendizados deste artigo Montar uma carteira de clientes na advocacia \u00e9 mais pr\u00e1tico e din\u00e2mico quando o escrit\u00f3rio tem um setor comercial, pois a \u00e1rea cuida especificamente da prospec\u00e7\u00e3o e p\u00f3s-venda.\u00a0 O departamento [&hellip;]<\/p>\n","protected":false},"author":48,"featured_media":50386,"comment_status":"closed","ping_status":"closed","sticky":false,"template":"","format":"standard","meta":[],"categories":[885],"tags":[944,794],"lista-de-leitura":[],"listas_de_leitura":[],"yoast_head":"<!-- This site is optimized with the Yoast SEO plugin v16.6.1 - https:\/\/yoast.com\/wordpress\/plugins\/seo\/ -->\n<title>Como criar um setor comercial para escrit\u00f3rios de advocacia?<\/title>\n<meta name=\"description\" content=\"Veja os 7 passos para criar um setor comercial para escrit\u00f3rios de advocacia, como escolha da equipe e das tecnologias, e tenha muito mais resultados!\" \/>\n<meta name=\"robots\" content=\"index, follow, max-snippet:-1, max-image-preview:large, max-video-preview:-1\" \/>\n<link rel=\"canonical\" href=\"https:\/\/www.agendor.com.br\/blog\/setor-comercial-escritorios-advocacia\/\" \/>\n<meta property=\"og:locale\" content=\"pt_BR\" \/>\n<meta property=\"og:type\" content=\"article\" \/>\n<meta property=\"og:title\" content=\"Como criar um setor comercial para escrit\u00f3rios de advocacia?\" \/>\n<meta property=\"og:description\" content=\"Veja os 7 passos para criar um setor comercial para escrit\u00f3rios de advocacia, como escolha da equipe e das tecnologias, e tenha muito mais resultados!\" \/>\n<meta property=\"og:url\" content=\"https:\/\/www.agendor.com.br\/blog\/setor-comercial-escritorios-advocacia\/\" \/>\n<meta property=\"og:site_name\" content=\"Blog Agendor\" \/>\n<meta property=\"article:publisher\" content=\"https:\/\/www.facebook.com\/agendor\" \/>\n<meta property=\"article:author\" content=\"https:\/\/s3-sa-east-1.amazonaws.com\/agendor-materiais\/autores\/gustavo-gomes.gif\" \/>\n<meta property=\"article:published_time\" content=\"2024-07-10T12:00:00+00:00\" \/>\n<meta property=\"article:modified_time\" content=\"2024-10-18T21:11:29+00:00\" \/>\n<meta property=\"og:image\" content=\"https:\/\/agendor-blog-uploads.s3.sa-east-1.amazonaws.com\/2024\/07\/01140956\/setor-comercial-escrito%CC%81rios-de-advocacia.png\" \/>\n\t<meta property=\"og:image:width\" content=\"800\" \/>\n\t<meta property=\"og:image:height\" content=\"600\" \/>\n<meta name=\"twitter:card\" content=\"summary_large_image\" \/>\n<meta name=\"twitter:label1\" content=\"Est. reading time\" \/>\n\t<meta name=\"twitter:data1\" content=\"7 minutos\" \/>\n<!-- \/ Yoast SEO plugin. -->","_links":{"self":[{"href":"https:\/\/www.agendor.com.br\/blog\/wp-json\/wp\/v2\/posts\/50385"}],"collection":[{"href":"https:\/\/www.agendor.com.br\/blog\/wp-json\/wp\/v2\/posts"}],"about":[{"href":"https:\/\/www.agendor.com.br\/blog\/wp-json\/wp\/v2\/types\/post"}],"author":[{"embeddable":true,"href":"https:\/\/www.agendor.com.br\/blog\/wp-json\/wp\/v2\/users\/48"}],"replies":[{"embeddable":true,"href":"https:\/\/www.agendor.com.br\/blog\/wp-json\/wp\/v2\/comments?post=50385"}],"version-history":[{"count":0,"href":"https:\/\/www.agendor.com.br\/blog\/wp-json\/wp\/v2\/posts\/50385\/revisions"}],"wp:featuredmedia":[{"embeddable":true,"href":"https:\/\/www.agendor.com.br\/blog\/wp-json\/wp\/v2\/media\/50386"}],"wp:attachment":[{"href":"https:\/\/www.agendor.com.br\/blog\/wp-json\/wp\/v2\/media?parent=50385"}],"wp:term":[{"taxonomy":"category","embeddable":true,"href":"https:\/\/www.agendor.com.br\/blog\/wp-json\/wp\/v2\/categories?post=50385"},{"taxonomy":"post_tag","embeddable":true,"href":"https:\/\/www.agendor.com.br\/blog\/wp-json\/wp\/v2\/tags?post=50385"},{"taxonomy":"lista-de-leitura","embeddable":true,"href":"https:\/\/www.agendor.com.br\/blog\/wp-json\/wp\/v2\/lista-de-leitura?post=50385"},{"taxonomy":"listas_de_leitura","embeddable":true,"href":"https:\/\/www.agendor.com.br\/blog\/wp-json\/wp\/v2\/listas_de_leitura?post=50385"}],"curies":[{"name":"wp","href":"https:\/\/api.w.org\/{rel}","templated":true}]}}