{"id":45934,"date":"2023-05-11T08:00:00","date_gmt":"2023-05-11T11:00:00","guid":{"rendered":"https:\/\/www.agendor.com.br\/blog\/?p=45934"},"modified":"2023-12-21T13:13:36","modified_gmt":"2023-12-21T16:13:36","slug":"crm-para-locadoras","status":"publish","type":"post","link":"https:\/\/www.agendor.com.br\/blog\/crm-para-locadoras\/","title":{"rendered":"CRM para locadoras de equipamentos: como a Fibravit melhorou sua intelig\u00eancia comercial com o Agendor"},"content":{"rendered":"\n<p>A <a href=\"https:\/\/www.fibravit.com.br\/\" target=\"_blank\" rel=\"noreferrer noopener\">Fibravit<\/a> \u00e9 uma empresa especializada no desenvolvimento, fabrica\u00e7\u00e3o e comercializa\u00e7\u00e3o de equipamentos pl\u00e1sticos refor\u00e7ados com fibra de vidro. Neste ano, ela completa 24 anos de pioneirismo em solu\u00e7\u00f5es inovadoras, como o Sanit\u00e1rio Hidr\u00e1ulico Port\u00e1til.<\/p>\n\n\n\n<p><strong>Dos seus 24 anos de exist\u00eancia, 9 contaram com a parceria do Agendor como seu CRM!<\/strong><\/p>\n\n\n\n<p>Gilmar, s\u00f3cio fundador da empresa e diretor da \u00e1rea comercial nos contou tudo sobre como o Agendor ajudou a Fibravit em seus neg\u00f3cios ao longo desse tempo. Em nossa entrevista, ele conta que a ferramenta foi determinante para obter e analisar dados mais seguros para embasar suas estrat\u00e9gias de vendas, ou seja, <strong>adquirir maior <\/strong><a href=\"https:\/\/www.agendor.com.br\/blog\/inteligencia-comercial\/\" target=\"_blank\" rel=\"noreferrer noopener\"><strong>intelig\u00eancia comercial<\/strong><\/a>.&nbsp;<\/p>\n\n\n\n<p>E para dar mais detalhes sobre a usabilidade da ferramenta, contamos com a contribui\u00e7\u00e3o de Karla, Deysiane e Gabriel, que formam o n\u00facleo de relacionamento com o cliente da Fibravit.<\/p>\n\n\n\n<p>Para saber tudo sobre essa parceria, continue a leitura do artigo!<\/p>\n\n\n\n<figure class=\"wp-block-pullquote is-style-default\" style=\"border-color:#332de6\"><blockquote class=\"has-text-color\" style=\"color:#332de6\"><p>\u2014 Antes, t\u00ednhamos apenas uma vis\u00e3o gerencial t\u00e1tica. Depois do Agendor, passamos a ter uma vis\u00e3o mais estrat\u00e9gica do nosso neg\u00f3cio.<\/p><cite>Gilmar R\u00e9gio &#8211; Diretor Comercial<\/cite><\/blockquote><\/figure>\n\n\n\n<div class=\"wp-block-buttons is-content-justification-center\">\n<div class=\"wp-block-button has-custom-width wp-block-button__width-75 is-style-fill\"><a class=\"wp-block-button__link has-white-color has-text-color has-background\" href=\"https:\/\/www.agendor.com.br\/cadastro\/?pid=101\" style=\"border-radius:8px;background-color:#ec6783\" target=\"_blank\" rel=\"noreferrer noopener\"><strong>Crie sua conta gr\u00e1tis no Agendor \u2192<\/strong><\/a><\/div>\n<\/div>\n\n\n\n<h2>Como voc\u00eas conheceram o Agendor?<\/h2>\n\n\n\n<p><strong><em>Gilmar:<\/em><\/strong> Em 2014, passamos por um processo de reestrutura\u00e7\u00e3o da \u00e1rea comercial. Al\u00e9m de reestruturar a equipe, fomos em busca de uma ferramenta que pudesse nos dar a oportunidade de gerenciar toda a parte de <a href=\"https:\/\/www.agendor.com.br\/blog\/gestao-relacionamento-com-clientes\/\" target=\"_blank\" rel=\"noreferrer noopener\">relacionamento com o cliente<\/a> e neg\u00f3cios.<\/p>\n\n\n\n<p>O gestor comercial que recrutei j\u00e1 tinha experi\u00eancia com CRMs. Discutimos bastante a respeito e chegamos \u00e0 conclus\u00e3o de que seria necess\u00e1rio fazer o esfor\u00e7o de buscar uma solu\u00e7\u00e3o no mercado para nos atender.<\/p>\n\n\n\n<p>Conhecemos o Agendor e mais duas outras plataformas de CRM. <strong>Escolhemos o Agendor pela facilidade do uso e de acesso. Al\u00e9m disso, consideramos o fato de que o conceito de CRM era totalmente novo para n\u00f3s e o pre\u00e7o do Agendor \u00e9 bastante competitivo.<\/strong><\/p>\n\n\n\n<p>Assim, contratamos o Agendor como nosso CRM, ainda em 2014.<\/p>\n\n\n\n<p><strong><em>Leia tamb\u00e9m: <\/em><\/strong><a href=\"https:\/\/www.agendor.com.br\/blog\/area-comercial-de-uma-empresa\/\" target=\"_blank\" rel=\"noreferrer noopener\"><strong><em>Como promover melhorias na \u00e1rea comercial por meio de um software de gerenciamento online<\/em><\/strong><\/a><\/p>\n\n\n\n<h2>Como \u00e9 a rotina comercial da Fibravit atualmente?<\/h2>\n\n\n\n<p><strong><em>Gabriel:<\/em><\/strong><strong> <\/strong>Recebemos as solicita\u00e7\u00f5es dos nossos clientes atrav\u00e9s dos nossos canais de comunica\u00e7\u00e3o, seja para or\u00e7amentos de loca\u00e7\u00e3o de banheiros de prestador de servi\u00e7os quanto para eventos ou para a \u00e1rea industrial, por exemplo.<\/p>\n\n\n\n<p>Assim que recebemos uma solicita\u00e7\u00e3o ou prospectamos um potencial cliente, enviamos um or\u00e7amento, tratamos as negocia\u00e7\u00f5es at\u00e9 o <a href=\"https:\/\/www.agendor.com.br\/blog\/fechamento-vendas-perfeito\/\" target=\"_blank\" rel=\"noreferrer noopener\">fechamento<\/a>, e formalizamos o contrato.&nbsp;<\/p>\n\n\n\n<p><strong>Registramos todo esse processo e todos os neg\u00f3cios no Agendor. Toda a nossa gest\u00e3o comercial est\u00e1 concentrada no CRM.<\/strong><\/p>\n\n\n\n<p>Ent\u00e3o, al\u00e9m disso, tamb\u00e9m agendamos os <a href=\"https:\/\/www.agendor.com.br\/blog\/follow-up-de-vendas\/\" target=\"_blank\" rel=\"noreferrer noopener\">follow-ups<\/a> que precisamos fazer e as visitas que fazemos aos clientes.<\/p>\n\n\n\n<p>Estamos utilizando o Agendor cada vez mais de uma forma eficiente para gerir todo o processo comercial.<\/p>\n\n\n\n<p><strong><em>Gilmar: <\/em><\/strong>Tamb\u00e9m fazemos reuni\u00f5es de alinhamento para analisar metas e, para isso, utilizamos o Agendor.<\/p>\n\n\n\n<p><strong><em>Gabriel:<\/em><\/strong> Isso mesmo. Toda segunda-feira temos essa reuni\u00e3o de alinhamento obrigatoriamente. Analisamos o nosso desempenho na semana anterior, as metas do m\u00eas, os projetos para a pr\u00f3xima semana, as proje\u00e7\u00f5es do que vamos fazer na semana corrente, o que temos como possibilidade de neg\u00f3cios, nossa receita e nossa evolu\u00e7\u00e3o.&nbsp;<\/p>\n\n\n\n<div class=\"wp-block-image\"><figure class=\"aligncenter size-large is-resized\"><img src=\"https:\/\/agendor-blog-uploads.s3.sa-east-1.amazonaws.com\/2023\/05\/11164651\/foto-equipe-fibravit.jpg\" alt=\"Equipe Fibravit\" class=\"wp-image-45937\" width=\"385\" height=\"512\" srcset=\"https:\/\/agendor-blog-uploads.s3.sa-east-1.amazonaws.com\/2023\/05\/11164651\/foto-equipe-fibravit.jpg 769w, https:\/\/agendor-blog-uploads.s3.sa-east-1.amazonaws.com\/2023\/05\/11164651\/foto-equipe-fibravit-481x640.jpg 481w\" sizes=\"(max-width: 385px) 100vw, 385px\" \/><figcaption>Gabriel, Gilmar, Karla e Deysiane formam o n\u00facleo de relacionamento com o cliente da Fibravit.<\/figcaption><\/figure><\/div>\n\n\n\n<h2>E como era feita a gest\u00e3o comercial antes do Agendor?<\/h2>\n\n\n\n<p><strong><em>Gilmar:<\/em><\/strong><em> <\/em>N\u00f3s temos um ERP, que est\u00e1 integrado a todos os setores da empresa, ent\u00e3o toda a nossa gest\u00e3o era feita por l\u00e1, e por algumas planilhas de Excel para gerar alguns relat\u00f3rios com indicadores para <a href=\"https:\/\/www.agendor.com.br\/blog\/analise-de-vendas\/\" target=\"_blank\" rel=\"noreferrer noopener\">an\u00e1lise de vendas<\/a>. Essas eram as nossas alternativas.&nbsp;<\/p>\n\n\n\n<p>Nossa maior dificuldade era obter indicadores e relat\u00f3rios de forma \u00e1gil ou instant\u00e2nea. Era trabalhoso conciliar dados de diferentes fontes para montar um BI. Isso era muito complexo e dif\u00edcil.&nbsp;<\/p>\n\n\n\n<p>Agora, com o Agendor, lan\u00e7amos todos os dados no CRM, fechamos os neg\u00f3cios e, no final, temos relat\u00f3rios com m\u00e9tricas que utilizamos para medir o desempenho da empresa, de cada vendedor e de cada cliente.<\/p>\n\n\n\n<p><strong>Antes do Agendor, tudo era feito como uma colcha de retalhos. <\/strong>Peg\u00e1vamos um dado daqui, outro dali, e essa era nossa maior dificuldade.<\/p>\n\n\n\n<figure class=\"wp-block-pullquote is-style-default\" style=\"border-color:#332de6\"><blockquote class=\"has-text-color\" style=\"color:#332de6\"><p>\u2014 N\u00e3o h\u00e1 nada engessado. Estamos h\u00e1 anos com o Agendor e sabemos como ele se desenvolve conforme a experi\u00eancia do seu cliente evolui.<\/p><cite>Gilmar R\u00e9gio &#8211; Diretor Comercial<\/cite><\/blockquote><\/figure>\n\n\n\n<div class=\"wp-block-buttons is-content-justification-center\">\n<div class=\"wp-block-button has-custom-width wp-block-button__width-75 is-style-fill\"><a class=\"wp-block-button__link has-white-color has-text-color has-background\" href=\"https:\/\/www.agendor.com.br\/cadastro\/?pid=101\" style=\"border-radius:8px;background-color:#ec6783\" target=\"_blank\" rel=\"noreferrer noopener\"><strong>Crie sua conta gr\u00e1tis no Agendor \u2192<\/strong><\/a><\/div>\n<\/div>\n\n\n\n<h2>Quais foram os maiores desafios na implementa\u00e7\u00e3o do CRM?<\/h2>\n\n\n\n<p><strong><em>Gilmar: <\/em><\/strong>A grande dificuldade \u00e9 criar a disciplina, a cultura e o h\u00e1bito de utilizar a ferramenta. \u00c9 uma ferramenta que trabalha a nosso favor em tudo o que fazemos na gest\u00e3o comercial, na gest\u00e3o do tempo e nas an\u00e1lises de desempenho.&nbsp;<\/p>\n\n\n\n<p>O Agendor facilita a nossa vida quando trazemos um pensamento cr\u00edtico para an\u00e1lise de dados e estrat\u00e9gia. Mas mesmo assim \u00e9 dif\u00edcil criar essa disciplina.<\/p>\n\n\n\n<p><strong><em>Karla: <\/em><\/strong>Como o Gilmar falou, a disciplina \u00e9 o maior desafio. Temos outras atividades em vendas e acabamos n\u00e3o alimentando o CRM com as informa\u00e7\u00f5es que precisamos. A cultura \u00e9 importante para entrar em contato com o cliente, negociar e sempre registrar tudo no Agendor, para depois, ganhar praticidade.&nbsp;<\/p>\n\n\n\n<p><strong><em>Gabriel: <\/em><\/strong>Ainda estamos nesse processo de evolu\u00e7\u00e3o. <strong>A vantagem \u00e9 que o Agendor \u00e9 simples de usar, e por isso j\u00e1 nos traz muitas melhorias em nossa gest\u00e3o.&nbsp;<\/strong><\/p>\n\n\n\n<p><strong><em>Deysiane: <\/em><\/strong>Na parte de processos j\u00e1 podemos ver essa praticidade, principalmente no acompanhamento dos novos neg\u00f3cios.&nbsp;<\/p>\n\n\n\n<h2>Como vencer estes desafios e construir uma cultura de CRM?<\/h2>\n\n\n\n<p><strong><em>Gilmar:<\/em><\/strong> Parte de n\u00f3s. Temos que ter consci\u00eancia de que isso \u00e9 importante para as vendas.&nbsp;<\/p>\n\n\n\n<p><strong>O interessante no Agendor \u00e9 que esta \u00e9 uma plataforma muito flex\u00edvel. N\u00e3o h\u00e1 nada engessado. Estamos h\u00e1 anos com o Agendor e sabemos como ele se desenvolve conforme a experi\u00eancia do seu cliente evolui.<\/strong><\/p>\n\n\n\n<p>Ent\u00e3o o que fazemos para melhorar a cultura e a utiliza\u00e7\u00e3o do CRM \u00e9 conhecer ainda mais a plataforma e, com base nisso, sugerir melhorias que favore\u00e7am a Fibravit e o pr\u00f3prio Agendor.&nbsp;<\/p>\n\n\n\n<h2>Voc\u00eas utilizam o Agendor desde 2014 e recentemente realizaram um treinamento com a nossa equipe. O que os motivou a participarem deste treinamento?<\/h2>\n\n\n\n<p><strong><em>Gilmar:<\/em><\/strong><em> <\/em>Durante esses 9 anos, a estrutura da \u00e1rea comercial mudou bastante. Houve muita rotatividade nesse setor e os processos foram se perdendo.&nbsp;<\/p>\n\n\n\n<p>No meio disso, a utiliza\u00e7\u00e3o do Agendor, que come\u00e7amos numa pegada forte e mantivemos por anos, ficou meio paralisada. N\u00f3s faz\u00edamos apenas o trivial. N\u00e3o trabalh\u00e1vamos com o Agendor de forma sist\u00eamica. Apenas cadastr\u00e1vamos os neg\u00f3cios.<\/p>\n\n\n\n<p>Com a reestrutura\u00e7\u00e3o que fizemos de toda a empresa em 2020, come\u00e7amos a trabalhar fortemente com o Agendor, em uma luta constante para t\u00ea-lo como parte do nosso processo e como ferramenta principal para fazer a gest\u00e3o do n\u00facleo de relacionamento ao cliente.<\/p>\n\n\n\n<p>Isso resultou em um trabalho \u00e1rduo para criar uma cultura de CRM junto com a Karla, a Deysiane e o Gabriel.<\/p>\n\n\n\n<p>Ainda assim, era preciso dar um salto, e ir al\u00e9m. <strong>O Agendor ainda oferecia muita coisa que n\u00e3o utiliz\u00e1vamos. Foi ent\u00e3o que decidimos contratar o treinamento para dar um upgrade nos nossos processos e para usar os recursos plenamente.<\/strong><\/p>\n\n\n\n<h2>E como foi a experi\u00eancia com o treinamento?<\/h2>\n\n\n\n<p><strong><em>Karla: <\/em><\/strong>N\u00f3s gostamos muito do treinamento. Foi gra\u00e7as a esse processo que come\u00e7amos a praticar e aprender mais sobre a plataforma.<\/p>\n\n\n\n<p><strong><em>Gabriel: <\/em><\/strong>Depois do treinamento, al\u00e9m de refor\u00e7armos a utiliza\u00e7\u00e3o do CRM de forma eficiente, tamb\u00e9m aprendemos v\u00e1rias coisas sobre novas funcionalidades. Desde que come\u00e7amos a usar, o Agendor se atualizou muito, ent\u00e3o o treinamento foi importante para nos atualizarmos tamb\u00e9m.<\/p>\n\n\n\n<h2>Quais s\u00e3o as funcionalidades que voc\u00eas mais utilizam e gostam no Agendor?<\/h2>\n\n\n\n<p><strong><em>Karla:<\/em><\/strong> Eu trabalho na \u00e1rea de relacionamento e de novos neg\u00f3cios, ent\u00e3o atendo o telefone, fico a maior parte do tempo no WhatsApp e no e-mail negociando, e fa\u00e7o visitas externas. Por isso, uso bastante os cadastros dos clientes com os hist\u00f3ricos de informa\u00e7\u00e3o.<\/p>\n\n\n\n<p>Com essa funcionalidade, eu consigo identificar o <a href=\"https:\/\/www.agendor.com.br\/blog\/perfil-de-cliente\/\" target=\"_blank\" rel=\"noreferrer noopener\">perfil do cliente<\/a> e seu potencial de compra, o que facilita demais minhas negocia\u00e7\u00f5es.<\/p>\n\n\n\n<figure class=\"wp-block-image size-large is-resized\"><img src=\"https:\/\/agendor-blog-uploads.s3.sa-east-1.amazonaws.com\/2023\/05\/11154035\/image.png\" alt=\"Hist\u00f3rico do Agendor\" class=\"wp-image-45935\" width=\"849\" height=\"450\" srcset=\"https:\/\/agendor-blog-uploads.s3.sa-east-1.amazonaws.com\/2023\/05\/11154035\/image.png 849w, https:\/\/agendor-blog-uploads.s3.sa-east-1.amazonaws.com\/2023\/05\/11154035\/image-640x339.png 640w, https:\/\/agendor-blog-uploads.s3.sa-east-1.amazonaws.com\/2023\/05\/11154035\/image-768x407.png 768w\" sizes=\"(max-width: 849px) 100vw, 849px\" \/><figcaption>No Agendor, todo o hist\u00f3rico de atividades e intera\u00e7\u00f5es com os clientes fica centralizado em um \u00fanico lugar, podendo ser facilmente acessado tanto pela vers\u00e3o web quanto pelo app.<\/figcaption><\/figure>\n\n\n\n<p><strong><em>Gilmar:<\/em><\/strong> Eu uso mais as abas de Neg\u00f3cios. Por l\u00e1, consigo verificar os neg\u00f3cios em andamento e os neg\u00f3cios fechados. Uso tamb\u00e9m a aba de Relat\u00f3rios, onde posso comparar per\u00edodos de forma clara e saber como est\u00e1 o desempenho do setor.&nbsp;<\/p>\n\n\n\n<p>Al\u00e9m disso, tamb\u00e9m consulto a aba de Tarefas para agendar atividades e acompanhar as atividades da equipe.<\/p>\n\n\n\n<p><strong><em>Gabriel:<\/em><\/strong> Em qualquer processo utilizamos o Agendor. Isso nos gera muitos dados, e por essa raz\u00e3o estamos sempre consultando os relat\u00f3rios.&nbsp;<\/p>\n\n\n\n<p><strong><em>Deysiane:<\/em><\/strong> Fa\u00e7o a alimenta\u00e7\u00e3o dos <a href=\"https:\/\/www.agendor.com.br\/blog\/importancia-do-cadastro-de-clientes\/\" target=\"_blank\" rel=\"noreferrer noopener\">cadastros dos clientes<\/a>, ent\u00e3o utilizo muito as abas de Empresas e Pessoas. Vejo tamb\u00e9m a aba de M\u00e9tricas e de Relat\u00f3rios para acompanhar as vendas e os neg\u00f3cios.<\/p>\n\n\n\n<p>Um recurso que gosto bastante tamb\u00e9m \u00e9 o lembrete de atividades, com ele \u00e9 quase imposs\u00edvel esquecer de alguma tarefa importante.&nbsp;<\/p>\n\n\n\n<p><em><strong>Entenda, na pr\u00e1tica, como funciona a notifica\u00e7\u00e3o de tarefas do Agendor:<\/strong><\/em><\/p>\n\n\n\n<figure class=\"wp-block-embed is-type-video is-provider-youtube wp-block-embed-youtube wp-embed-aspect-16-9 wp-has-aspect-ratio\"><div class=\"wp-block-embed__wrapper\">\n<iframe title=\"Tarefas - Como funcionam as notifica\u00e7\u00f5es de tarefas no Agendor?\" width=\"500\" height=\"281\" src=\"https:\/\/www.youtube.com\/embed\/rZvIo6EK8Jk?feature=oembed\" frameborder=\"0\" allow=\"accelerometer; autoplay; clipboard-write; encrypted-media; gyroscope; picture-in-picture; web-share\" allowfullscreen><\/iframe>\n<\/div><\/figure>\n\n\n\n<h2>Quais foram os principais resultados que voc\u00eas alcan\u00e7aram com o Agendor?<\/h2>\n\n\n\n<p><strong><em>Karla: <\/em><\/strong>Com o Agendor, eu fecho mais neg\u00f3cios porque consigo entender melhor os clientes. Antes do Agendor, algumas informa\u00e7\u00f5es se perdiam, mas agora eu centralizo tudo no CRM e tenho mais conhecimento para fechar mais propostas.<\/p>\n\n\n\n<p><strong><em>Gilmar: <\/em><\/strong>A an\u00e1lise de resultados e de desempenho do setor foi a mudan\u00e7a mais significativa para mim. Ao alimentar o Agendor temos certeza de que as informa\u00e7\u00f5es que est\u00e3o l\u00e1 s\u00e3o confi\u00e1veis e seguras, e isso nos d\u00e1 tranquilidade durante a leitura dos relat\u00f3rios.<\/p>\n\n\n\n<p>Uma vez que tudo est\u00e1 estruturado e sendo trabalhado, temos uma vis\u00e3o mais ampla de indicadores para estabelecer melhores <a href=\"https:\/\/www.agendor.com.br\/blog\/estrategia-de-vendas\/\" target=\"_blank\" rel=\"noreferrer noopener\">estrat\u00e9gias de vendas<\/a>.<\/p>\n\n\n\n<p><strong><em>Deysiane: <\/em><\/strong>O maior ganho foi na agilidade dos processos e na centraliza\u00e7\u00e3o de informa\u00e7\u00f5es sobre o cliente em um s\u00f3 lugar. Pelos hist\u00f3ricos j\u00e1 sabemos a origem dos clientes e seu potencial de compra, o que agiliza nossas a\u00e7\u00f5es.<\/p>\n\n\n\n<p><strong><em>Gabriel: <\/em><\/strong>Alimentamos o Agendor de forma eficiente, e isso nos d\u00e1 uma an\u00e1lise mais assertiva e segura no final do m\u00eas para acompanhar nossos neg\u00f3cios e nossa <a href=\"https:\/\/www.agendor.com.br\/blog\/produtividade-dos-vendedores\/\" target=\"_blank\" rel=\"noreferrer noopener\">produtividade<\/a>.&nbsp;<\/p>\n\n\n\n<h2>Como resumiriam o antes e o depois do Agendor para a Fibravit?<\/h2>\n\n\n\n<p><strong><em>Gabriel: <\/em><\/strong>Antes, n\u00e3o t\u00ednhamos a cultura de CRM e n\u00e3o centraliz\u00e1vamos a nossa gest\u00e3o comercial. Depois do Agendor, principalmente ap\u00f3s o treinamento, temos mais seguran\u00e7a em nossas an\u00e1lises, mais dom\u00ednio sobre as informa\u00e7\u00f5es e temos mais praticidade e efici\u00eancia.&nbsp;<\/p>\n\n\n\n<p><strong><em>Gilmar: <\/em><\/strong>Antes, t\u00ednhamos apenas uma vis\u00e3o gerencial t\u00e1tica. Depois do Agendor, passamos a ter uma vis\u00e3o mais estrat\u00e9gica do nosso neg\u00f3cio.&nbsp;<\/p>\n\n\n\n<figure class=\"wp-block-pullquote is-style-default\" style=\"border-color:#332de6\"><blockquote class=\"has-text-color\" style=\"color:#332de6\"><p>\u2014 Em qualquer processo utilizamos o Agendor. Isso nos gera muitos dados, e por essa raz\u00e3o estamos sempre consultando os relat\u00f3rios.<\/p><cite>Gabriel Daher &#8211; Gerente Comercial<\/cite><\/blockquote><\/figure>\n\n\n\n<div class=\"wp-block-buttons is-content-justification-center\">\n<div class=\"wp-block-button has-custom-width wp-block-button__width-75 is-style-fill\"><a class=\"wp-block-button__link has-white-color has-text-color has-background\" href=\"https:\/\/www.agendor.com.br\/cadastro\/?pid=101\" style=\"border-radius:8px;background-color:#ec6783\" target=\"_blank\" rel=\"noreferrer noopener\"><strong>Crie sua conta gr\u00e1tis no Agendor \u2192<\/strong><\/a><\/div>\n<\/div>\n\n\n\n<h2>Fa\u00e7a como a Fibravit e obtenha mais intelig\u00eancia comercial na sua gest\u00e3o com um CRM para locadoras de equipamentos!<\/h2>\n\n\n\n<p>Como voc\u00ea viu, h\u00e1 anos a Fibravit conta com o Agendor para fortalecer sua \u00e1rea comercial, e a longevidade dessa parceria se d\u00e1 gra\u00e7as ao compromisso da plataforma em elevar o potencial de venda das empresas e nosso respeito pela evolu\u00e7\u00e3o dos nossos usu\u00e1rios.<\/p>\n\n\n\n<p>Com isso, a Fibravit foi capaz de ter mais estrat\u00e9gia e trabalhar com dados de forma mais assertiva para guiar suas a\u00e7\u00f5es.&nbsp;<\/p>\n\n\n\n<p>Voc\u00ea j\u00e1 parou para pensar em como sua empresa est\u00e1 fazendo o tratamento de dados comerciais? J\u00e1 refletiu sobre o impacto das informa\u00e7\u00f5es para negocia\u00e7\u00f5es mais valiosas?<\/p>\n\n\n\n<p>Se esta \u00e9 uma dificuldade em sua opera\u00e7\u00e3o, voc\u00ea precisa conhecer o Agendor para otimizar a sua gest\u00e3o comercial, assim como fez a Fibravit!<\/p>\n\n\n\n<p>Por isso, <strong><em>comece agora mesmo e teste gratuitamente o Agendor. Basta <\/em><\/strong><a href=\"https:\/\/web.agendor.com.br\/cadastro\/?pid=101\" target=\"_blank\" rel=\"noreferrer noopener\"><strong><em>clicar aqui<\/em><\/strong><\/a><strong><em>!<\/em><\/strong><\/p>\n\n\n\n<p><strong><em>Conhe\u00e7a mais dicas de implanta\u00e7\u00e3o de CRM para equipes de vendas: baixe nosso <\/em><\/strong><a href=\"https:\/\/materiais.agendor.com.br\/kit-para-sucesso-com-crm\" target=\"_blank\" rel=\"noreferrer noopener\"><strong><em>Guia para sucesso com CRM<\/em><\/strong><\/a><\/p>\n","protected":false},"excerpt":{"rendered":"<p>A Fibravit \u00e9 uma empresa especializada no desenvolvimento, fabrica\u00e7\u00e3o e comercializa\u00e7\u00e3o de equipamentos pl\u00e1sticos refor\u00e7ados com fibra de vidro. Neste ano, ela completa 24 anos de pioneirismo em solu\u00e7\u00f5es inovadoras, como o Sanit\u00e1rio Hidr\u00e1ulico Port\u00e1til. Dos seus 24 anos de exist\u00eancia, 9 contaram com a parceria do Agendor como seu CRM! Gilmar, s\u00f3cio fundador da [&hellip;]<\/p>\n","protected":false},"author":48,"featured_media":45944,"comment_status":"closed","ping_status":"closed","sticky":false,"template":"","format":"standard","meta":[],"categories":[881],"tags":[17,796],"lista-de-leitura":[],"listas_de_leitura":[],"yoast_head":"<!-- This site is optimized with the Yoast SEO plugin v16.6.1 - https:\/\/yoast.com\/wordpress\/plugins\/seo\/ -->\n<title>CRM para locadoras: Fibravit melhora intelig\u00eancia comercial com Agendor<\/title>\n<meta name=\"description\" content=\"H\u00e1 9 anos, a Fibravit conta com o Agendor para obter e analisar dados mais seguros para suas estrat\u00e9gias de vendas. Confira nessa entrevista!\" \/>\n<meta name=\"robots\" content=\"index, follow, max-snippet:-1, max-image-preview:large, max-video-preview:-1\" \/>\n<link rel=\"canonical\" href=\"https:\/\/www.agendor.com.br\/blog\/crm-para-locadoras\/\" \/>\n<meta property=\"og:locale\" content=\"pt_BR\" \/>\n<meta property=\"og:type\" content=\"article\" \/>\n<meta property=\"og:title\" content=\"CRM para locadoras: Fibravit melhora intelig\u00eancia comercial com Agendor\" \/>\n<meta property=\"og:description\" content=\"H\u00e1 9 anos, a Fibravit conta com o Agendor para obter e analisar dados mais seguros para suas estrat\u00e9gias de vendas. Confira nessa entrevista!\" \/>\n<meta property=\"og:url\" content=\"https:\/\/www.agendor.com.br\/blog\/crm-para-locadoras\/\" \/>\n<meta property=\"og:site_name\" content=\"Blog Agendor\" \/>\n<meta property=\"article:publisher\" content=\"https:\/\/www.facebook.com\/agendor\" \/>\n<meta property=\"article:author\" content=\"https:\/\/s3-sa-east-1.amazonaws.com\/agendor-materiais\/autores\/gustavo-gomes.gif\" \/>\n<meta property=\"article:published_time\" content=\"2023-05-11T11:00:00+00:00\" \/>\n<meta property=\"article:modified_time\" content=\"2023-12-21T16:13:36+00:00\" \/>\n<meta property=\"og:image\" content=\"https:\/\/agendor-blog-uploads.s3.sa-east-1.amazonaws.com\/2023\/05\/12134351\/case-fibravit-agendor.png\" \/>\n\t<meta property=\"og:image:width\" content=\"800\" \/>\n\t<meta property=\"og:image:height\" content=\"600\" \/>\n<meta name=\"twitter:card\" content=\"summary_large_image\" \/>\n<meta name=\"twitter:label1\" content=\"Est. reading time\" \/>\n\t<meta name=\"twitter:data1\" content=\"9 minutos\" \/>\n<!-- \/ Yoast SEO plugin. -->","_links":{"self":[{"href":"https:\/\/www.agendor.com.br\/blog\/wp-json\/wp\/v2\/posts\/45934"}],"collection":[{"href":"https:\/\/www.agendor.com.br\/blog\/wp-json\/wp\/v2\/posts"}],"about":[{"href":"https:\/\/www.agendor.com.br\/blog\/wp-json\/wp\/v2\/types\/post"}],"author":[{"embeddable":true,"href":"https:\/\/www.agendor.com.br\/blog\/wp-json\/wp\/v2\/users\/48"}],"replies":[{"embeddable":true,"href":"https:\/\/www.agendor.com.br\/blog\/wp-json\/wp\/v2\/comments?post=45934"}],"version-history":[{"count":0,"href":"https:\/\/www.agendor.com.br\/blog\/wp-json\/wp\/v2\/posts\/45934\/revisions"}],"wp:featuredmedia":[{"embeddable":true,"href":"https:\/\/www.agendor.com.br\/blog\/wp-json\/wp\/v2\/media\/45944"}],"wp:attachment":[{"href":"https:\/\/www.agendor.com.br\/blog\/wp-json\/wp\/v2\/media?parent=45934"}],"wp:term":[{"taxonomy":"category","embeddable":true,"href":"https:\/\/www.agendor.com.br\/blog\/wp-json\/wp\/v2\/categories?post=45934"},{"taxonomy":"post_tag","embeddable":true,"href":"https:\/\/www.agendor.com.br\/blog\/wp-json\/wp\/v2\/tags?post=45934"},{"taxonomy":"lista-de-leitura","embeddable":true,"href":"https:\/\/www.agendor.com.br\/blog\/wp-json\/wp\/v2\/lista-de-leitura?post=45934"},{"taxonomy":"listas_de_leitura","embeddable":true,"href":"https:\/\/www.agendor.com.br\/blog\/wp-json\/wp\/v2\/listas_de_leitura?post=45934"}],"curies":[{"name":"wp","href":"https:\/\/api.w.org\/{rel}","templated":true}]}}