{"id":40679,"date":"2021-12-21T13:46:05","date_gmt":"2021-12-21T16:46:05","guid":{"rendered":"https:\/\/www.agendor.com.br\/blog\/?p=40679"},"modified":"2022-02-08T00:06:40","modified_gmt":"2022-02-08T03:06:40","slug":"palestras-motivacionais-para-funcionarios","status":"publish","type":"post","link":"https:\/\/www.agendor.com.br\/blog\/palestras-motivacionais-para-funcionarios\/","title":{"rendered":"Palestras motivacionais para funcion\u00e1rios: que temas abordar?"},"content":{"rendered":"\n<p>Palestras motivacionais para funcion\u00e1rios s\u00e3o uma pr\u00e1tica comum em empresas voltadas para resultados.<\/p>\n\n\n\n<p>Est\u00e1 sem tempo para ler o conte\u00fado? Gostaria de poder acompanh\u00e1-lo enquanto dirige, caminha ou realiza outra atividade? Ent\u00e3o n\u00e3o perca tempo e ou\u00e7a este artigo na \u00edntegra. Basta clicar no play! Agradecemos o seu feedback nos coment\u00e1rios. &#x1f642;<\/p>\n\n\n\n<iframe width=\"100%\" height=\"83\" scrolling=\"no\" src=\"https:\/\/go.vooozer.com\/embed\/fba00a1b\" frameborder=\"0\" title=\"Narra\u00e7\u00e3o humana do artigo\" style=\"height: 83px !important;\" allowfullscreen><\/iframe>\n\n\n\n<p>Afinal, <strong>profissionais motivados tendem a obter um desempenho mais satisfat\u00f3rio em suas fun\u00e7\u00f5es e a alcan\u00e7ar um n\u00edvel maior de produtividade<\/strong>.&nbsp;<\/p>\n\n\n\n<p>No entanto, manter a motiva\u00e7\u00e3o dos funcion\u00e1rios \u00e9 um dos maiores desafios das empresas. E uma forma de enfrentar essa dificuldade \u00e9 por meio de palestras motivacionais para funcion\u00e1rios.<\/p>\n\n\n\n<p>Esses eventos s\u00e3o considerados ferramentas poderosas para discutir diferentes tem\u00e1ticas do dia a dia das equipes e fomentar o desenvolvimento pessoal e profissional dos colaboradores.<\/p>\n\n\n\n<p>Neste conte\u00fado, vamos explicar como voc\u00ea pode identificar a necessidade de realizar palestras motivacionais para funcion\u00e1rios na sua empresa.<\/p>\n\n\n\n<p><strong>Al\u00e9m disso, voc\u00ea tamb\u00e9m confere nas linhas a seguir 6 dicas de como organizar esses eventos:<\/strong><\/p>\n\n\n\n<ol><li>Identifique as causas da desmotiva\u00e7\u00e3o dos seus colaboradores;<\/li><li>Defina qual \u00e9 o objetivo da palestra;<\/li><li>Saiba qual a quantidade de participantes esperados;<\/li><li>Estabele\u00e7a o or\u00e7amento para a palestra;<\/li><li>Defina o cronograma do evento;<\/li><li>Pesquise sobre o palestrante antes de contrat\u00e1-lo.<\/li><\/ol>\n\n\n\n<p>E para completar, algumas sugest\u00f5es de temas para palestras motivacionais para funcion\u00e1rios.<\/p>\n\n\n\n<p>Leia tamb\u00e9m: <a href=\"https:\/\/www.agendor.com.br\/blog\/palestras-de-vendas\/\" target=\"_blank\" rel=\"noreferrer noopener\">12 dicas de cursos e palestras de vendas totalmente gr\u00e1tis<\/a><\/p>\n\n\n\n<h2>Como identificar a necessidade de palestras motivacionais para funcion\u00e1rios?<\/h2>\n\n\n\n<p>As palestras motivacionais podem fazer muita diferen\u00e7a no comportamento dos funcion\u00e1rios. Elas s\u00e3o capazes de impulsionar o desempenho das equipes de trabalho e incentivar o desenvolvimento dos talentos da empresa.<\/p>\n\n\n\n<p>Para saber se \u00e9 preciso realizar esse tipo de palestra, observe como seus colaboradores t\u00eam se comportado ultimamente.<\/p>\n\n\n\n<p><strong>A necessidade de palestras motivacionais pode ser identificada a partir dos seguintes sinais:<\/strong><\/p>\n\n\n\n<ul><li>produtividade da equipe abaixo do esperado;<\/li><li>erros de comunica\u00e7\u00e3o cada vez mais frequentes;<\/li><li>muitos conflitos e ru\u00eddos no relacionamento interpessoal;<\/li><li>rotina de trabalho cansativa;<\/li><li>falta de reconhecimento;<\/li><li>desinteresse no desempenho das atividades di\u00e1rias;<\/li><li>insatisfa\u00e7\u00e3o com a lideran\u00e7a;<\/li><li>aumento da rotatividade;<\/li><li>diminui\u00e7\u00e3o da assiduidade;<\/li><li>atrasos cada vez mais frequentes.<\/li><\/ul>\n\n\n\n<p>Leia mais: <a href=\"https:\/\/www.agendor.com.br\/blog\/quem-foi-steve-jobs-vida-palestra\/\" target=\"_blank\" rel=\"noreferrer noopener\">Palestra e dicas de Steve Jobs sobre os princ\u00edpios para o sucesso<\/a><\/p>\n\n\n\n<p><strong>Dica: Frases motivacionais s\u00e3o uma primeiro passo para a equipe se engajar mais nos processos da empresa, confira uma:<\/strong><\/p>\n\n\n\n<figure class=\"wp-block-image size-large\"><img src=\"https:\/\/agendor-blog-uploads.s3.sa-east-1.amazonaws.com\/2015\/10\/20161035\/39-frases-motivacionais-para-vendedores-1.jpg\" alt=\"\"\/><\/figure>\n\n\n\n<h2>6 dicas de como organizar palestras motivacionais para funcion\u00e1rios<\/h2>\n\n\n\n<p>Se voc\u00ea tem interesse em promover palestras com foco na motiva\u00e7\u00e3o dos seus funcion\u00e1rios, trouxemos aqui algumas dicas que podem te ajudar nessa tarefa.<\/p>\n\n\n\n<h3>1. Identifique as causas da desmotiva\u00e7\u00e3o dos seus colaboradores<\/h3>\n\n\n\n<p>\u00c9 muito importante que voc\u00ea identifique e avalie quais s\u00e3o as causas espec\u00edficas da desmotiva\u00e7\u00e3o dos seus colaboradores.<\/p>\n\n\n\n<p>Esse deve ser o ponto de partida para orientar a abordagem e o conte\u00fado da palestra.<\/p>\n\n\n\n<h3>2. Defina qual \u00e9 o objetivo da palestra<\/h3>\n\n\n\n<p><strong>Que problemas espec\u00edficos voc\u00ea espera resolver com a palestra?<\/strong> Qual \u00e9 o objetivo desse evento?<\/p>\n\n\n\n<p>Ao delimitar o foco da palestra, \u00e9 poss\u00edvel ser mais certeiro ao transmitir determinada mensagem no intuito de motivar os colaboradores.<\/p>\n\n\n\n<h3>3. Saiba qual a quantidade de participantes esperados<\/h3>\n\n\n\n<p>Ao organizar palestras motivacionais para funcion\u00e1rios, \u00e9 necess\u00e1rio definir a quantidade prevista de participantes.<\/p>\n\n\n\n<p><strong>A partir dessa defini\u00e7\u00e3o, fica mais f\u00e1cil escolher o local adequado e outros aspectos relacionados a or\u00e7amento e cronograma do evento.<\/strong><\/p>\n\n\n\n<h3>4. Estabele\u00e7a o or\u00e7amento para a palestra<\/h3>\n\n\n\n<p>Quanto a sua empresa est\u00e1 disposta a investir na palestra motivacional? <strong>\u00c9 com base no or\u00e7amento que voc\u00ea vai escolher os palestrantes, contratar o servi\u00e7o de coffee break e arcar com outros custos<\/strong> que envolvem a realiza\u00e7\u00e3o desse tipo de evento.<\/p>\n\n\n\n<h3>5. Defina o cronograma do evento<\/h3>\n\n\n\n<p>Defina qual a melhor data e hor\u00e1rio para a palestra de modo que o evento n\u00e3o atrapalhe a rotina de trabalho dos colaboradores.<\/p>\n\n\n\n<p>Importante tamb\u00e9m alinhar ao calend\u00e1rio geral de vendas e da empresa &#8211; afinal, \u00e9 menos efetivo motivar os funcion\u00e1rios ap\u00f3s o per\u00edodo de maior demanda, por exemplo.&nbsp;<\/p>\n\n\n\n<h3>6. Pesquise sobre o palestrante antes de contrat\u00e1-lo<\/h3>\n\n\n\n<p>Fa\u00e7a uma pesquisa sobre as op\u00e7\u00f5es de palestrantes antes de contratar esse profissional. <strong>Assista a v\u00eddeos de outras palestras<\/strong>, pe\u00e7a a opini\u00e3o de outras pessoas que j\u00e1 participaram de alguma delas.<\/p>\n\n\n\n<p>Veja tamb\u00e9m: <a href=\"https:\/\/www.agendor.com.br\/blog\/palestras-motivacionais-de-vendas\/\" target=\"_blank\" rel=\"noreferrer noopener\">Palestras motivacionais de vendas: uma sele\u00e7\u00e3o com op\u00e7\u00f5es gratuitas online<\/a><\/p>\n\n\n\n<p><strong>Se voc\u00ea ainda tem d\u00favidas de como motivar sua equipe? Ent\u00e3o, d\u00ea uma olhada neste v\u00eddeo do palestrante Thiago Concer:<\/strong><\/p>\n\n\n\n<figure class=\"wp-block-embed is-type-video is-provider-youtube wp-block-embed-youtube wp-embed-aspect-16-9 wp-has-aspect-ratio\"><div class=\"wp-block-embed__wrapper\">\n<iframe title=\"SABIA COMO MOTIVAR SUA EQUIPE DE VENDAS\" width=\"500\" height=\"281\" src=\"https:\/\/www.youtube.com\/embed\/huOyWMY2DO4?feature=oembed\" frameborder=\"0\" allow=\"accelerometer; autoplay; clipboard-write; encrypted-media; gyroscope; picture-in-picture\" allowfullscreen><\/iframe>\n<\/div><\/figure>\n\n\n\n<h2>9 sugest\u00f5es de temas para palestras motivacionais para funcion\u00e1rios<\/h2>\n\n\n\n<p>Al\u00e9m das dicas que acabamos de citar, separamos tamb\u00e9m algumas sugest\u00f5es de temas para palestras motivacionais para funcion\u00e1rios.<\/p>\n\n\n\n<p>Obviamente que o tema guarda-chuva \u00e9 a motiva\u00e7\u00e3o. Por\u00e9m, voc\u00ea pode dar diferentes enfoques \u00e0 palestra sem perder de vista a inten\u00e7\u00e3o inicial que \u00e9 motivar os colaboradores.<\/p>\n\n\n\n<p><strong>As suas palestras podem ter os seguintes temas:<\/strong><\/p>\n\n\n\n<ol><li>Intelig\u00eancia emocional;<\/li><li>Import\u00e2ncia do trabalho em equipe;<\/li><li>Comunica\u00e7\u00e3o n\u00e3o violenta;<\/li><li>Media\u00e7\u00e3o e solu\u00e7\u00e3o de conflitos;<\/li><li>Cultura e valores organizacionais;<\/li><li>Como identificar e explorar seu verdadeiro potencial no trabalho;<\/li><li>Como se organizar e estabelecer prioridades;<\/li><li>Engajamento com as metas;<\/li><li>Como superar desafios pessoais e profissionais.<\/li><\/ol>\n\n\n\n<p>Veja tamb\u00e9m: <a href=\"https:\/\/www.agendor.com.br\/blog\/como-montar-treinamento-vendas\/\" target=\"_blank\" rel=\"noreferrer noopener\">Como montar um treinamento de vendas: \u00e9 preciso dar um show?<\/a><\/p>\n\n\n\n<h2>Uma palestra motivacional \u00e9 o que o seu time precisa?<\/h2>\n\n\n\n<p>Bom, agora que voc\u00ea j\u00e1 sabe como organizar palestras motivacionais para funcion\u00e1rios e quais temas sugerir, realize esses eventos na sua empresa e melhore o desempenho dos seus colaboradores.<\/p>\n\n\n\n<p>Palestras motivacionais s\u00e3o uma importante ferramenta de engajamento dos colaboradores, mas existem outras formas de fazer isso, principalmente na \u00e1rea de vendas.<\/p>\n\n\n\n<p>Voc\u00ea sabe, por exemplo, <strong>como criar uma campanha de incentivo de vendas?<\/strong> D\u00ea uma olhada nestas dicas e comece agora mesmo a pensar nessa a\u00e7\u00e3o:<\/p>\n\n\n\n<figure class=\"wp-block-image size-large\"><img src=\"https:\/\/agendor-blog-uploads.s3.sa-east-1.amazonaws.com\/2016\/02\/20151348\/36-Como-criar-uma-campanha-de-incentivo-de-vendas-em-5-passos_V2.jpg\" alt=\"\"\/><\/figure>\n\n\n\n<p>Uma equipe motivada \u00e9 muito importante, mas o que fazer depois que ela j\u00e1 estiver pronta para se tornar uma <strong>equipe de alta performance<\/strong>? Prepare-se para isso aprendendo:<\/p>\n\n\n\n<ul><li>Aparas de ser visto como amigo de todos;<\/li><li>A escutar de verdade sua equipe;<\/li><li>A ter um pensamento cr\u00edtico e objetivo;<\/li><li>Delegar a tarefa certa para a pessoa certa.<\/li><\/ul>\n\n\n\n<p>E muito mais.<\/p>\n\n\n\n<p><strong><em>Baixe nosso ebook gratuito e torne-se um grande l\u00edder: <\/em><\/strong><a href=\"https:\/\/materiais.agendor.com.br\/guia-para-gestao-eficiente-da-equipe-de-vendas\" target=\"_blank\" rel=\"noreferrer noopener\"><strong><em>Gest\u00e3o de Equipe de Vendas: GUIA completo para l\u00edderes<\/em><\/strong><\/a><\/p>\n","protected":false},"excerpt":{"rendered":"<p>Palestras motivacionais para funcion\u00e1rios s\u00e3o uma pr\u00e1tica comum em empresas voltadas para resultados. Est\u00e1 sem tempo para ler o conte\u00fado? Gostaria de poder acompanh\u00e1-lo enquanto dirige, caminha ou realiza outra atividade? Ent\u00e3o n\u00e3o perca tempo e ou\u00e7a este artigo na \u00edntegra. Basta clicar no play! Agradecemos o seu feedback nos coment\u00e1rios. &#x1f642; Afinal, profissionais motivados [&hellip;]<\/p>\n","protected":false},"author":48,"featured_media":40681,"comment_status":"closed","ping_status":"closed","sticky":false,"template":"","format":"standard","meta":[],"categories":[896],"tags":[177,794],"lista-de-leitura":[],"listas_de_leitura":[],"yoast_head":"<!-- This site is optimized with the Yoast SEO plugin v16.6.1 - https:\/\/yoast.com\/wordpress\/plugins\/seo\/ -->\n<title>Palestras motivacionais para funcion\u00e1rios: 6 dicas + 9 temas<\/title>\n<meta name=\"description\" content=\"Descubra quando e como fazer palestras motivacionais para funcion\u00e1rios e confira algumas sugest\u00f5es de temas para esse tipo de evento.\" \/>\n<meta name=\"robots\" content=\"index, follow, max-snippet:-1, max-image-preview:large, max-video-preview:-1\" \/>\n<link rel=\"canonical\" href=\"https:\/\/www.agendor.com.br\/blog\/palestras-motivacionais-para-funcionarios\/\" \/>\n<meta property=\"og:locale\" content=\"pt_BR\" \/>\n<meta property=\"og:type\" content=\"article\" \/>\n<meta property=\"og:title\" content=\"Palestras motivacionais para funcion\u00e1rios: 6 dicas + 9 temas\" \/>\n<meta property=\"og:description\" content=\"Descubra quando e como fazer palestras motivacionais para funcion\u00e1rios e confira algumas sugest\u00f5es de temas para esse tipo de evento.\" \/>\n<meta property=\"og:url\" content=\"https:\/\/www.agendor.com.br\/blog\/palestras-motivacionais-para-funcionarios\/\" \/>\n<meta property=\"og:site_name\" content=\"Blog Agendor\" \/>\n<meta property=\"article:publisher\" content=\"https:\/\/www.facebook.com\/agendor\" \/>\n<meta property=\"article:author\" content=\"https:\/\/s3-sa-east-1.amazonaws.com\/agendor-materiais\/autores\/gustavo-gomes.gif\" \/>\n<meta property=\"article:published_time\" content=\"2021-12-21T16:46:05+00:00\" \/>\n<meta property=\"article:modified_time\" content=\"2022-02-08T03:06:40+00:00\" \/>\n<meta property=\"og:image\" content=\"https:\/\/agendor-blog-uploads.s3.sa-east-1.amazonaws.com\/2021\/12\/21124510\/palestras-motivacionais-para-funcionarios.jpg\" \/>\n\t<meta property=\"og:image:width\" content=\"800\" \/>\n\t<meta property=\"og:image:height\" content=\"532\" \/>\n<meta name=\"twitter:card\" content=\"summary_large_image\" \/>\n<meta name=\"twitter:label1\" content=\"Est. reading time\" \/>\n\t<meta name=\"twitter:data1\" content=\"5 minutos\" \/>\n<!-- \/ Yoast SEO plugin. -->","_links":{"self":[{"href":"https:\/\/www.agendor.com.br\/blog\/wp-json\/wp\/v2\/posts\/40679"}],"collection":[{"href":"https:\/\/www.agendor.com.br\/blog\/wp-json\/wp\/v2\/posts"}],"about":[{"href":"https:\/\/www.agendor.com.br\/blog\/wp-json\/wp\/v2\/types\/post"}],"author":[{"embeddable":true,"href":"https:\/\/www.agendor.com.br\/blog\/wp-json\/wp\/v2\/users\/48"}],"replies":[{"embeddable":true,"href":"https:\/\/www.agendor.com.br\/blog\/wp-json\/wp\/v2\/comments?post=40679"}],"version-history":[{"count":0,"href":"https:\/\/www.agendor.com.br\/blog\/wp-json\/wp\/v2\/posts\/40679\/revisions"}],"wp:featuredmedia":[{"embeddable":true,"href":"https:\/\/www.agendor.com.br\/blog\/wp-json\/wp\/v2\/media\/40681"}],"wp:attachment":[{"href":"https:\/\/www.agendor.com.br\/blog\/wp-json\/wp\/v2\/media?parent=40679"}],"wp:term":[{"taxonomy":"category","embeddable":true,"href":"https:\/\/www.agendor.com.br\/blog\/wp-json\/wp\/v2\/categories?post=40679"},{"taxonomy":"post_tag","embeddable":true,"href":"https:\/\/www.agendor.com.br\/blog\/wp-json\/wp\/v2\/tags?post=40679"},{"taxonomy":"lista-de-leitura","embeddable":true,"href":"https:\/\/www.agendor.com.br\/blog\/wp-json\/wp\/v2\/lista-de-leitura?post=40679"},{"taxonomy":"listas_de_leitura","embeddable":true,"href":"https:\/\/www.agendor.com.br\/blog\/wp-json\/wp\/v2\/listas_de_leitura?post=40679"}],"curies":[{"name":"wp","href":"https:\/\/api.w.org\/{rel}","templated":true}]}}