{"id":40658,"date":"2024-01-01T13:43:00","date_gmt":"2024-01-01T16:43:00","guid":{"rendered":"https:\/\/www.agendor.com.br\/blog\/?p=40658"},"modified":"2024-02-01T16:27:43","modified_gmt":"2024-02-01T19:27:43","slug":"curso-de-lideranca","status":"publish","type":"post","link":"https:\/\/www.agendor.com.br\/blog\/curso-de-lideranca\/","title":{"rendered":"Cursos de lideran\u00e7a: 15 op\u00e7\u00f5es para voc\u00ea evoluir como l\u00edder"},"content":{"rendered":"\n<p>Est\u00e1 sem tempo para ler o conte\u00fado? Gostaria de poder acompanh\u00e1-lo enquanto dirige, caminha ou realiza outra atividade? Ent\u00e3o n\u00e3o perca tempo e ou\u00e7a este artigo na \u00edntegra. Basta clicar no play! Agradecemos o seu feedback nos coment\u00e1rios. \ud83d\ude42<\/p>\n\n\n\n<p><iframe style=\"height: 83px !important;\" title=\"Narra\u00e7\u00e3o humana do artigo\" src=\"https:\/\/go.vooozer.com\/embed\/fb4e0a25\" width=\"100%\" height=\"83\" frameborder=\"0\" scrolling=\"no\" allowfullscreen=\"allowfullscreen\"><\/p>\n\n\n\n<p>Bons l\u00edderes s\u00e3o respons\u00e1veis por orientar o trabalho dos colaboradores, promover um relacionamento interno harmonioso, incentivar os liderados, identificar as pot\u00eancias e fragilidades do time, reconhecer esfor\u00e7os e tra\u00e7ar estrat\u00e9gias capazes de extrair o que cada um tem de melhor. E fazer um curso de lideran\u00e7a pode ajudar em todas essas fun\u00e7\u00f5es!<\/p>\n\n\n\n<h3 class=\"titleKeyTakeaways\">Principais aprendizados deste artigo:<\/h3>\n\n\n\n<ul class=\"keyTakeaways\"><li>Existem variados tipos de curso de lideran\u00e7a, com objetivos distintos, por exemplo: habilidades t\u00e9cnicas, gest\u00e3o de pessoas, <a href=\"https:\/\/www.agendor.com.br\/blog\/definicao-de-metas\/?cta=blog-principais-aprendizados\" target=\"_blank\" rel=\"noreferrer noopener\">gest\u00e3o de metas<\/a>, estrat\u00e9gias de negocia\u00e7\u00e3o, mentoria e administra\u00e7\u00e3o do tempo.<\/li><li>Os conte\u00fados abordados nesses cursos de lideran\u00e7a s\u00e3o focados em desenvolver o l\u00edder e ensin\u00e1-lo t\u00e9cnicas para <a href=\"https:\/\/www.agendor.com.br\/blog\/gestao-de-equipe-de-vendas\/?cta=blog-principais-aprendizados\" target=\"_blank\" rel=\"noreferrer noopener\">gerenciar a equipe<\/a> e obter o melhor desempenho.<\/li><li>Os melhores cursos de lideran\u00e7a podem ser online ou presenciais, pagos ou gratuitos. Se desejar, h\u00e1 op\u00e7\u00f5es de <a href=\"https:\/\/www.agendor.com.br\/blog\/pos-graduacao-vendas\/?cta=blog-principais-aprendizados\" target=\"_blank\" rel=\"noreferrer noopener\">p\u00f3s-gradua\u00e7\u00e3o<\/a> para se especializar ainda mais.<\/li><li>Continue investindo na sua carreira como gestor comercial e baixe gr\u00e1tis nosso e-book \u201c<a href=\"https:\/\/materiais.agendor.com.br\/desafios-profissional-vendas?cta=blog-principais-aprendizados\" target=\"_blank\" rel=\"noreferrer noopener\">Desafios de vendas no dia a dia do vendedor<\/a>\u201d para saber como ajudar seu time a atingir excelentes resultados e superar os obst\u00e1culos di\u00e1rios.<\/li><\/ul>\n\n\n\n<p>A alta performance de uma equipe ou empresa est\u00e1 diretamente relacionada \u00e0 qualidade dos gestores.<\/p>\n\n\n\n<p><strong>E, para ser um l\u00edder de sucesso, n\u00e3o \u00e9 preciso que a lideran\u00e7a seja um talento nato<\/strong>. Existem diferentes op\u00e7\u00f5es e tipos de curso de lideran\u00e7a para voc\u00ea aprender as melhores t\u00e9cnicas e se tornar um gestor ainda mais qualificado.<\/p>\n\n\n\n<p>Continue a leitura e confira uma lista com os melhores cursos de lideran\u00e7a online, presenciais, gratuitos e pagos, incluindo os conte\u00fados mais abordados neles!<\/p>\n\n\n\n<h2>Quais os principais tipos de curso de lideran\u00e7a?<\/h2>\n\n\n\n<p>Se voc\u00ea acha que s\u00f3 existe um tipo de curso de lideran\u00e7a, pensou errado. Afinal, um l\u00edder precisa desenvolver diversas habilidades t\u00e9cnicas e comportamentais, pois ele atua em v\u00e1rias \u00e1reas de conhecimento, como neg\u00f3cios, psicologia, vendas e mais.<\/p>\n\n\n\n<p>Portanto, os cursos desenvolvidos para l\u00edderes ou profissionais que almejam um cargo de gest\u00e3o t\u00eam finalidades distintas, o que agrega ainda mais o aprendizado e a condu\u00e7\u00e3o de uma equipe ao sucesso.<\/p>\n\n\n\n<p>Conhe\u00e7a abaixo alguns dos tipos de cursos de lideran\u00e7a mais oferecidos no mercado e buscados por profissionais.<\/p>\n\n\n\n<h3>Habilidades t\u00e9cnicas<\/h3>\n\n\n\n<p>Existem diversos cursos focados em treinamentos t\u00e9cnicos para desenvolver profissionais para um cargo de lideran\u00e7a ou, ent\u00e3o, aprimorar as habilidades de um l\u00edder.<\/p>\n\n\n\n<p>Como o mercado est\u00e1 em constante mudan\u00e7a, \u00e9 necess\u00e1rio se autoavaliar, entender quais pontos precisam de mais aprendizados e reciclar os conhecimentos.<\/p>\n\n\n\n<p>Um exemplo s\u00e3o as <a href=\"https:\/\/www.agendor.com.br\/blog\/tecnicas-de-negociacao\/\" target=\"_blank\" rel=\"noreferrer noopener\">t\u00e9cnicas de negocia\u00e7\u00e3o<\/a> e de gest\u00e3o do tempo, sendo que, a cada ano, surgem ferramentas mais eficientes para elevar o desempenho profissional.<\/p>\n\n\n\n<p>Isso inclui ainda estudar novas tecnologias e processos essenciais para tornar sua equipe uma l\u00edder em vendas.<\/p>\n\n\n\n<h3>Gest\u00e3o de pessoas<\/h3>\n\n\n\n<p>Independentemente da \u00e1rea em que atuem, os l\u00edderes devem ter a capacidade de gerenciar pessoas, afinal, elas lidam diretamente com elas na equipe.<\/p>\n\n\n\n<p>E, para isso, existem cursos espec\u00edficos que ensinam a <a href=\"https:\/\/www.agendor.com.br\/blog\/gestao-de-talentos\/\" target=\"_blank\" rel=\"noreferrer noopener\">desenvolver pessoas e talentos<\/a>. \u00c9 vital aprender sobre gest\u00e3o de vendedores porque ela impacta diretamente a motiva\u00e7\u00e3o e o engajamento do time comercial.<\/p>\n\n\n\n<p>Isso, por sua vez, afeta os resultados individuais e coletivos, sem falar na possibilidade de reter mais talentos e criar uma equipe de alta performance.<\/p>\n\n\n\n<h3>Gest\u00e3o de metas<\/h3>\n\n\n\n<p>N\u00e3o \u00e9 simples <a href=\"https:\/\/www.agendor.com.br\/blog\/definicao-de-metas\/\" target=\"_blank\" rel=\"noreferrer noopener\">definir metas<\/a> individuais e coletivas de uma equipe de vendas. N\u00f3s sabemos. Por\u00e9m, para ampliar seus conhecimentos e ganhar experi\u00eancia pr\u00e1tica, basta escolher um curso voltado para esse objetivo.<\/p>\n\n\n\n<p>De modo geral, ele ensina a planejar, organizar, determinar metas e prazos e acompanhar o desempenho do time. E, al\u00e9m disso, h\u00e1 t\u00e9cnicas e ferramentas que ajudam a conquistar o objetivo final.<\/p>\n\n\n\n<p>Aprenda mais: \u201c<a href=\"https:\/\/www.agendor.com.br\/blog\/smart-metas-vendas\/\" target=\"_blank\" rel=\"noreferrer noopener\">Utilizando o m\u00e9todo SMART de vendas para criar metas de vendas mais inteligentes<\/a>\u201d<\/p>\n\n\n\n<h3>Mentoria<\/h3>\n\n\n\n<p>Um l\u00edder deve ser exemplo e inspirar seus liderados. E, para desenvolver essa habilidade, fa\u00e7a um curso focado em mentoria e\/ou coaching. Ambos contribuem para voc\u00ea se tornar um mentor de seus vendedores, capacitando outros l\u00edderes.<\/p>\n\n\n\n<h3>Lideran\u00e7a<\/h3>\n\n\n\n<p>Existem tamb\u00e9m cursos voltados para diversos aspectos da lideran\u00e7a, como:<\/p>\n\n\n\n<ul><li><a href=\"https:\/\/www.agendor.com.br\/blog\/conflitos-no-trabalho-em-equipe\/\" target=\"_blank\" rel=\"noreferrer noopener\">administra\u00e7\u00e3o de conflitos<\/a>;<\/li><li>intelig\u00eancia emocional de um gestor;<\/li><li>estrat\u00e9gias de negocia\u00e7\u00e3o;<\/li><li>t\u00e9cnicas de persuas\u00e3o;<\/li><li>planejamento estrat\u00e9gico;<\/li><li>orat\u00f3ria e boa comunica\u00e7\u00e3o;<\/li><li>gest\u00e3o do tempo;<\/li><li>e muito mais!<\/li><\/ul>\n\n\n\n<p>O importante \u00e9 entender quais conhecimentos e habilidades precisam ser desenvolvidos e, ent\u00e3o, buscar um curso de qualidade para obter novos aprendizados.<\/p>\n\n\n\n<h2>Qual o conte\u00fado de um curso de lideran\u00e7a?<\/h2>\n\n\n\n<p>Em geral, o conte\u00fado de um curso de lideran\u00e7a ensina, de maneira pr\u00e1tica, como desenvolver habilidades essenciais de um l\u00edder e gerenciar de modo adequado seus vendedores.<\/p>\n\n\n\n<p>Fora isso, os conte\u00fados abordados variam de acordo com o objetivo do curso, por exemplo:<\/p>\n\n\n\n<ul><li><strong>curso de gest\u00e3o de pessoas<\/strong>: aprender a <a href=\"https:\/\/www.agendor.com.br\/blog\/avaliacao-de-desempenho-feedback\/\" target=\"_blank\" rel=\"noreferrer noopener\">dar e receber feedback<\/a>, ter lideran\u00e7a humanizada e aprimorar as t\u00e9cnicas de motiva\u00e7\u00e3o e engajamento;<\/li><li><strong>curso de lideran\u00e7a<\/strong>: descobrir seu perfil de l\u00edder, administrar conflitos, desenvolver intelig\u00eancia emocional e mais.<\/li><\/ul>\n\n\n\n<h2>Os melhores cursos de lideran\u00e7a pagos<\/h2>\n\n\n\n<p>O curso de lideran\u00e7a \u00e9 um excelente caminho para quem deseja <strong>desenvolver as habilidades necess\u00e1rias para comandar uma equipe.<\/strong><\/p>\n\n\n\n<p>Voc\u00ea aprende t\u00e9cnicas para lidar com problemas de forma criativa, ter empatia, manter os colaboradores motivados, realizar a correta divis\u00e3o de tarefas, tomar decis\u00f5es bem-informadas e aproveitar melhor os talentos que se tem \u00e0 disposi\u00e7\u00e3o.<\/p>\n\n\n\n<p>Confira abaixo onde voc\u00ea pode fazer cursos de lideran\u00e7a pagos, online e presenciais.<\/p>\n\n\n\n<ol><li>Primeiros passos na lideran\u00e7a \u2013 Insper<\/li><\/ol>\n\n\n\n<p>Neste <a href=\"https:\/\/ee.insper.edu.br\/cursos\/lideranca-e-pessoas\/primeiros-passos-na-lideranca\/\" target=\"_blank\" rel=\"noreferrer noopener\">curso de curta dura\u00e7\u00e3o da Insper<\/a>, voc\u00ea aprende sobre as atribui\u00e7\u00f5es e os desafios de um l\u00edder e como identificar seu perfil de lideran\u00e7a, al\u00e9m de criar o pr\u00f3prio Plano Individual de Desenvolvimento.<\/p>\n\n\n\n<p>O curso tem dura\u00e7\u00e3o de 20 horas.<\/p>\n\n\n\n<ol start=\"2\"><li>Lideran\u00e7a e gest\u00e3o de pessoas \u2013 Insper<\/li><\/ol>\n\n\n\n<p>O objetivo desse <a href=\"https:\/\/ee.insper.edu.br\/cursos\/lideranca-e-pessoas\/lideranca-e-gestao-de-pessoas\/\" target=\"_blank\" rel=\"noreferrer noopener\">curso de desenvolvimento e lideran\u00e7a<\/a> \u00e9 formar l\u00edderes aptos para promover uma gest\u00e3o estrat\u00e9gica de pessoas.<\/p>\n\n\n\n<p>Com 36 horas de dura\u00e7\u00e3o, ele inclui temas como gerenciamento de conflitos, motiva\u00e7\u00e3o das equipes e feedback.<\/p>\n\n\n\n<ol start=\"3\"><li>Storytelling: melhorando a capacidade de comunica\u00e7\u00e3o<\/li><\/ol>\n\n\n\n<p>Um dos grandes problemas de profissionais e l\u00edderes \u00e9 ter uma excelente comunica\u00e7\u00e3o para realizar um trabalho eficiente e que motive outras pessoas. Para isso, a Insper tamb\u00e9m oferece um curso de lideran\u00e7a que foca na capacidade de se comunicar melhor.<\/p>\n\n\n\n<p>Com 17 horas de dura\u00e7\u00e3o, o objetivo principal \u00e9 usar a comunica\u00e7\u00e3o e a influ\u00eancia para ter resultados significativos. As t\u00e9cnicas ensinadas podem ser usadas em reuni\u00f5es, apresenta\u00e7\u00f5es, feedbacks, tomada de decis\u00e3o, instru\u00e7\u00e3o e muito mais.<\/p>\n\n\n\n<p>O curso <a href=\"https:\/\/ee.insper.edu.br\/cursos\/lideranca-e-pessoas\/storytelling-melhorando-a-capacidade-de-comunicacao\/\" target=\"_blank\" rel=\"noreferrer noopener\">Storytelling: melhorando a capacidade de comunica\u00e7\u00e3o<\/a> proporciona o entendimento das principais demandas do l\u00edder enquanto agente comunicador, al\u00e9m de habilidades t\u00e9cnicas e comportamentais para criar argumentos bem-embasados, conforme o contexto.<\/p>\n\n\n\n<ol start=\"4\"><li>Lideran\u00e7a 360\u00ba &#8211; FGV<\/li><\/ol>\n\n\n\n<p>Com 30 horas de dura\u00e7\u00e3o, o curso <a href=\"https:\/\/educacao-executiva.fgv.br\/cursos\/online\/curta-media-duracao-online\/lideranca-360o-abilio-diniz?oferta=106937\" target=\"_blank\" rel=\"noreferrer noopener\">Lideran\u00e7a 360\u00ba<\/a> \u00e9 ministrado online e foi criado pelo famoso empres\u00e1rio e administrador Abilio Diniz e Jaci Corr\u00eaa Leite.<\/p>\n\n\n\n<p>Os conte\u00fados oferecidos t\u00eam a finalidade de desenvolver algumas compet\u00eancias, como identificar e analisar v\u00e1rios tipos e cen\u00e1rios de lideran\u00e7a e otimizar os resultados da empresa com t\u00e9cnicas espec\u00edficas.&nbsp;<\/p>\n\n\n\n<ol start=\"5\"><li>Lideran\u00e7a e gest\u00e3o de equipes \u2013 FGV<\/li><\/ol>\n\n\n\n<p>O curso <a href=\"https:\/\/educacao-executiva.fgv.br\/cursos\/online\/curta-media-duracao-online\/lideranca-e-gestao-de-equipes?oferta=106938\" target=\"_blank\" rel=\"noreferrer noopener\">Lideran\u00e7a e gest\u00e3o de equipes<\/a> ensina sobre como formar times e como desenvolver uma postura \u00e9tica no trabalho.<\/p>\n\n\n\n<p>Nas 8 semanas de dura\u00e7\u00e3o desse curso de t\u00e9cnicas de lideran\u00e7a, voc\u00ea vai aprender a ter uma vis\u00e3o mais ampla sobre o verdadeiro papel de um l\u00edder e, ainda, elevar o autoconhecimento do seu perfil de gest\u00e3o.<\/p>\n\n\n\n<p>Em paralelo, o curso aborda os temas: din\u00e2mica de funcionamento das equipes, ambiente de mudan\u00e7as, intelig\u00eancia emocional, teorias motivacionais e ferramentas de gest\u00e3o, como feedback, delega\u00e7\u00e3o e empowerment.<\/p>\n\n\n\n<p>Leia tamb\u00e9m: \u201c<a href=\"https:\/\/www.agendor.com.br\/blog\/treinamentos-para-lideranca\/\" target=\"_blank\" rel=\"noreferrer noopener\">Treinamentos para lideran\u00e7a: 5 tipos de capacita\u00e7\u00e3o para desenvolver l\u00edderes e equipes<\/a>\u201d<\/p>\n\n\n\n<ol start=\"6\"><li>Lideran\u00e7a de impacto: conex\u00e3o e a\u00e7\u00e3o para resultados \u2013 FDC<\/li><\/ol>\n\n\n\n<p>Esse \u00e9 um <a href=\"https:\/\/www.fdc.org.br\/cursos-curta-duracao\/lideranca-impacto\" target=\"_blank\" rel=\"noreferrer noopener\">curso de lideran\u00e7a de curta dura\u00e7\u00e3o oferecido pela Funda\u00e7\u00e3o Dom Cabral<\/a>, voltado para quem deseja aprender como explorar o potencial das equipes de modo a conduzir os colaboradores a resultados de excel\u00eancia.<\/p>\n\n\n\n<p>Os conte\u00fados oferecidos s\u00e3o pautados na neuroci\u00eancia, psicologia, teoria U, motiva\u00e7\u00e3o 3.0, mindset fixo e de crescimento, entre outros temas.<\/p>\n\n\n\n<ol start=\"7\"><li>P\u00f3s-gradua\u00e7\u00e3o em lideran\u00e7a e gest\u00e3o de pessoas e neg\u00f3cios \u2013 FIA<\/li><\/ol>\n\n\n\n<p>Nessa <a href=\"https:\/\/fia.com.br\/pos-graduacao\/lideranca-gestao-pessoas-negocios\/\" target=\"_blank\" rel=\"noreferrer noopener\">p\u00f3s-gradua\u00e7\u00e3o lato sensu oferecida pela FIA<\/a>, as aulas s\u00e3o presenciais, em S\u00e3o Paulo.<\/p>\n\n\n\n<p>Durante os 16 meses deste curso de lideran\u00e7a, com dura\u00e7\u00e3o de 360 horas, voc\u00ea desenvolve compet\u00eancias gerenciais, de comunica\u00e7\u00e3o, articula\u00e7\u00e3o e constru\u00e7\u00e3o de parcerias e times de alta performance.<\/p>\n\n\n\n<p>Veja mais sobre esse curso no v\u00eddeo do professor Joel Dutra:<\/p>\n\n\n\n<figure class=\"wp-block-embed is-type-video is-provider-youtube wp-block-embed-youtube wp-embed-aspect-16-9 wp-has-aspect-ratio\"><div class=\"wp-block-embed__wrapper\">\n<iframe title=\"Prof. Dr. Joel Dutra -  P\u00f3s-Gradua\u00e7\u00e3o Lideran\u00e7a e Gest\u00e3o de Pessoas da FIA\" width=\"500\" height=\"281\" src=\"https:\/\/www.youtube.com\/embed\/EmPrTy0VEHw?feature=oembed\" frameborder=\"0\" allow=\"accelerometer; autoplay; clipboard-write; encrypted-media; gyroscope; picture-in-picture; web-share\" allowfullscreen><\/iframe>\n<\/div><\/figure>\n\n\n\n<ol start=\"8\"><li>Gest\u00e3o comercial e vendas &#8211; Conquer<\/li><\/ol>\n\n\n\n<p>Por falar em p\u00f3s-gradua\u00e7\u00e3o, citamos a de <a href=\"https:\/\/escolaconquer.com.br\/pos-graduacao\/gestao-comercial-e-vendas\" target=\"_blank\" rel=\"noreferrer noopener\">Gest\u00e3o comercial e vendas<\/a>, da Conquer, que ainda oferece outros cursos de lideran\u00e7a. Com dura\u00e7\u00e3o de 6 meses, ela aborda temas como an\u00e1lise de mercado, planejamento estrat\u00e9gico para vender mais r\u00e1pido, relacionamento com o cliente e t\u00e9cnicas para tornar seu time de alta performance.<\/p>\n\n\n\n<p>Leia mais: \u201c<a href=\"https:\/\/www.agendor.com.br\/blog\/como-desenvolver-a-lideranca\/\" target=\"_blank\" rel=\"noreferrer noopener\">Como desenvolver a lideran\u00e7a: 11 dicas para o seu crescimento pessoal e do neg\u00f3cio<\/a>\u201d<\/p>\n\n\n\n<h2>Cursos de lideran\u00e7a gratuitos<\/h2>\n\n\n\n<p>Para voc\u00ea que no momento n\u00e3o pode investir nos cursos que citamos at\u00e9 agora, separamos aqui mais op\u00e7\u00f5es de curso de lideran\u00e7a gratuitos e que voc\u00ea pode fazer no conforto da sua casa:<\/p>\n\n\n\n<ol start=\"9\"><li><a href=\"https:\/\/sebrae.com.br\/sites\/PortalSebrae\/cursosonline\/a-lideranca-na-gestao-de-equipes,df70b8a6a28bb610VgnVCM1000004c00210aRCRD\" target=\"_blank\" rel=\"noreferrer noopener\">A lideran\u00e7a na gest\u00e3o de equipes<\/a> \u2013 SEBRAE<\/li><li><a href=\"https:\/\/sebrae.com.br\/sites\/PortalSebrae\/cursosonline\/lideranca-como-desenvolver-times-de-alta-performance,f990b8a6a28bb610VgnVCM1000004c00210aRCRD\" target=\"_blank\" rel=\"noreferrer noopener\">Lideran\u00e7a: como desenvolver times de alta performance<\/a> \u2013 SEBRAE\u00a0<\/li><li><a href=\"https:\/\/www.udemy.com\/course\/lideranca-feminina\/\" target=\"_blank\" rel=\"noreferrer noopener\">Mulheres na lideran\u00e7a<\/a> \u2013 Udemy<\/li><li><a href=\"https:\/\/www.udemy.com\/course\/lideranca-e-gestao-de-equipes-40\/\" target=\"_blank\" rel=\"noreferrer noopener\">Lideran\u00e7a e gest\u00e3o de equipes 4.0<\/a> \u2013 Udemy<\/li><li><a href=\"https:\/\/www.coursera.org\/learn\/people-management\" target=\"_blank\" rel=\"noreferrer noopener\">The manager\u2019s toolkit: um guia pr\u00e1tico para gerenciar pessoas no trabalho<\/a> \u2013 Birkbeck, Universidade de Londres\u00a0<\/li><li><a href=\"https:\/\/www.coursera.org\/learn\/remote-team-management\" target=\"_blank\" rel=\"noreferrer noopener\">Como liderar equipes remotas<\/a> &#8211; GitLab\u00a0<\/li><li><a href=\"https:\/\/www.coursera.org\/learn\/leading-diverse-teams\" target=\"_blank\" rel=\"noreferrer noopener\">Liderando times diversos<\/a> &#8211; Irvine, Universidade da Calif\u00f3rnia.<\/li><\/ol>\n\n\n\n<p>Veja tamb\u00e9m: \u201c<a href=\"https:\/\/www.agendor.com.br\/blog\/video-lideranca-motivacao\/\" target=\"_blank\" rel=\"noreferrer noopener\">V\u00eddeos sobre lideran\u00e7a e motiva\u00e7\u00e3o que voc\u00ea precisa assistir<\/a>\u201d<\/p>\n\n\n\n<h2>J\u00e1 escolheu seu curso de lideran\u00e7a?<\/h2>\n\n\n\n<p>Se voc\u00ea atua em vendas e visa ser promovido ou acabou de entrar no cargo de gest\u00e3o, \u00e9 interessante se capacitar na lideran\u00e7a dessa \u00e1rea da empresa.<\/p>\n\n\n\n<p>Para ajudar, separamos um e-book completo que aborda como desenvolver a lideran\u00e7a, como manter a equipe unida e como fazer uma gest\u00e3o de alta performance, acompanhando os resultados dos vendedores.<\/p>\n\n\n\n<p><strong>Baixe agora<\/strong> <strong>e d\u00ea o primeiro passo em dire\u00e7\u00e3o \u00e0 sua evolu\u00e7\u00e3o profissional:<\/strong> \u201c<a href=\"https:\/\/materiais.agendor.com.br\/guia-para-gestao-eficiente-da-equipe-de-vendas\" target=\"_blank\" rel=\"noreferrer noopener\">Gest\u00e3o de equipe de vendas: GUIA completo para l\u00edderes<\/a>\u201d.<\/p>\n","protected":false},"excerpt":{"rendered":"<p>Est\u00e1 sem tempo para ler o conte\u00fado? Gostaria de poder acompanh\u00e1-lo enquanto dirige, caminha ou realiza outra atividade? Ent\u00e3o n\u00e3o perca tempo e ou\u00e7a este artigo na \u00edntegra. Basta clicar no play! Agradecemos o seu feedback nos coment\u00e1rios. \ud83d\ude42 Bons l\u00edderes s\u00e3o respons\u00e1veis por orientar o trabalho dos colaboradores, promover um relacionamento interno harmonioso, incentivar [&hellip;]<\/p>\n","protected":false},"author":48,"featured_media":40660,"comment_status":"closed","ping_status":"closed","sticky":false,"template":"","format":"standard","meta":[],"categories":[880],"tags":[177,794],"lista-de-leitura":[],"listas_de_leitura":[],"yoast_head":"<!-- This site is optimized with the Yoast SEO plugin v16.6.1 - https:\/\/yoast.com\/wordpress\/plugins\/seo\/ -->\n<title>15 cursos de lideran\u00e7a para voc\u00ea escolher! Online e presenciais!<\/title>\n<meta name=\"description\" content=\"Conhe\u00e7a os principais cursos de lideran\u00e7a online ou presenciais, pagos ou gratuitos, para elevar seus conhecimentos de gest\u00e3o de vendas. Aproveite!\" \/>\n<meta name=\"robots\" content=\"index, follow, max-snippet:-1, max-image-preview:large, max-video-preview:-1\" \/>\n<link rel=\"canonical\" href=\"https:\/\/www.agendor.com.br\/blog\/curso-de-lideranca\/\" \/>\n<meta property=\"og:locale\" content=\"pt_BR\" \/>\n<meta property=\"og:type\" content=\"article\" \/>\n<meta property=\"og:title\" content=\"15 cursos de lideran\u00e7a para voc\u00ea escolher! Online e presenciais!\" \/>\n<meta property=\"og:description\" content=\"Conhe\u00e7a os principais cursos de lideran\u00e7a online ou presenciais, pagos ou gratuitos, para elevar seus conhecimentos de gest\u00e3o de vendas. Aproveite!\" \/>\n<meta property=\"og:url\" content=\"https:\/\/www.agendor.com.br\/blog\/curso-de-lideranca\/\" \/>\n<meta property=\"og:site_name\" content=\"Blog Agendor\" \/>\n<meta property=\"article:publisher\" content=\"https:\/\/www.facebook.com\/agendor\" \/>\n<meta property=\"article:author\" content=\"https:\/\/s3-sa-east-1.amazonaws.com\/agendor-materiais\/autores\/gustavo-gomes.gif\" \/>\n<meta property=\"article:published_time\" content=\"2024-01-01T16:43:00+00:00\" \/>\n<meta property=\"article:modified_time\" content=\"2024-02-01T19:27:43+00:00\" \/>\n<meta property=\"og:image\" content=\"https:\/\/agendor-blog-uploads.s3.sa-east-1.amazonaws.com\/2021\/12\/16134527\/curso-de-lideranca.jpg\" \/>\n\t<meta property=\"og:image:width\" content=\"800\" \/>\n\t<meta property=\"og:image:height\" content=\"533\" \/>\n<meta name=\"twitter:card\" content=\"summary_large_image\" \/>\n<meta name=\"twitter:label1\" content=\"Est. reading time\" \/>\n\t<meta name=\"twitter:data1\" content=\"8 minutos\" \/>\n<!-- \/ Yoast SEO plugin. -->","_links":{"self":[{"href":"https:\/\/www.agendor.com.br\/blog\/wp-json\/wp\/v2\/posts\/40658"}],"collection":[{"href":"https:\/\/www.agendor.com.br\/blog\/wp-json\/wp\/v2\/posts"}],"about":[{"href":"https:\/\/www.agendor.com.br\/blog\/wp-json\/wp\/v2\/types\/post"}],"author":[{"embeddable":true,"href":"https:\/\/www.agendor.com.br\/blog\/wp-json\/wp\/v2\/users\/48"}],"replies":[{"embeddable":true,"href":"https:\/\/www.agendor.com.br\/blog\/wp-json\/wp\/v2\/comments?post=40658"}],"version-history":[{"count":0,"href":"https:\/\/www.agendor.com.br\/blog\/wp-json\/wp\/v2\/posts\/40658\/revisions"}],"wp:featuredmedia":[{"embeddable":true,"href":"https:\/\/www.agendor.com.br\/blog\/wp-json\/wp\/v2\/media\/40660"}],"wp:attachment":[{"href":"https:\/\/www.agendor.com.br\/blog\/wp-json\/wp\/v2\/media?parent=40658"}],"wp:term":[{"taxonomy":"category","embeddable":true,"href":"https:\/\/www.agendor.com.br\/blog\/wp-json\/wp\/v2\/categories?post=40658"},{"taxonomy":"post_tag","embeddable":true,"href":"https:\/\/www.agendor.com.br\/blog\/wp-json\/wp\/v2\/tags?post=40658"},{"taxonomy":"lista-de-leitura","embeddable":true,"href":"https:\/\/www.agendor.com.br\/blog\/wp-json\/wp\/v2\/lista-de-leitura?post=40658"},{"taxonomy":"listas_de_leitura","embeddable":true,"href":"https:\/\/www.agendor.com.br\/blog\/wp-json\/wp\/v2\/listas_de_leitura?post=40658"}],"curies":[{"name":"wp","href":"https:\/\/api.w.org\/{rel}","templated":true}]}}