{"id":40332,"date":"2021-11-04T18:52:19","date_gmt":"2021-11-04T21:52:19","guid":{"rendered":"https:\/\/www.agendor.com.br\/blog\/?p=40332"},"modified":"2021-11-05T17:19:51","modified_gmt":"2021-11-05T20:19:51","slug":"planejamento-de-vendas-2022","status":"publish","type":"post","link":"https:\/\/www.agendor.com.br\/blog\/planejamento-de-vendas-2022\/","title":{"rendered":"Planejamento de vendas 2022: pontos a considerar ao estabelecer as estrat\u00e9gias para o pr\u00f3ximo ano"},"content":{"rendered":"\n<p><em>Depois de um longo per\u00edodo de muitas incertezas e restri\u00e7\u00f5es, nos aproximamos do final do ano avistando, finalmente, uma luz no fim do t\u00fanel &#8211; pelo menos no que diz respeito \u00e0 situa\u00e7\u00e3o da pandemia de Covid-19. Por outro lado, continuamos a viver uma grande instabilidade em outros aspectos e tudo isso precisa ser considerado ao fazer o planejamento de vendas de 2022.<\/em><\/p>\n\n\n\n<p>O momento de planejar o ano que se inicia \u00e9 extremamente importante para os neg\u00f3cios e, ao mesmo tempo, bastante desafiador para os gestores. Como aprendemos &#8211; for\u00e7osamente &#8211; nos \u00faltimos anos, <strong>o contexto externo merece aten\u00e7\u00e3o especial na hora de desenhar a estrat\u00e9gia comercial e as a\u00e7\u00f5es do pr\u00f3ximo per\u00edodo<\/strong>.&nbsp;<\/p>\n\n\n\n<p>Por essa raz\u00e3o, neste artigo, vamos trazer <strong>pontos fundamentais do cen\u00e1rio que devem ser avaliados antes da tomada de decis\u00e3o sobre o futuro da empresa, al\u00e9m de previs\u00f5es, tend\u00eancias e dicas nas quais \u00e9 preciso ficar de olho para acertar no <a href=\"https:\/\/www.agendor.com.br\/blog\/como-elaborar-plano-vendas-empresa\/\" target=\"_blank\" rel=\"noreferrer noopener\">planejamento de vendas<\/a> 2022<\/strong>. Confira antes de come\u00e7ar o da sua empresa!<\/p>\n\n\n\n<h2>O que considerar e avaliar para fazer um bom planejamento de vendas 2022?<\/h2>\n\n\n\n<p>O objetivo de fazer um planejamento comercial para o pr\u00f3ximo ano deve ser se preparar para ir atr\u00e1s de resultados melhores, sobretudo depois de um per\u00edodo t\u00e3o conturbado e de preju\u00edzos para muitos neg\u00f3cios.<\/p>\n\n\n\n<p>Avaliando o contexto externo e estando a par das tend\u00eancias, \u00e9 poss\u00edvel esbo\u00e7ar diferentes cen\u00e1rios e, assim, estar mais preparado, independentemente do que se apresentar. Vamos, ent\u00e3o, a alguns fatores para ter em considera\u00e7\u00e3o ao desenhar o seu planejamento de vendas para 2022?<\/p>\n\n\n\n<h3>Vacina\u00e7\u00e3o avan\u00e7a<\/h3>\n\n\n\n<p>At\u00e9 o dia 3 de novembro, <a href=\"https:\/\/g1.globo.com\/saude\/coronavirus\/vacinas\/noticia\/2021\/11\/03\/vacinacao-contra-a-covid-1168-milhoes-estao-totalmente-imunizados.ghtml\" target=\"_blank\" rel=\"noreferrer noopener\">mais de 280 milh\u00f5es de doses de vacinas contra Covid foram aplicadas no pa\u00eds<\/a>, somando-se um total de mais de 116 milh\u00f5es de brasileiros que j\u00e1 completaram o esquema vacinal. Isso representa 54,79% da popula\u00e7\u00e3o totalmente imunizada, o que, de fato, j\u00e1 est\u00e1 refletindo nos \u00edndices de contamina\u00e7\u00e3o, que v\u00eam baixando nos \u00faltimos tempos.<\/p>\n\n\n\n<p>Diante dessa melhora expressiva no cen\u00e1rio pand\u00eamico,<strong> estamos assistindo \u00e0 situa\u00e7\u00e3o se \u201cnormalizar\u201d na maior parte das cidades, inclusive a volta de eventos presenciais que ficaram suspensos por muito tempo<\/strong>.&nbsp;Ou seja, voltamos a ter essa possibilidade para prospec\u00e7\u00e3o em nossos planejamentos!<\/p>\n\n\n\n<p>Al\u00e9m disso, neste momento, a maior parte das empresas j\u00e1 est\u00e1 trabalhando normalmente, sem preju\u00edzos \u00e0s opera\u00e7\u00f5es. \u00c9 evidente que esse retorno traz uma certa euforia, mas \u00e9 importante n\u00e3o esquecer que algumas medidas \u2013 como uso de m\u00e1scara e de \u00e1lcool gel \u2013 ainda s\u00e3o necess\u00e1rias para impedir a propaga\u00e7\u00e3o do v\u00edrus e um novo aumento de casos. <\/p>\n\n\n\n<p>Por\u00e9m, j\u00e1 percebemos que as pessoas, de forma geral, est\u00e3o com uma postura mais otimista diante dos acontecimentos e lidando melhor com todos os <a href=\"https:\/\/www.agendor.com.br\/blog\/desafios-emocionais-causados-pela-crise\/\" target=\"_blank\" rel=\"noreferrer noopener\">desafios emocionais<\/a>. <strong>Compradores mais dispostos a conversar, vendedores mais motivados&#8230; Tudo isso gera um cen\u00e1rio muito mais favor\u00e1vel para as vendas!<\/strong><\/p>\n\n\n\n<h3>Modelo h\u00edbrido<\/h3>\n\n\n\n<p>Por mais que muitas pessoas voltem a trabalhar no escrit\u00f3rio e muitos eventos e negocia\u00e7\u00f5es voltem a ser presenciais, provavelmente uma das <a href=\"https:\/\/www.agendor.com.br\/blog\/tendencias-vendas-2022\/\" target=\"_blank\" rel=\"noreferrer noopener\">principais tend\u00eancias esbo\u00e7adas por especialistas para os pr\u00f3ximos tempos<\/a> \u00e9 a relacionada ao \u201cmodelo h\u00edbrido\u201d de trabalho.&nbsp;<\/p>\n\n\n\n<p>\u00c9 fato que n\u00e3o voltaremos ao mundo anterior \u00e0 pandemia, at\u00e9 porque muitas empresas descobriram que podem se virar muito bem no ambiente virtual e ainda reduzir custos. Sendo assim, <strong>nem tudo voltar\u00e1 a ser feito em presen\u00e7a e isso vale tanto para o trabalho em si \u2013 que muitos continuam a fazer remotamente \u2013 quanto para viagens de neg\u00f3cios ou at\u00e9 mesmo grandes eventos \u2013 que se adaptaram ao online<\/strong>.<\/p>\n\n\n\n<p>Por essa raz\u00e3o, antes de voltar completamente ao modelo anterior a mar\u00e7o de 2020, vale avaliar se o formato h\u00edbrido n\u00e3o seria mais vantajoso para a sua equipe. <\/p>\n\n\n\n<p><strong>Al\u00e9m do mais, opera\u00e7\u00f5es de <a href=\"https:\/\/www.agendor.com.br\/blog\/conceito-vendas-externas\/\" target=\"_blank\" rel=\"noreferrer noopener\">vendas externas<\/a> precisam remodelar seus processos e atividades para atender tamb\u00e9m esses clientes que n\u00e3o est\u00e3o indo ao escrit\u00f3rio<\/strong>. As reuni\u00f5es ser\u00e3o presenciais, por\u00e9m em locais alternativos? Ou mudar\u00e3o para o formato online? Qual percentual da base de prospects est\u00e1 nessa condi\u00e7\u00e3o? Essas s\u00e3o algumas das perguntas que precisam ser respondidas!<\/p>\n\n\n\n<p>Veja tamb\u00e9m: <a href=\"https:\/\/www.agendor.com.br\/blog\/vendas-b2b-digitais\/\" target=\"_blank\" rel=\"noreferrer noopener\"><strong>Vendas B2B digitais: o cen\u00e1rio para o p\u00f3s-pandemia<\/strong><\/a><\/p>\n\n\n\n<p><strong>Falando em vendas externas, confira essas dicas:<\/strong><\/p>\n\n\n\n<figure class=\"wp-block-image size-large\"><img src=\"https:\/\/agendor-blog-uploads.s3.sa-east-1.amazonaws.com\/2016\/12\/19173127\/29-6-Tecnicas-de-Vendas-Externas.jpg\" alt=\"\"\/><\/figure>\n\n\n\n<h3>Instabilidade econ\u00f4mica e pol\u00edtica<\/h3>\n\n\n\n<p>Se por um lado a vacina\u00e7\u00e3o est\u00e1 avan\u00e7ando e a pandemia come\u00e7a a dar uma tr\u00e9gua, por outro, n\u00e3o podemos esquecer que ainda vivemos um momento desafiador em termos econ\u00f4micos no pa\u00eds. Logo, <strong>para o planejamento de vendas de 2022, \u00e9 necess\u00e1rio fazer esse contraponto ao otimismo e considerar que temos um rescaldo de crise para superar por aqui<\/strong>.&nbsp;<\/p>\n\n\n\n<p>De acordo com o <a href=\"https:\/\/www.bcb.gov.br\/publicacoes\/focus\" target=\"_blank\" rel=\"noreferrer noopener\">\u00faltimo relat\u00f3rio Focus<\/a>, divulgado no dia 1\u00ba de novembro pelo Banco Central, a proje\u00e7\u00e3o do mercado j\u00e1 est\u00e1 acima do dobro da meta central de infla\u00e7\u00e3o para o ano de 2021: era de 3,75% e est\u00e1 em 7,5%.&nbsp;&nbsp;<\/p>\n\n\n\n<p><em>Para 2022, estima-se que a taxa b\u00e1sica de juros fique acima de 10% ao ano e o mercado reduziu ainda mais a previs\u00e3o de alta do PIB, que passou de 1,40% para 1,20%. Al\u00e9m disso, a expectativa para a taxa Selic passou de 9,5% para 10,25% ao ano, o que pressup\u00f5e alta do juro b\u00e1sico da economia tamb\u00e9m em 2022.<\/em><\/p>\n\n\n\n<p>Como podemos perceber, as previs\u00f5es n\u00e3o s\u00e3o nem um pouco positivas e tudo indica que vamos ter um ano de muitos desafios em termos econ\u00f4micos. <strong>Toda essa instabilidade deve ser intensificada ainda mais pelas elei\u00e7\u00f5es, que refletem diretamente na pauta pol\u00edtica e tamb\u00e9m movimentam a economia<\/strong>.<\/p>\n\n\n\n<p>Isso significa que \u00e9 fundamental trabalhar com muita cautela em rela\u00e7\u00e3o ao or\u00e7amento ao planejar as estrat\u00e9gias para o pr\u00f3ximo ano. Definitivamente, n\u00e3o \u00e9 o momento de dar passos maiores que a perna e nem de correr o risco de realizar investimentos de forma arriscada, mas, sim, de ser ponderado e prudente.<\/p>\n\n\n\n<h2>Dicas r\u00e1pidas para acertar no planejamento de vendas 2022<\/h2>\n\n\n\n<p>Para finalizar, depois de pontuar fatores do contexto e tend\u00eancias que devem pesar no planejamento de vendas de 2022, vamos a algumas dicas r\u00e1pidas para voc\u00ea planejar o pr\u00f3ximo ano do seu time comercial. Acompanhe!<\/p>\n\n\n\n<h4>Avalie o ano que passou<\/h4>\n\n\n\n<p>Antes de fazer proje\u00e7\u00f5es e <a href=\"https:\/\/www.agendor.com.br\/blog\/como-estipular-meta-de-vendas\/\" target=\"_blank\" rel=\"noreferrer noopener\">estipular metas<\/a> para 2022, \u00e9 essencial fazer uma an\u00e1lise aprofundada do hist\u00f3rico de vendas de 2021 e um balan\u00e7o das a\u00e7\u00f5es que deram certo e que deram errado nos \u00faltimos meses. Isso ajudar\u00e1 a orientar as estrat\u00e9gias para o futuro.<\/p>\n\n\n\n<h4>Atualize os objetivos da empresa<\/h4>\n\n\n\n<p>Para poder ir em busca de resultados melhores, \u00e9 preciso saber onde se quer chegar. Para que se definam medidas que v\u00e3o de encontro \u00e0s metas do neg\u00f3cio, o planejamento de vendas 2022 deve estar alinhado com os objetivos estrat\u00e9gicos da empresa.&nbsp;<\/p>\n\n\n\n<p>Veja tamb\u00e9m: <a href=\"https:\/\/www.agendor.com.br\/blog\/low-touch-economy\/\" target=\"_blank\" rel=\"noreferrer noopener\"><strong>Low touch economy: o que \u00e9 e como afeta as vendas B2B<\/strong><\/a><\/p>\n\n\n\n<h4>Defina os recursos dispon\u00edveis<\/h4>\n\n\n\n<p>Com qual budget a equipe comercial vai contar no pr\u00f3ximo ano? Ter isso definido \u00e9 fundamental para tra\u00e7ar as estrat\u00e9gias que ser\u00e3o adotadas e alocar os recursos da melhor forma para executar o plano.<\/p>\n\n\n\n<h4>Estabele\u00e7a as a\u00e7\u00f5es concretas necess\u00e1rias<\/h4>\n\n\n\n<p>O planejamento de vendas para 2022 precisa determinar as a\u00e7\u00f5es concretas que ser\u00e3o realizadas no pr\u00f3ximo ano a fim de buscar os resultados desejados. \u00c9 interessante que se tenha, inclusive, uma lista de tarefas e um calend\u00e1rio completo com datas e etapas a serem conclu\u00eddas. Isso tamb\u00e9m facilita o entendimento do time em rela\u00e7\u00e3o ao papel de cada um no que ser\u00e1 feito&nbsp; nos pr\u00f3ximos meses.<\/p>\n\n\n\n<p>Veja tamb\u00e9m: <a href=\"https:\/\/www.agendor.com.br\/blog\/revisao-de-planejamento-estrategico\/\" target=\"_blank\" rel=\"noreferrer noopener\"><strong>Revis\u00e3o de planejamento estrat\u00e9gico: por que esse processo \u00e9 fundamental?<\/strong><\/a><\/p>\n\n\n\n<h4>Acompanhe os resultados e revise o planejamento<\/h4>\n\n\n\n<p>Por fim, apesar de ser uma ferramenta essencial, \u00e9 importante ter em mente que o planejamento n\u00e3o deve ser algo fixo e inflex\u00edvel, muito pelo contr\u00e1rio. Se tem uma coisa que a pandemia nos ensinou foi a import\u00e2ncia de ficar ainda mais atentos ao contexto para poder agir r\u00e1pido caso seja necess\u00e1rio fazer adapta\u00e7\u00f5es e redefinir as estrat\u00e9gias.<\/p>\n\n\n\n<p>Portanto, a nossa \u00faltima dica \u00e9 que, ao longo de 2022, considerando o que acontece externamente e acompanhando os resultados do time de vendas, o planejamento seja revisado de modo regular e ajustado sempre que necess\u00e1rio.<\/p>\n\n\n\n<h2>Planejamento \u00e9 um exerc\u00edcio constante!<\/h2>\n\n\n\n<p>Planejar deve ser um exerc\u00edcio constante para qualquer time de vendas. E, em momentos de recupera\u00e7\u00e3o do mercado, mais ainda! Por isso, conte com todas as ferramentas que possam auxiliar a guiar as decis\u00f5es com base em dados. E o <a href=\"https:\/\/www.agendor.com.br\/\" target=\"_blank\" rel=\"noreferrer noopener\">sistema de CRM<\/a> \u00e9 uma delas! <\/p>\n\n\n\n<p><strong>Entenda como funciona o CRM do Agendor:<\/strong><\/p>\n\n\n\n<figure class=\"wp-block-embed is-type-video is-provider-youtube wp-block-embed-youtube wp-embed-aspect-16-9 wp-has-aspect-ratio\"><div class=\"wp-block-embed__wrapper\">\n<iframe title=\"DEMONSTRA\u00c7\u00c3O AGENDOR - Conhe\u00e7a nossa plataforma em 3 minutos!\" width=\"500\" height=\"281\" src=\"https:\/\/www.youtube.com\/embed\/HZYinmaTKdM?feature=oembed\" frameborder=\"0\" allow=\"accelerometer; autoplay; clipboard-write; encrypted-media; gyroscope; picture-in-picture; web-share\" allowfullscreen><\/iframe>\n<\/div><\/figure>\n\n\n\n<p><em>Precisa estruturar seu planejamento de vendas 2022? Nosso&nbsp;<strong>Kit de planilhas de vendas<\/strong>&nbsp;pode ajudar.&nbsp;<strong><a href=\"http:\/\/materiais.agendor.com.br\/kit-planilhas-de-vendas\" target=\"_blank\" rel=\"noreferrer noopener\">Acesse o link para fazer download<\/a><\/strong>!<\/em><\/p>\n","protected":false},"excerpt":{"rendered":"<p>Depois de um longo per\u00edodo de muitas incertezas e restri\u00e7\u00f5es, nos aproximamos do final do ano avistando, finalmente, uma luz no fim do t\u00fanel &#8211; pelo menos no que diz respeito \u00e0 situa\u00e7\u00e3o da pandemia de Covid-19. Por outro lado, continuamos a viver uma grande instabilidade em outros aspectos e tudo isso precisa ser considerado [&hellip;]<\/p>\n","protected":false},"author":48,"featured_media":40358,"comment_status":"closed","ping_status":"closed","sticky":false,"template":"","format":"standard","meta":[],"categories":[885],"tags":[492,794],"lista-de-leitura":[],"listas_de_leitura":[],"yoast_head":"<!-- This site is optimized with the Yoast SEO plugin v16.6.1 - https:\/\/yoast.com\/wordpress\/plugins\/seo\/ -->\n<title>Planejamento de vendas 2022: o que considerar ao planejar o pr\u00f3ximo ano<\/title>\n<meta name=\"description\" content=\"Neste artigo, apresentamos fatores externos, tend\u00eancias, previs\u00f5es e dicas para acertar no planejamento de vendas 2022.\" \/>\n<meta name=\"robots\" content=\"index, follow, max-snippet:-1, max-image-preview:large, max-video-preview:-1\" \/>\n<link rel=\"canonical\" href=\"https:\/\/www.agendor.com.br\/blog\/planejamento-de-vendas-2022\/\" \/>\n<meta property=\"og:locale\" content=\"pt_BR\" \/>\n<meta property=\"og:type\" content=\"article\" \/>\n<meta property=\"og:title\" content=\"Planejamento de vendas 2022: o que considerar ao planejar o pr\u00f3ximo ano\" \/>\n<meta property=\"og:description\" content=\"Neste artigo, apresentamos fatores externos, tend\u00eancias, previs\u00f5es e dicas para acertar no planejamento de vendas 2022.\" \/>\n<meta property=\"og:url\" content=\"https:\/\/www.agendor.com.br\/blog\/planejamento-de-vendas-2022\/\" \/>\n<meta property=\"og:site_name\" content=\"Blog Agendor\" \/>\n<meta property=\"article:publisher\" content=\"https:\/\/www.facebook.com\/agendor\" \/>\n<meta property=\"article:author\" content=\"https:\/\/s3-sa-east-1.amazonaws.com\/agendor-materiais\/autores\/gustavo-gomes.gif\" \/>\n<meta property=\"article:published_time\" content=\"2021-11-04T21:52:19+00:00\" \/>\n<meta property=\"article:modified_time\" content=\"2021-11-05T20:19:51+00:00\" \/>\n<meta property=\"og:image\" content=\"https:\/\/agendor-blog-uploads.s3.sa-east-1.amazonaws.com\/2021\/11\/05171925\/planejamento-de-vendas-2022-1.jpg\" \/>\n\t<meta property=\"og:image:width\" content=\"800\" \/>\n\t<meta property=\"og:image:height\" content=\"531\" \/>\n<meta name=\"twitter:card\" content=\"summary_large_image\" \/>\n<meta name=\"twitter:label1\" content=\"Est. reading time\" \/>\n\t<meta name=\"twitter:data1\" content=\"7 minutos\" \/>\n<!-- \/ Yoast SEO plugin. -->","_links":{"self":[{"href":"https:\/\/www.agendor.com.br\/blog\/wp-json\/wp\/v2\/posts\/40332"}],"collection":[{"href":"https:\/\/www.agendor.com.br\/blog\/wp-json\/wp\/v2\/posts"}],"about":[{"href":"https:\/\/www.agendor.com.br\/blog\/wp-json\/wp\/v2\/types\/post"}],"author":[{"embeddable":true,"href":"https:\/\/www.agendor.com.br\/blog\/wp-json\/wp\/v2\/users\/48"}],"replies":[{"embeddable":true,"href":"https:\/\/www.agendor.com.br\/blog\/wp-json\/wp\/v2\/comments?post=40332"}],"version-history":[{"count":0,"href":"https:\/\/www.agendor.com.br\/blog\/wp-json\/wp\/v2\/posts\/40332\/revisions"}],"wp:featuredmedia":[{"embeddable":true,"href":"https:\/\/www.agendor.com.br\/blog\/wp-json\/wp\/v2\/media\/40358"}],"wp:attachment":[{"href":"https:\/\/www.agendor.com.br\/blog\/wp-json\/wp\/v2\/media?parent=40332"}],"wp:term":[{"taxonomy":"category","embeddable":true,"href":"https:\/\/www.agendor.com.br\/blog\/wp-json\/wp\/v2\/categories?post=40332"},{"taxonomy":"post_tag","embeddable":true,"href":"https:\/\/www.agendor.com.br\/blog\/wp-json\/wp\/v2\/tags?post=40332"},{"taxonomy":"lista-de-leitura","embeddable":true,"href":"https:\/\/www.agendor.com.br\/blog\/wp-json\/wp\/v2\/lista-de-leitura?post=40332"},{"taxonomy":"listas_de_leitura","embeddable":true,"href":"https:\/\/www.agendor.com.br\/blog\/wp-json\/wp\/v2\/listas_de_leitura?post=40332"}],"curies":[{"name":"wp","href":"https:\/\/api.w.org\/{rel}","templated":true}]}}