{"id":37934,"date":"2022-10-22T13:19:00","date_gmt":"2022-10-22T16:19:00","guid":{"rendered":"https:\/\/www.agendor.com.br\/blog\/?p=37934"},"modified":"2024-12-16T15:57:03","modified_gmt":"2024-12-16T18:57:03","slug":"dinamica-inteligencia-emocional-no-trabalho","status":"publish","type":"post","link":"https:\/\/www.agendor.com.br\/blog\/dinamica-inteligencia-emocional-no-trabalho\/","title":{"rendered":"Din\u00e2mica para intelig\u00eancia emocional no trabalho: 4 melhores op\u00e7\u00f5es"},"content":{"rendered":"\n<p>Estamos em um per\u00edodo de \u201cnervos \u00e0 flor da pele\u201d, no qual est\u00e1 mais dif\u00edcil evitar insatisfa\u00e7\u00f5es, pequenos conflitos e outros desafios na gest\u00e3o de times. Diante disso, j\u00e1 pensou em implementar uma din\u00e2mica para intelig\u00eancia emocional no trabalho e ajudar seus colaboradores a lidarem melhor com suas emo\u00e7\u00f5es?<\/p>\n\n\n\n<h3 class=\"titleKeyTakeaways\"><h3><strong>Principais aprendizados deste artigo:<\/strong><\/h3><\/ul>\n\n\n\n<ul class=\"keyTakeaways\"><ul><li><a href=\"http:\/\/www.agendor.com.br\/blog\/inteligencia-emocional-em-vendas\/?cta=blog-principais-aprendizados\" target=\"_blank\" rel=\"noreferrer noopener\">Intelig\u00eancia emocional<\/a> \u00e9 saber reconhecer e controlar as pr\u00f3prias emo\u00e7\u00f5es e as das pessoas \u00e0 nossa volta.\u00a0<\/li><li>Aprender como lidar com as emo\u00e7\u00f5es ajuda a <a href=\"http:\/\/www.agendor.com.br\/blog\/como-aumentar-minha-produtividade\/?cta=blog-principais-aprendizados\" target=\"_blank\" rel=\"noreferrer noopener\">aumentar a produtividade<\/a>, melhorar o desempenho no dia a dia e ter mais assertividade na tomada de decis\u00f5es.<\/li><li><a href=\"http:\/\/www.agendor.com.br\/blog\/dinamicas-de-grupo-para-a-selecao-de-vendedores\/?cta=blog-principais-aprendizados\" target=\"_blank\" rel=\"noreferrer noopener\">Din\u00e2micas de grupo<\/a> podem ser muito \u00fateis e auxiliam no desenvolvimento da intelig\u00eancia emocional dos colaboradores.<\/li><li>O emocional dos vendedores consegue afetar as vendas diretamente. Por isso, \u00e9 crucial analisar os resultados das suas din\u00e2micas no dia a dia. Aprenda como fazer isso no nosso <a href=\"https:\/\/materiais.agendor.com.br\/kpi-indicadores-desempenho-equipe-vendas?cta=blog-principais-aprendizados\" target=\"_blank\" rel=\"noreferrer noopener\">guia gratuito sobre KPIs de vendas<\/a> e saiba como tirar o melhor do seu time.<\/li><\/ul><\/ul>\n\n\n\n<p><span style=\"font-weight: 400;\">A intelig\u00eancia emocional \u00e9 uma caracter\u00edstica cada vez mais relevante e necess\u00e1ria para o ambiente de trabalho, por isso desenvolv\u00ea-la tem sido um fator de sucesso para as pessoas e para as equipes!<\/span><\/p>\n\n\n\n<p><b>Afinal, a maneira com que l\u00edderes e colaboradores lidam com suas pr\u00f3prias emo\u00e7\u00f5es e com a de seus colegas pode impactar no <\/b><b>clima organizacional<\/b><b> e no desempenho coletivo.<\/b><\/p>\n\n\n\n<p><span style=\"font-weight: 400;\">Tendo isso em vista, elaboramos aqui um conte\u00fado que vai explicar o que \u00e9 intelig\u00eancia emocional e por que esse conceito \u00e9 t\u00e3o importante.<\/span><\/p>\n\n\n\n<p>Sem tempo para ler? Clique no play abaixo para ouvir esse conte\u00fado!<\/p>\n\n\n\n<p><iframe style=\"height: 83px !important;\" src=\"https:\/\/go.vooozer.com\/embed\/ae190d37\" width=\"100%\" height=\"83\" frameborder=\"0\" scrolling=\"no\" allowfullscreen=\"allowfullscreen\"><\/iframe><\/p>\n\n\n\n<p><span style=\"font-weight: 400;\">Al\u00e9m disso, vamos mostrar tamb\u00e9m 4 op\u00e7\u00f5es de din\u00e2mica para intelig\u00eancia emocional no trabalho que voc\u00ea pode aplicar com os colaboradores da sua empresa:<\/span><\/p>\n\n\n\n<ol><li style=\"font-weight: 400;\" aria-level=\"1\"><span style=\"font-weight: 400;\">Dicion\u00e1rio de emo\u00e7\u00f5es;<\/span><\/li><li style=\"font-weight: 400;\" aria-level=\"1\"><span style=\"font-weight: 400;\">Valorize o que h\u00e1 de bom em si mesmo;<\/span><\/li><li style=\"font-weight: 400;\" aria-level=\"1\"><span style=\"font-weight: 400;\">Encenando emo\u00e7\u00f5es;<\/span><\/li><li style=\"font-weight: 400;\" aria-level=\"1\"><span style=\"font-weight: 400;\">Colorindo emo\u00e7\u00f5es.<\/span><\/li><\/ol>\n\n\n\n<p><span style=\"font-weight: 400;\">Leia tamb\u00e9m: <\/span><a href=\"https:\/\/www.agendor.com.br\/blog\/inteligencia-emocional-no-trabalho\/\" target=\"_blank\" rel=\"noopener noreferrer\"><span style=\"font-weight: 400;\">TESTE: Seu chefe tem intelig\u00eancia emocional no trabalho?<\/span><\/a><\/p>\n\n\n\n<h2>O que \u00e9 intelig\u00eancia emocional?<\/h2>\n\n\n\n<p><span style=\"font-weight: 400;\">Mas, antes de conhecermos as din\u00e2micas, o que \u00e9 intelig\u00eancia emocional exatamente?<\/span><\/p>\n\n\n\n<p><span style=\"font-weight: 400;\">Podemos defini-la como a capacidade que cada pessoa tem de reconhecer e controlar n\u00e3o somente as suas emo\u00e7\u00f5es, mas tamb\u00e9m as emo\u00e7\u00f5es das pessoas que est\u00e3o \u00e0 sua volta.<\/span><\/p>\n\n\n\n<p><span style=\"font-weight: 400;\">Sendo assim, um indiv\u00edduo inteligente nesse aspecto consegue ter consci\u00eancia sobre seus sentimentos e organizar seus \u00e2nimos em diferentes situa\u00e7\u00f5es.<\/span><\/p>\n\n\n\n<p><span style=\"font-weight: 400;\">A pessoa que desenvolve uma intelig\u00eancia emocional \u00e9 capaz de motivar a si mesma, controlar suas rea\u00e7\u00f5es perante diferentes est\u00edmulos, ser menos impulsiva e encontrar o equil\u00edbrio entre raz\u00e3o e emo\u00e7\u00e3o.<\/span><\/p>\n\n\n\n<p><span style=\"font-weight: 400;\">Veja mais: <\/span><a href=\"https:\/\/www.agendor.com.br\/blog\/inteligencia-emocional-em-vendas\/\" target=\"_blank\" rel=\"noopener noreferrer\"><span style=\"font-weight: 400;\">Intelig\u00eancia emocional em vendas: como controlar suas emo\u00e7\u00f5es pode te ajudar a atingir a alta performance?<\/span><\/a><\/p>\n\n\n\n<p><strong>Quais s\u00e3o as 7 atitudes para ter sucesso em vendas? Conhe\u00e7a!<\/strong><\/p>\n\n\n\n<div class=\"wp-block-image\"><figure class=\"aligncenter\"><img width=\"850\" height=\"1203\" src=\"https:\/\/agendor-blog-uploads.s3.sa-east-1.amazonaws.com\/2017\/02\/20151018\/32-7-atitudes-para-ter-sucesso-em-vendas.jpg\" alt=\"7 atitudes para ter sucesso em vendas\" class=\"wp-image-36610\" srcset=\"https:\/\/agendor-blog-uploads.s3.sa-east-1.amazonaws.com\/2017\/02\/20151018\/32-7-atitudes-para-ter-sucesso-em-vendas.jpg 850w, https:\/\/agendor-blog-uploads.s3.sa-east-1.amazonaws.com\/2017\/02\/20151018\/32-7-atitudes-para-ter-sucesso-em-vendas-452x640.jpg 452w, https:\/\/agendor-blog-uploads.s3.sa-east-1.amazonaws.com\/2017\/02\/20151018\/32-7-atitudes-para-ter-sucesso-em-vendas-768x1087.jpg 768w\" sizes=\"(max-width: 850px) 100vw, 850px\" \/><\/figure><\/div>\n\n\n\n<h2>Qual a import\u00e2ncia da intelig\u00eancia emocional no trabalho?<\/h2>\n\n\n\n<p><span style=\"font-weight: 400;\">A intelig\u00eancia emocional \u00e9 necess\u00e1ria em diferentes aspectos da vida de um indiv\u00edduo, inclusive no trabalho.<\/span><\/p>\n\n\n\n<p><span style=\"font-weight: 400;\">Em um ambiente em que h\u00e1 significativa cobran\u00e7a por resultados e por um melhor desempenho, a intelig\u00eancia emocional vai ajudar a manter o colaborador no eixo e focado em suas metas e objetivos.<\/span><\/p>\n\n\n\n<p><span style=\"font-weight: 400;\">Entender e controlar as emo\u00e7\u00f5es favorece a tomada de decis\u00f5es mais assertivas. Al\u00e9m disso, a intelig\u00eancia emocional contribui para a cria\u00e7\u00e3o de um ambiente organizacional mais leve e saud\u00e1vel para os colaboradores, o que acaba<\/span> <b>refletindo na <a href=\"https:\/\/www.agendor.com.br\/blog\/app-vendedores-autonomos\/\" target=\"_blank\" rel=\"noopener noreferrer\">melhoria da produtividade<\/a> e do engajamento<\/b><span style=\"font-weight: 400;\"> deles.<\/span><\/p>\n\n\n\n<p><span style=\"font-weight: 400;\">A import\u00e2ncia da intelig\u00eancia emocional no trabalho tamb\u00e9m reside no fato de que ela <\/span><b>permite aos gestores lidar melhor com situa\u00e7\u00f5es de conflito<\/b><span style=\"font-weight: 400;\">.<\/span><\/p>\n\n\n\n<p><span style=\"font-weight: 400;\">Com intelig\u00eancia emocional, passa-se a ter maior controle sobre a maneira de reagir diante de determinadas situa\u00e7\u00f5es desagrad\u00e1veis, evitando proferir ofensas e adotar um tom mais agressivo.<\/span><\/p>\n\n\n\n<p><span style=\"font-weight: 400;\">Ent\u00e3o, podemos dizer que a intelig\u00eancia emocional \u00e9 importante para a preserva\u00e7\u00e3o de boas rela\u00e7\u00f5es interpessoais no local de trabalho.<\/span><\/p>\n\n\n\n<p><span style=\"font-weight: 400;\">Veja tamb\u00e9m: <\/span><a href=\"https:\/\/www.agendor.com.br\/blog\/aumentar-poder-de-persuasao\/\" target=\"_blank\" rel=\"noopener noreferrer\"><span style=\"font-weight: 400;\">Truques psicol\u00f3gicos para aumentar seu poder de persuas\u00e3o<\/span><\/a><\/p>\n\n\n\n<h2>Din\u00e2mica para intelig\u00eancia emocional no trabalho: 4 op\u00e7\u00f5es para usar com os seus colaboradores<\/h2>\n\n\n\n<p><span style=\"font-weight: 400;\">Existem diferentes atividades para trabalhar a intelig\u00eancia emocional dos colaboradores da sua empresa.<\/span><\/p>\n\n\n\n<p><span style=\"font-weight: 400;\">Por meio de din\u00e2micas de grupo, \u00e9 poss\u00edvel desenvolver essa caracter\u00edstica com os seus times e ensin\u00e1-los a reconhecer e controlar suas pr\u00f3prias emo\u00e7\u00f5es e tamb\u00e9m a de seus colegas.<\/span><\/p>\n\n\n\n<p><span style=\"font-weight: 400;\">Confira a seguir 4 ideias de din\u00e2micas para trabalhar intelig\u00eancia emocional no ambiente de trabalho.<\/span><\/p>\n\n\n\n<h3>1 &#8211; Dicion\u00e1rio de emo\u00e7\u00f5es<\/h3>\n\n\n\n<p><span style=\"font-weight: 400;\">Nesta din\u00e2mica para intelig\u00eancia emocional no trabalho, deve-se criar uma lista de emo\u00e7\u00f5es e pedir para que os colaboradores participantes da atividade d\u00eaem o significado para cada uma delas, compartilhando com o grupo.<\/span><\/p>\n\n\n\n<p><span style=\"font-weight: 400;\">Como resultado, a equipe ter\u00e1 um dicion\u00e1rio de emo\u00e7\u00f5es, o que permitir\u00e1 compreend\u00ea-las com mais clareza quando elas surgirem no ambiente de trabalho.<\/span><\/p>\n\n\n\n<p><span style=\"font-weight: 400;\">Isso ajuda tamb\u00e9m aos vendedores conhecerem diferentes emo\u00e7\u00f5es e n\u00e3o confundi-las na hora em que estiverem lidando com elas. Do tipo: estou com raiva ou decepcionado? Estou com medo ou ansioso? E por a\u00ed vai.&nbsp;<\/span><\/p>\n\n\n\n<p><span style=\"font-weight: 400;\">E, por fim, \u00e9 uma ferramenta para que cada um possa expressar como reage ao lidar com cada situa\u00e7\u00e3o. Desta maneira, os colegas saber\u00e3o identificar comportamentos e suas causas uns dos outros.<\/span><\/p>\n\n\n\n<h3>2 &#8211; Valorize o que h\u00e1 de bom em si mesmo<\/h3>\n\n\n\n<p><span style=\"font-weight: 400;\">Tamb\u00e9m entre as principais atividades para trabalhar a intelig\u00eancia emocional dos colaboradores, temos aquela com enfoque em valorizar o lado bom de si mesmo.<\/span><\/p>\n\n\n\n<p><span style=\"font-weight: 400;\">Funciona assim: cada colaborador deve colocar no papel todas as qualidades que ele consegue enxergar em si pr\u00f3prio.<\/span><\/p>\n\n\n\n<p><span style=\"font-weight: 400;\">Depois, todos s\u00e3o convidados a expor esses pontos positivos para o grupo.<\/span><\/p>\n\n\n\n<p><span style=\"font-weight: 400;\">Em uma atividade complementar, o exerc\u00edcio pode ser falar dos colegas, como uma forma de entender como est\u00e1 a auto-imagem de cada um.&nbsp;<\/span><\/p>\n\n\n\n<h3>3 &#8211; Encenando emo\u00e7\u00f5es<\/h3>\n\n\n\n<p><span style=\"font-weight: 400;\">Dando continuidade \u00e0s din\u00e2micas para trabalhar intelig\u00eancia emocional no trabalho, nesta terceira op\u00e7\u00e3o cada participante dever\u00e1 encenar uma emo\u00e7\u00e3o para o grupo, o qual dever\u00e1 acertar qual emo\u00e7\u00e3o est\u00e1 sendo encenada.<\/span><\/p>\n\n\n\n<p><span style=\"font-weight: 400;\">Essa \u00e9 uma din\u00e2mica que se complementa muito bem ao Dicion\u00e1rio de Emo\u00e7\u00f5es que vimos no in\u00edcio da lista e que ajuda a compreender as rea\u00e7\u00f5es de cada um \u00e0s suas emo\u00e7\u00f5es.<\/span><\/p>\n\n\n\n<h3>4 &#8211; Colorindo emo\u00e7\u00f5es<\/h3>\n\n\n\n<p><span style=\"font-weight: 400;\">A arte terapia \u00e9 uma das melhores din\u00e2micas para trabalhar intelig\u00eancia emocional dos seus colaboradores.<\/span><\/p>\n\n\n\n<p><span style=\"font-weight: 400;\">Forne\u00e7a papel em branco e l\u00e1pis de cor e pe\u00e7a para que os participantes representem em desenhos e cores as emo\u00e7\u00f5es que eles est\u00e3o sentindo no momento.<\/span><\/p>\n\n\n\n<p><span style=\"font-weight: 400;\">Em seguida, convide-os a uma reflex\u00e3o coletiva sobre cada desenho.<\/span><\/p>\n\n\n\n<p><strong>Veja outros exemplos de din\u00e2mica que pode realizar com seu time:<\/strong><\/p>\n\n\n<p><iframe title=\"4 dina\u0302micas de motivac\u0327a\u0303o no trabalho muito fa\u0301ceis de aplicar \" src=\"https:\/\/www.slideshare.net\/slideshow\/embed_code\/key\/7BWVfNHBKkOfvP\" width=\"427\" height=\"356\" frameborder=\"0\" marginwidth=\"0\" marginheight=\"0\" scrolling=\"no\" style=\"border:1px solid #CCC; border-width:1px; margin-bottom:5px; max-width: 100%;\" allowfullscreen> <\/iframe> <\/p>\n<div style=\"margin-bottom:5px\"> <strong> <a href=\"https:\/\/pt.slideshare.net\/agendor\/4-dinamicas-de-motivacao-no-trabalho-muito-faceis-de-aplicar\" title=\"4 dina\u0302micas de motivac\u0327a\u0303o no trabalho muito fa\u0301ceis de aplicar \" target=\"_blank\">4 dina\u0302micas de motivac\u0327a\u0303o no trabalho muito fa\u0301ceis de aplicar <\/a> <\/strong> from <strong><a href=\"https:\/\/www.slideshare.net\/agendor\" target=\"_blank\">Agendor<\/a><\/strong> <\/div>\n\n\n\n<h2>Qual din\u00e2mica ir\u00e1 realizar com a sua equipe?<\/h2>\n\n\n\n<p><span style=\"font-weight: 400;\">Bom, essas foram as nossas 4 dicas de atividades para trabalhar a intelig\u00eancia emocional.<\/span><\/p>\n\n\n\n<p><span style=\"font-weight: 400;\">Qual din\u00e2mica de intelig\u00eancia emocional no trabalho voc\u00ea vai usar com os seus colaboradores?<\/span><\/p>\n\n\n\n<p><span style=\"font-weight: 400;\">Para ajudar, veja mais algumas dicas <\/span>do Felipe Soler na s\u00e9rie &#8220;Sextou com o Agendor&#8221;, afinal, o bem-estar dos seus vendedores e um ambiente de trabalho saud\u00e1vel s\u00e3o essenciais para que a equipe atinja o seu potencial m\u00e1ximo:<\/p>\n\n\n\n<blockquote class=\"instagram-media\" data-instgrm-permalink=\"https:\/\/www.instagram.com\/reel\/CzeIuC3BcNe\/?utm_source=ig_embed&amp;utm_campaign=loading\" data-instgrm-version=\"14\" style=\" background:#FFF; border:0; border-radius:3px; box-shadow:0 0 1px 0 rgba(0,0,0,0.5),0 1px 10px 0 rgba(0,0,0,0.15); margin: 1px; max-width:540px; min-width:326px; padding:0; width:99.375%; width:-webkit-calc(100% - 2px); width:calc(100% - 2px); height: 770px\"><div style=\"padding:16px;\"> <a href=\"https:\/\/www.instagram.com\/reel\/CzeIuC3BcNe\/?utm_source=ig_embed&amp;utm_campaign=loading\" style=\" background:#FFFFFF; line-height:0; padding:0 0; text-align:center; text-decoration:none; width:100%;\" target=\"_blank\" rel=\"noopener\"> <div style=\" display: flex; flex-direction: row; align-items: center;\"> <div style=\"background-color: #F4F4F4; border-radius: 50%; flex-grow: 0; height: 40px; margin-right: 14px; width: 40px;\"><\/div> <div style=\"display: flex; flex-direction: column; flex-grow: 1; justify-content: center;\"> <div style=\" background-color: #F4F4F4; border-radius: 4px; flex-grow: 0; height: 14px; margin-bottom: 6px; width: 100px;\"><\/div> <div style=\" background-color: #F4F4F4; border-radius: 4px; flex-grow: 0; height: 14px; width: 60px;\"><\/div><\/div><\/div><div style=\"padding: 19% 0;\"><\/div> <div style=\"display:block; height:50px; margin:0 auto 12px; width:50px;\"><svg width=\"50px\" height=\"50px\" viewBox=\"0 0 60 60\" version=\"1.1\" xmlns=\"https:\/\/www.w3.org\/2000\/svg\" xmlns:xlink=\"https:\/\/www.w3.org\/1999\/xlink\"><g stroke=\"none\" stroke-width=\"1\" fill=\"none\" fill-rule=\"evenodd\"><g transform=\"translate(-511.000000, -20.000000)\" fill=\"#000000\"><g><path d=\"M556.869,30.41 C554.814,30.41 553.148,32.076 553.148,34.131 C553.148,36.186 554.814,37.852 556.869,37.852 C558.924,37.852 560.59,36.186 560.59,34.131 C560.59,32.076 558.924,30.41 556.869,30.41 M541,60.657 C535.114,60.657 530.342,55.887 530.342,50 C530.342,44.114 535.114,39.342 541,39.342 C546.887,39.342 551.658,44.114 551.658,50 C551.658,55.887 546.887,60.657 541,60.657 M541,33.886 C532.1,33.886 524.886,41.1 524.886,50 C524.886,58.899 532.1,66.113 541,66.113 C549.9,66.113 557.115,58.899 557.115,50 C557.115,41.1 549.9,33.886 541,33.886 M565.378,62.101 C565.244,65.022 564.756,66.606 564.346,67.663 C563.803,69.06 563.154,70.057 562.106,71.106 C561.058,72.155 560.06,72.803 558.662,73.347 C557.607,73.757 556.021,74.244 553.102,74.378 C549.944,74.521 548.997,74.552 541,74.552 C533.003,74.552 532.056,74.521 528.898,74.378 C525.979,74.244 524.393,73.757 523.338,73.347 C521.94,72.803 520.942,72.155 519.894,71.106 C518.846,70.057 518.197,69.06 517.654,67.663 C517.244,66.606 516.755,65.022 516.623,62.101 C516.479,58.943 516.448,57.996 516.448,50 C516.448,42.003 516.479,41.056 516.623,37.899 C516.755,34.978 517.244,33.391 517.654,32.338 C518.197,30.938 518.846,29.942 519.894,28.894 C520.942,27.846 521.94,27.196 523.338,26.654 C524.393,26.244 525.979,25.756 528.898,25.623 C532.057,25.479 533.004,25.448 541,25.448 C548.997,25.448 549.943,25.479 553.102,25.623 C556.021,25.756 557.607,26.244 558.662,26.654 C560.06,27.196 561.058,27.846 562.106,28.894 C563.154,29.942 563.803,30.938 564.346,32.338 C564.756,33.391 565.244,34.978 565.378,37.899 C565.522,41.056 565.552,42.003 565.552,50 C565.552,57.996 565.522,58.943 565.378,62.101 M570.82,37.631 C570.674,34.438 570.167,32.258 569.425,30.349 C568.659,28.377 567.633,26.702 565.965,25.035 C564.297,23.368 562.623,22.342 560.652,21.575 C558.743,20.834 556.562,20.326 553.369,20.18 C550.169,20.033 549.148,20 541,20 C532.853,20 531.831,20.033 528.631,20.18 C525.438,20.326 523.257,20.834 521.349,21.575 C519.376,22.342 517.703,23.368 516.035,25.035 C514.368,26.702 513.342,28.377 512.574,30.349 C511.834,32.258 511.326,34.438 511.181,37.631 C511.035,40.831 511,41.851 511,50 C511,58.147 511.035,59.17 511.181,62.369 C511.326,65.562 511.834,67.743 512.574,69.651 C513.342,71.625 514.368,73.296 516.035,74.965 C517.703,76.634 519.376,77.658 521.349,78.425 C523.257,79.167 525.438,79.673 528.631,79.82 C531.831,79.965 532.853,80.001 541,80.001 C549.148,80.001 550.169,79.965 553.369,79.82 C556.562,79.673 558.743,79.167 560.652,78.425 C562.623,77.658 564.297,76.634 565.965,74.965 C567.633,73.296 568.659,71.625 569.425,69.651 C570.167,67.743 570.674,65.562 570.82,62.369 C570.966,59.17 571,58.147 571,50 C571,41.851 570.966,40.831 570.82,37.631\"><\/path><\/g><\/g><\/g><\/svg><\/div><div style=\"padding-top: 8px;\"> <div style=\" color:#3897f0; font-family:Arial,sans-serif; font-size:14px; font-style:normal; font-weight:550; line-height:18px;\">Ver essa foto no Instagram<\/div><\/div><div style=\"padding: 12.5% 0;\"><\/div> <div style=\"display: flex; flex-direction: row; margin-bottom: 14px; align-items: center;\"><div> <div style=\"background-color: #F4F4F4; border-radius: 50%; height: 12.5px; width: 12.5px; transform: translateX(0px) translateY(7px);\"><\/div> <div style=\"background-color: #F4F4F4; height: 12.5px; transform: rotate(-45deg) translateX(3px) translateY(1px); width: 12.5px; flex-grow: 0; margin-right: 14px; margin-left: 2px;\"><\/div> <div style=\"background-color: #F4F4F4; border-radius: 50%; height: 12.5px; width: 12.5px; transform: translateX(9px) translateY(-18px);\"><\/div><\/div><div style=\"margin-left: 8px;\"> <div style=\" background-color: #F4F4F4; border-radius: 50%; flex-grow: 0; height: 20px; width: 20px;\"><\/div> <div style=\" width: 0; height: 0; border-top: 2px solid transparent; border-left: 6px solid #f4f4f4; border-bottom: 2px solid transparent; transform: translateX(16px) translateY(-4px) rotate(30deg)\"><\/div><\/div><div style=\"margin-left: auto;\"> <div style=\" width: 0px; border-top: 8px solid #F4F4F4; border-right: 8px solid transparent; transform: translateY(16px);\"><\/div> <div style=\" background-color: #F4F4F4; flex-grow: 0; height: 12px; width: 16px; transform: translateY(-4px);\"><\/div> <div style=\" width: 0; height: 0; border-top: 8px solid #F4F4F4; border-left: 8px solid transparent; transform: translateY(-4px) translateX(8px);\"><\/div><\/div><\/div> <div style=\"display: flex; flex-direction: column; flex-grow: 1; justify-content: center; margin-bottom: 24px;\"> <div style=\" background-color: #F4F4F4; border-radius: 4px; flex-grow: 0; height: 14px; margin-bottom: 6px; width: 224px;\"><\/div> <div style=\" background-color: #F4F4F4; border-radius: 4px; flex-grow: 0; height: 14px; width: 144px;\"><\/div><\/div><\/a><p style=\" color:#c9c8cd; font-family:Arial,sans-serif; font-size:14px; line-height:17px; margin-bottom:0; margin-top:8px; overflow:hidden; padding:8px 0 7px; text-align:center; text-overflow:ellipsis; white-space:nowrap;\"><a href=\"https:\/\/www.instagram.com\/reel\/CzeIuC3BcNe\/?utm_source=ig_embed&amp;utm_campaign=loading\" style=\" color:#c9c8cd; font-family:Arial,sans-serif; font-size:14px; font-style:normal; font-weight:normal; line-height:17px; text-decoration:none;\" target=\"_blank\" rel=\"noopener\">Uma publica\u00e7\u00e3o compartilhada por Agendor (@agendorcrm)<\/a><\/p><\/div><\/blockquote>\n<script async src=\"\/\/www.instagram.com\/embed.js\"><\/script>\n\n\n\n<p>Confira tamb\u00e9m<span style=\"font-weight: 400;\"> din\u00e2micas que voc\u00ea pode fazer em sua empresa de forma r\u00e1pida e com excelentes resultados:<\/span><\/p>\n\n\n\n<ul><li style=\"font-weight: 400;\" aria-level=\"1\"><a href=\"https:\/\/www.agendor.com.br\/blog\/dinamicas-de-motivacao-no-trabalho\/\" target=\"_blank\" rel=\"noopener noreferrer\"><span style=\"font-weight: 400;\">5 Din\u00e2micas de motiva\u00e7\u00e3o no trabalho muito f\u00e1ceis de aplicar<\/span><\/a><\/li><li style=\"font-weight: 400;\" aria-level=\"1\"><a href=\"https:\/\/www.agendor.com.br\/blog\/dinamicas-de-atendimento-ao-cliente\/\" target=\"_blank\" rel=\"noopener noreferrer\"><span style=\"font-weight: 400;\">Din\u00e2micas de atendimento ao cliente funcionam mesmo?<\/span><\/a><\/li><li style=\"font-weight: 400;\" aria-level=\"1\"><a href=\"https:\/\/www.agendor.com.br\/blog\/dinamica-de-grupo-negociacao\/\" target=\"_blank\" rel=\"noopener noreferrer\"><span style=\"font-weight: 400;\">3 din\u00e2micas de grupo para negocia\u00e7\u00e3o: treine seus vendedores de forma pr\u00e1tica<\/span><\/a><\/li><li style=\"font-weight: 400;\" aria-level=\"1\"><a href=\"https:\/\/www.agendor.com.br\/blog\/dinamicas-de-grupo-para-a-selecao-de-vendedores\/\" target=\"_blank\" rel=\"noopener noreferrer\"><span style=\"font-weight: 400;\">Din\u00e2micas de grupo para sele\u00e7\u00e3o de vendedores: 3 exemplos para contratar s\u00f3 os melhores<\/span><\/a><\/li><li style=\"font-weight: 400;\" aria-level=\"1\"><a href=\"https:\/\/www.agendor.com.br\/blog\/dinamica-motivacional-para-vendedores\/\" target=\"_blank\" rel=\"noopener noreferrer\"><span style=\"font-weight: 400;\">Conhe\u00e7a a incr\u00edvel din\u00e2mica motivacional para vendedores que usa pe\u00e7as de Lego!<\/span><\/a><\/li><\/ul>\n\n\n\n<p><b><i>Quer utilizar uma ferramenta gratuita de gest\u00e3o de pessoas que ajuda a alinhar objetivos pessoais \u00e0s metas de vendas? Conhe\u00e7a o <\/i><\/b><a href=\"https:\/\/www.funildossonhos.com.br\/\" target=\"_blank\" rel=\"noopener noreferrer\"><b><i>Funil dos Sonhos<\/i><\/b><\/a><b><i>!<\/i><\/b><\/p>\n","protected":false},"excerpt":{"rendered":"<p>Estamos em um per\u00edodo de \u201cnervos \u00e0 flor da pele\u201d, no qual est\u00e1 mais dif\u00edcil evitar insatisfa\u00e7\u00f5es, pequenos conflitos e outros desafios na gest\u00e3o de times. Diante disso, j\u00e1 pensou em implementar uma din\u00e2mica para intelig\u00eancia emocional no trabalho e ajudar seus colaboradores a lidarem melhor com suas emo\u00e7\u00f5es? Principais aprendizados deste artigo: Intelig\u00eancia emocional [&hellip;]<\/p>\n","protected":false},"author":48,"featured_media":37935,"comment_status":"closed","ping_status":"closed","sticky":false,"template":"","format":"standard","meta":[],"categories":[895],"tags":[177,794],"lista-de-leitura":[],"listas_de_leitura":[],"yoast_head":"<!-- This site is optimized with the Yoast SEO plugin v16.6.1 - https:\/\/yoast.com\/wordpress\/plugins\/seo\/ -->\n<title>4 dicas de din\u00e2mica para intelig\u00eancia emocional no trabalho<\/title>\n<meta name=\"description\" content=\"O que \u00e9 intelig\u00eancia emocional, por que \u00e9 importante e 4 op\u00e7\u00f5es de din\u00e2mica de intelig\u00eancia emocional no trabalho para usar na sua empresa.\" \/>\n<meta name=\"robots\" content=\"index, follow, max-snippet:-1, max-image-preview:large, max-video-preview:-1\" \/>\n<link rel=\"canonical\" href=\"https:\/\/www.agendor.com.br\/blog\/dinamica-inteligencia-emocional-no-trabalho\/\" \/>\n<meta property=\"og:locale\" content=\"pt_BR\" \/>\n<meta property=\"og:type\" content=\"article\" \/>\n<meta property=\"og:title\" content=\"4 dicas de din\u00e2mica para intelig\u00eancia emocional no trabalho\" \/>\n<meta property=\"og:description\" content=\"O que \u00e9 intelig\u00eancia emocional, por que \u00e9 importante e 4 op\u00e7\u00f5es de din\u00e2mica de intelig\u00eancia emocional no trabalho para usar na sua empresa.\" \/>\n<meta property=\"og:url\" content=\"https:\/\/www.agendor.com.br\/blog\/dinamica-inteligencia-emocional-no-trabalho\/\" \/>\n<meta property=\"og:site_name\" content=\"Blog Agendor\" \/>\n<meta property=\"article:publisher\" content=\"https:\/\/www.facebook.com\/agendor\" \/>\n<meta property=\"article:author\" content=\"https:\/\/s3-sa-east-1.amazonaws.com\/agendor-materiais\/autores\/gustavo-gomes.gif\" \/>\n<meta property=\"article:published_time\" content=\"2022-10-22T16:19:00+00:00\" \/>\n<meta property=\"article:modified_time\" content=\"2024-12-16T18:57:03+00:00\" \/>\n<meta property=\"og:image\" content=\"https:\/\/agendor-blog-uploads.s3.sa-east-1.amazonaws.com\/2021\/04\/23134412\/dinamica-inteligencia-emocional-no-trabalho.jpg\" \/>\n\t<meta property=\"og:image:width\" content=\"800\" \/>\n\t<meta property=\"og:image:height\" content=\"532\" \/>\n<meta name=\"twitter:card\" content=\"summary_large_image\" \/>\n<meta name=\"twitter:label1\" content=\"Est. reading time\" \/>\n\t<meta name=\"twitter:data1\" content=\"6 minutos\" \/>\n<!-- \/ Yoast SEO plugin. -->","_links":{"self":[{"href":"https:\/\/www.agendor.com.br\/blog\/wp-json\/wp\/v2\/posts\/37934"}],"collection":[{"href":"https:\/\/www.agendor.com.br\/blog\/wp-json\/wp\/v2\/posts"}],"about":[{"href":"https:\/\/www.agendor.com.br\/blog\/wp-json\/wp\/v2\/types\/post"}],"author":[{"embeddable":true,"href":"https:\/\/www.agendor.com.br\/blog\/wp-json\/wp\/v2\/users\/48"}],"replies":[{"embeddable":true,"href":"https:\/\/www.agendor.com.br\/blog\/wp-json\/wp\/v2\/comments?post=37934"}],"version-history":[{"count":0,"href":"https:\/\/www.agendor.com.br\/blog\/wp-json\/wp\/v2\/posts\/37934\/revisions"}],"wp:featuredmedia":[{"embeddable":true,"href":"https:\/\/www.agendor.com.br\/blog\/wp-json\/wp\/v2\/media\/37935"}],"wp:attachment":[{"href":"https:\/\/www.agendor.com.br\/blog\/wp-json\/wp\/v2\/media?parent=37934"}],"wp:term":[{"taxonomy":"category","embeddable":true,"href":"https:\/\/www.agendor.com.br\/blog\/wp-json\/wp\/v2\/categories?post=37934"},{"taxonomy":"post_tag","embeddable":true,"href":"https:\/\/www.agendor.com.br\/blog\/wp-json\/wp\/v2\/tags?post=37934"},{"taxonomy":"lista-de-leitura","embeddable":true,"href":"https:\/\/www.agendor.com.br\/blog\/wp-json\/wp\/v2\/lista-de-leitura?post=37934"},{"taxonomy":"listas_de_leitura","embeddable":true,"href":"https:\/\/www.agendor.com.br\/blog\/wp-json\/wp\/v2\/listas_de_leitura?post=37934"}],"curies":[{"name":"wp","href":"https:\/\/api.w.org\/{rel}","templated":true}]}}