{"id":37771,"date":"2021-04-08T10:03:39","date_gmt":"2021-04-08T13:03:39","guid":{"rendered":"https:\/\/www.agendor.com.br\/blog\/?p=37771"},"modified":"2021-04-09T13:45:40","modified_gmt":"2021-04-09T16:45:40","slug":"gestao-estrategica-de-vendas","status":"publish","type":"post","link":"https:\/\/www.agendor.com.br\/blog\/gestao-estrategica-de-vendas\/","title":{"rendered":"Gest\u00e3o estrat\u00e9gica de vendas: 5 cursos para fazer em 2021 e aperfei\u00e7oar suas habilidades e conhecimentos"},"content":{"rendered":"<p><span style=\"font-weight: 400;\">Quando o departamento de vendas de uma empresa \u00e9 gerenciado a partir de uma abordagem mais estrat\u00e9gica, os resultados tendem a ser mais consistentes. Mas, para isso, \u00e9 necess\u00e1rio que o gestor comercial esteja munido de conhecimentos te\u00f3ricos e pr\u00e1ticos.<\/span><\/p>\n<p><span style=\"font-weight: 400;\">Se voc\u00ea est\u00e1 pensando em fazer um curso de gest\u00e3o estrat\u00e9gica de vendas em 2021, trouxemos aqui 5 op\u00e7\u00f5es para voc\u00ea escolher a que mais combina com as suas necessidades e expectativas:<\/span><\/p>\n<ol>\n<li style=\"font-weight: 400;\" aria-level=\"1\"><span style=\"font-weight: 400;\">P\u00f3s-Gradua\u00e7\u00e3o em Gest\u00e3o Estrat\u00e9gica de Vendas e Trade Marketing da ESPM;<\/span><\/li>\n<li style=\"font-weight: 400;\" aria-level=\"1\"><span style=\"font-weight: 400;\">Especializa\u00e7\u00e3o em Gest\u00e3o Estrat\u00e9gica de Vendas EAD PUC Minas;<\/span><\/li>\n<li style=\"font-weight: 400;\" aria-level=\"1\"><span style=\"font-weight: 400;\">MBA Gest\u00e3o de Neg\u00f3cios: Vendas e Planejamento de Vendas da FIA;<\/span><\/li>\n<li style=\"font-weight: 400;\" aria-level=\"1\"><span style=\"font-weight: 400;\">Curso de curta dura\u00e7\u00e3o sobre gest\u00e3o estrat\u00e9gica de vendas do Insper;<\/span><\/li>\n<li style=\"font-weight: 400;\" aria-level=\"1\"><span style=\"font-weight: 400;\">MBA em Gest\u00e3o Estrat\u00e9gica em Vendas da USP.<\/span><\/li>\n<\/ol>\n<p><span style=\"font-weight: 400;\">Dentre cursos livres de curta e m\u00e9dia dura\u00e7\u00e3o, p\u00f3s-gradua\u00e7\u00e3o, MBA, cursos EaD (\u00e0 dist\u00e2ncia) e presencial, confira quais institui\u00e7\u00f5es de ensino abrir\u00e3o turmas em breve para enriquecer o seu curr\u00edculo e te deixar mais preparado para gerenciar estrategicamente o time de vendas da sua empresa.<\/span><\/p>\n<p><span style=\"font-weight: 400;\">Leia tamb\u00e9m: <\/span><a href=\"https:\/\/www.agendor.com.br\/blog\/o-que-e-gestao-estrategica\/\" target=\"_blank\" rel=\"noopener noreferrer\"><span style=\"font-weight: 400;\">O que \u00e9 gest\u00e3o estrat\u00e9gica e como aplic\u00e1-la no dia a dia de vendas<\/span><\/a><\/p>\n<h2>O que \u00e9 gest\u00e3o estrat\u00e9gica de vendas?<\/h2>\n<p><span style=\"font-weight: 400;\">Antes de mostrarmos as op\u00e7\u00f5es de cursos e MBA em gest\u00e3o estrat\u00e9gica de marketing e vendas, \u00e9 necess\u00e1rio relembrarmos o que \u00e9, de fato, a gest\u00e3o estrat\u00e9gica.<\/span><\/p>\n<p><i><span style=\"font-weight: 400;\">Trata-se de um conjunto de a\u00e7\u00f5es que busca organizar os recursos dispon\u00edveis e utiliz\u00e1-los de maneira inteligente a fim de atingir metas e objetivos previamente estabelecidos.<\/span><\/i><\/p>\n<p><span style=\"font-weight: 400;\">Nesse tipo de gest\u00e3o, as estrat\u00e9gias para conduzir a equipe comercial s\u00e3o pensadas considerando todo o ecossistema organizacional e os resultados de m\u00e9dio e longo prazo.<\/span><\/p>\n<p><span style=\"font-weight: 400;\">Veja mais: <\/span><a href=\"https:\/\/www.agendor.com.br\/blog\/planejamento-estrategico-de-vendas\/\" target=\"_blank\" rel=\"noopener noreferrer\"><span style=\"font-weight: 400;\">Planejamento estrat\u00e9gico de vendas em 6 passos simples<\/span><\/a><\/p>\n<h2>5 op\u00e7\u00f5es de curso de gest\u00e3o estrat\u00e9gica de vendas para fazer em 2021<\/h2>\n<p><span style=\"font-weight: 400;\">Para voc\u00ea que deseja aperfei\u00e7oar seus conhecimentos em gest\u00e3o comercial estrat\u00e9gica neste ano, separamos aqui alguns cursos nas melhores institui\u00e7\u00f5es de ensino do Brasil.<\/span><\/p>\n<h3>1 &#8211; P\u00f3s-Gradua\u00e7\u00e3o em Gest\u00e3o Estrat\u00e9gica de Vendas e Trade Marketing da ESPM Porto Alegre<\/h3>\n<p><span style=\"font-weight: 400;\">O curso de <\/span><a href=\"https:\/\/www.espm.br\/pos-graduacao\/cursos\/sul\/pos-graduacao-em-gestao-estrategica-de-vendas-e-trade-marketing\/\" target=\"_blank\" rel=\"noopener noreferrer\"><span style=\"font-weight: 400;\">Gest\u00e3o Estrat\u00e9gica de Vendas e Trade Marketing da ESPM<\/span><\/a><span style=\"font-weight: 400;\"> \u00e9 uma p\u00f3s-gradua\u00e7\u00e3o indicada para profissionais que querem se especializar em t\u00e9cnicas e m\u00e9todos comerciais inovadores.<\/span><\/p>\n<p><span style=\"font-weight: 400;\">Ao final do curso, o aluno estar\u00e1 mais apto para atuar em mercados din\u00e2micos e competitivos. A dura\u00e7\u00e3o total \u00e9 de quatro semestres, com carga hor\u00e1ria de 360 horas.<\/span><\/p>\n<p><span style=\"font-weight: 400;\">Algumas das disciplinas que voc\u00ea aprender\u00e1 neste curso s\u00e3o:<\/span><\/p>\n<ul>\n<li style=\"font-weight: 400;\" aria-level=\"1\"><span style=\"font-weight: 400;\">Fundamentos da Gest\u00e3o Financeira;<\/span><\/li>\n<li style=\"font-weight: 400;\" aria-level=\"1\"><span style=\"font-weight: 400;\">Pensamento Estrat\u00e9gico;<\/span><\/li>\n<li style=\"font-weight: 400;\" aria-level=\"1\"><span style=\"font-weight: 400;\">Gest\u00e3o da Inova\u00e7\u00e3o;<\/span><\/li>\n<li style=\"font-weight: 400;\" aria-level=\"1\"><span style=\"font-weight: 400;\">Finan\u00e7as Aplicadas.<\/span><\/li>\n<\/ul>\n<p><span style=\"font-weight: 400;\">Se voc\u00ea quer conhecer melhor esta p\u00f3s-gradua\u00e7\u00e3o, d\u00ea uma olhada neste v\u00eddeo do coordenador do curso,<\/span><span style=\"font-weight: 400;\"> Jorge Fernando Dietrich<\/span><span style=\"font-weight: 400;\">:<\/span><\/p>\n<p><iframe title=\"P\u00f3s Gradua\u00e7\u00e3o em Gest\u00e3o Estrat\u00e9gica de Vendas e Trade Marketing POA\" width=\"500\" height=\"281\" src=\"https:\/\/www.youtube.com\/embed\/7JqnpkPbQoA?feature=oembed\" frameborder=\"0\" allow=\"accelerometer; autoplay; clipboard-write; encrypted-media; gyroscope; picture-in-picture\" allowfullscreen><\/iframe><\/p>\n<h3>2 &#8211; Especializa\u00e7\u00e3o em Gest\u00e3o Estrat\u00e9gica de Vendas EAD PUC Minas<\/h3>\n<p><span style=\"font-weight: 400;\">Nesta segunda dica de curso sobre gest\u00e3o estrat\u00e9gica de vendas, temos uma op\u00e7\u00e3o de <\/span><a href=\"https:\/\/www.pucminas.br\/PucVirtual\/Pos-Graduacao\/Paginas\/Gestao-Estrategica-de-Vendas.aspx?moda=1&amp;polo=1&amp;area=2&amp;curso=2974&amp;situ=1\" target=\"_blank\" rel=\"noopener noreferrer\"><span style=\"font-weight: 400;\">especializa\u00e7\u00e3o \u00e0 dist\u00e2ncia oferecida pela PUC Minas<\/span><\/a><span style=\"font-weight: 400;\">.<\/span><\/p>\n<p><span style=\"font-weight: 400;\">O curso visa capacitar o profissional para atuar estrategicamente em empresas de qualquer segmento, propondo a\u00e7\u00f5es eficazes com base em an\u00e1lises do mercado e do contexto interno da organiza\u00e7\u00e3o.<\/span><\/p>\n<p><span style=\"font-weight: 400;\">Na especializa\u00e7\u00e3o EAD, voc\u00ea aprender\u00e1 sobre:<\/span><\/p>\n<ul>\n<li style=\"font-weight: 400;\" aria-level=\"1\"><span style=\"font-weight: 400;\">Implementa\u00e7\u00e3o e avalia\u00e7\u00e3o de m\u00e9tricas;<\/span><\/li>\n<li style=\"font-weight: 400;\" aria-level=\"1\"><span style=\"font-weight: 400;\">Diagn\u00f3stico e an\u00e1lise do mercado;<\/span><\/li>\n<li style=\"font-weight: 400;\" aria-level=\"1\"><span style=\"font-weight: 400;\">Propor estrat\u00e9gias de vendas multicanal.<\/span><\/li>\n<\/ul>\n<p><span style=\"font-weight: 400;\">Para entender ainda melhor como essa especializa\u00e7\u00e3o em gest\u00e3o estrat\u00e9gica de vendas pode te ajudar e seu dia a dia, confira este v\u00eddeo de um dos coordenadores do curso, o professor Jos\u00e9 Eust\u00e1quio:<\/span><\/p>\n<p><iframe title=\"Gest\u00e3o Estrat\u00e9gica de Vendas\" width=\"500\" height=\"281\" src=\"https:\/\/www.youtube.com\/embed\/4iwDtbvpFn0?feature=oembed\" frameborder=\"0\" allow=\"accelerometer; autoplay; clipboard-write; encrypted-media; gyroscope; picture-in-picture\" allowfullscreen><\/iframe><\/p>\n<h3>3 &#8211; MBA Gest\u00e3o de Neg\u00f3cios: Vendas e Planejamento de Vendas da FIA<\/h3>\n<p><span style=\"font-weight: 400;\">No <\/span><a href=\"https:\/\/fia.com.br\/mba\/gestao-negocios-vendas-planejamento-vendas\/\" target=\"_blank\" rel=\"noopener noreferrer\"><span style=\"font-weight: 400;\">curso de MBA em gest\u00e3o estrat\u00e9gica de marketing e vendas da Funda\u00e7\u00e3o Instituto de Administra\u00e7\u00e3o<\/span><\/a><span style=\"font-weight: 400;\">, voc\u00ea vai poder aprimorar suas compet\u00eancias em planejamento comercial, gest\u00e3o empresarial sist\u00eamica e gera\u00e7\u00e3o de valor para os clientes e para a organiza\u00e7\u00e3o.<\/span><\/p>\n<p><span style=\"font-weight: 400;\">Existem turmas em diferentes unidades da FIA, com dura\u00e7\u00e3o de 23 meses e 500 horas.<\/span><\/p>\n<p><span style=\"font-weight: 400;\">Este MBA em vendas te interessou? Ent\u00e3o, vale dar uma olhada em tudo que ele oferece a voc\u00ea, nas palavras da professora F\u00e1bia Spadoto:<\/span><\/p>\n<p><iframe title=\"MBA Gest\u00e3o de Neg\u00f3cios: Vendas e Planejamento de Vendas\" width=\"500\" height=\"281\" src=\"https:\/\/www.youtube.com\/embed\/-DL66OYFDLs?feature=oembed\" frameborder=\"0\" allow=\"accelerometer; autoplay; clipboard-write; encrypted-media; gyroscope; picture-in-picture\" allowfullscreen><\/iframe><\/p>\n<h3>4 &#8211; Curso de curta dura\u00e7\u00e3o sobre gest\u00e3o estrat\u00e9gica de vendas do Insper<\/h3>\n<p><span style=\"font-weight: 400;\">Para quem quer fazer um curso r\u00e1pido sobre gest\u00e3o comercial estrat\u00e9gica, o <\/span><a href=\"https:\/\/www.insper.edu.br\/educacao-executiva\/cursos-de-curta-duracao\/marketing\/gestao-de-vendas\/\" target=\"_blank\" rel=\"noopener noreferrer\"><span style=\"font-weight: 400;\">programa de educa\u00e7\u00e3o executiva do Insper oferece um curso de curta dura\u00e7\u00e3o<\/span><\/a><span style=\"font-weight: 400;\">.<\/span><\/p>\n<p><span style=\"font-weight: 400;\">Durante a carga hor\u00e1ria de 30 horas, voc\u00ea aprender\u00e1 sobre como potencializar os resultados de vendas, aumentar a reten\u00e7\u00e3o de clientes e a lucratividade do neg\u00f3cio.<\/span><\/p>\n<p><span style=\"font-weight: 400;\">Al\u00e9m disso, voc\u00ea ter\u00e1 acesso a ferramentas que v\u00e3o ajudar a otimizar a performance do time comercial e manter os colaboradores motivados.<\/span><\/p>\n<h3>5 &#8211; MBA em Gest\u00e3o Estrat\u00e9gica em Vendas da USP<\/h3>\n<p><span style=\"font-weight: 400;\">Este <\/span><a href=\"https:\/\/www.fundace.org.br\/curso\/mba-ead-usp-gestao-estrategica-em-vendas\" target=\"_blank\" rel=\"noopener noreferrer\"><span style=\"font-weight: 400;\">MBA em gest\u00e3o estrat\u00e9gica de marketing e vendas<\/span><\/a><span style=\"font-weight: 400;\"> \u00e9 feito totalmente online. Durante as aulas, voc\u00ea vai aprofundar seus conhecimentos em vendas e atendimento.<\/span><\/p>\n<p><span style=\"font-weight: 400;\">Dentre as disciplinas lecionadas no cursos, destacam-se:<\/span><\/p>\n<ul>\n<li style=\"font-weight: 400;\" aria-level=\"1\"><span style=\"font-weight: 400;\">Estat\u00edstica Aplicada a Vendas;<\/span><\/li>\n<li style=\"font-weight: 400;\" aria-level=\"1\"><span style=\"font-weight: 400;\">Economia Empresarial;<\/span><\/li>\n<li style=\"font-weight: 400;\" aria-level=\"1\"><span style=\"font-weight: 400;\">Marketing e Vendas;<\/span><\/li>\n<li style=\"font-weight: 400;\" aria-level=\"1\"><span style=\"font-weight: 400;\">Gest\u00e3o Tribut\u00e1ria e Vendas;<\/span><\/li>\n<li style=\"font-weight: 400;\" aria-level=\"1\"><span style=\"font-weight: 400;\">Gest\u00e3o de Processos e Qualidade.<\/span><\/li>\n<\/ul>\n<p><span style=\"font-weight: 400;\">O MBA da USP possui carga hor\u00e1ria de 504 horas.<\/span><\/p>\n<p><span style=\"font-weight: 400;\">Na d\u00favida se este MBA em gest\u00e3o estrat\u00e9gica de vendas da USP atende aos seus objetivos? Ent\u00e3o, veja neste v\u00eddeo o que o coordenador do curso, o professor Paulo\u00a0 Miranda tem a dizer sobre ele:<\/span><\/p>\n<p><iframe title=\"MBA EAD Fundace\/USP Gest\u00e3o Estrat\u00e9gica em Vendas\" width=\"500\" height=\"281\" src=\"https:\/\/www.youtube.com\/embed\/PZ46ocTCFCQ?feature=oembed\" frameborder=\"0\" allow=\"accelerometer; autoplay; clipboard-write; encrypted-media; gyroscope; picture-in-picture\" allowfullscreen><\/iframe><\/p>\n<h2>Este \u00e9 o momento de investir na sua forma\u00e7\u00e3o profissional?<\/h2>\n<p><span style=\"font-weight: 400;\">Bom, o que voc\u00ea achou dos cursos sobre gest\u00e3o estrat\u00e9gica de vendas que trouxemos aqui? Invista na sua forma\u00e7\u00e3o profissional e obtenha melhores resultados a partir de conhecimentos te\u00f3ricos que podem ser aplicados na sua gest\u00e3o.\u00a0<\/span><\/p>\n<p><span style=\"font-weight: 400;\">E se voc\u00ea quer mais dicas de excelentes cursos de vendas, confira mais posts de nosso blog:<\/span><\/p>\n<ul>\n<li style=\"font-weight: 400;\" aria-level=\"1\"><a href=\"https:\/\/www.agendor.com.br\/blog\/curso-de-tecnica-de-vendas\/\" target=\"_blank\" rel=\"noopener noreferrer\"><span style=\"font-weight: 400;\">11 cursos de t\u00e9cnica de vendas: do r\u00e1pido e gratuito \u00e0 p\u00f3s-gradua\u00e7\u00e3o paga<\/span><\/a><\/li>\n<li style=\"font-weight: 400;\" aria-level=\"1\"><a href=\"https:\/\/www.agendor.com.br\/blog\/curso-de-atendimento-ao-cliente\/\" target=\"_blank\" rel=\"noopener noreferrer\"><span style=\"font-weight: 400;\">Confira 10 cursos de atendimento ao cliente, online e presenciais<\/span><\/a><\/li>\n<li style=\"font-weight: 400;\" aria-level=\"1\"><a href=\"https:\/\/www.agendor.com.br\/blog\/curso-inside-sales\/\" target=\"_blank\" rel=\"noopener noreferrer\"><span style=\"font-weight: 400;\">8 cursos de inside sales, 1 deles \u00e9 gratuito, comece agora!<\/span><\/a><\/li>\n<\/ul>\n<p><b><i>Aproveite e baixe tamb\u00e9m este webinar gravado gratuito: <\/i><\/b><a href=\"http:\/\/materiais.agendor.com.br\/webinar-ramper-novas-estrategias-funil-de-vendas\" target=\"_blank\" rel=\"noopener noreferrer\"><b><i>Desafios e novas estrat\u00e9gias para manter a alimenta\u00e7\u00e3o do funil de vendas<\/i><\/b><\/a><\/p>\n","protected":false},"excerpt":{"rendered":"<p>Quando o departamento de vendas de uma empresa \u00e9 gerenciado a partir de uma abordagem mais estrat\u00e9gica, os resultados tendem a ser mais consistentes. Mas, para isso, \u00e9 necess\u00e1rio que o gestor comercial esteja munido de conhecimentos te\u00f3ricos e pr\u00e1ticos. Se voc\u00ea est\u00e1 pensando em fazer um curso de gest\u00e3o estrat\u00e9gica de vendas em 2021, [&hellip;]<\/p>\n","protected":false},"author":48,"featured_media":37776,"comment_status":"closed","ping_status":"closed","sticky":false,"template":"","format":"standard","meta":[],"categories":[880],"tags":[118,794],"lista-de-leitura":[],"listas_de_leitura":[],"yoast_head":"<!-- This site is optimized with the Yoast SEO plugin v16.6.1 - https:\/\/yoast.com\/wordpress\/plugins\/seo\/ -->\n<title>5 cursos de gest\u00e3o estrat\u00e9gica de vendas para fazer em 2021<\/title>\n<meta name=\"description\" content=\"Confira 5 op\u00e7\u00f5es de cursos sobre gest\u00e3o estrat\u00e9gica de vendas para fazer em 2021 e aperfei\u00e7oar suas habilidades e conhecimentos nessa \u00e1rea.\" \/>\n<meta name=\"robots\" content=\"index, follow, max-snippet:-1, max-image-preview:large, max-video-preview:-1\" \/>\n<link rel=\"canonical\" href=\"https:\/\/www.agendor.com.br\/blog\/gestao-estrategica-de-vendas\/\" \/>\n<meta property=\"og:locale\" content=\"pt_BR\" \/>\n<meta property=\"og:type\" content=\"article\" \/>\n<meta property=\"og:title\" content=\"5 cursos de gest\u00e3o estrat\u00e9gica de vendas para fazer em 2021\" \/>\n<meta property=\"og:description\" content=\"Confira 5 op\u00e7\u00f5es de cursos sobre gest\u00e3o estrat\u00e9gica de vendas para fazer em 2021 e aperfei\u00e7oar suas habilidades e conhecimentos nessa \u00e1rea.\" \/>\n<meta property=\"og:url\" content=\"https:\/\/www.agendor.com.br\/blog\/gestao-estrategica-de-vendas\/\" \/>\n<meta property=\"og:site_name\" content=\"Blog Agendor\" \/>\n<meta property=\"article:publisher\" content=\"https:\/\/www.facebook.com\/agendor\" \/>\n<meta property=\"article:author\" content=\"https:\/\/s3-sa-east-1.amazonaws.com\/agendor-materiais\/autores\/gustavo-gomes.gif\" \/>\n<meta property=\"article:published_time\" content=\"2021-04-08T13:03:39+00:00\" \/>\n<meta property=\"article:modified_time\" content=\"2021-04-09T16:45:40+00:00\" \/>\n<meta property=\"og:image\" content=\"https:\/\/agendor-blog-uploads.s3.sa-east-1.amazonaws.com\/2021\/04\/09094358\/gestao-estrategica-de-vendas.jpg\" \/>\n\t<meta property=\"og:image:width\" content=\"800\" \/>\n\t<meta property=\"og:image:height\" content=\"450\" \/>\n<meta name=\"twitter:card\" content=\"summary_large_image\" \/>\n<meta name=\"twitter:label1\" content=\"Est. reading time\" \/>\n\t<meta name=\"twitter:data1\" content=\"5 minutos\" \/>\n<!-- \/ Yoast SEO plugin. -->","_links":{"self":[{"href":"https:\/\/www.agendor.com.br\/blog\/wp-json\/wp\/v2\/posts\/37771"}],"collection":[{"href":"https:\/\/www.agendor.com.br\/blog\/wp-json\/wp\/v2\/posts"}],"about":[{"href":"https:\/\/www.agendor.com.br\/blog\/wp-json\/wp\/v2\/types\/post"}],"author":[{"embeddable":true,"href":"https:\/\/www.agendor.com.br\/blog\/wp-json\/wp\/v2\/users\/48"}],"replies":[{"embeddable":true,"href":"https:\/\/www.agendor.com.br\/blog\/wp-json\/wp\/v2\/comments?post=37771"}],"version-history":[{"count":0,"href":"https:\/\/www.agendor.com.br\/blog\/wp-json\/wp\/v2\/posts\/37771\/revisions"}],"wp:featuredmedia":[{"embeddable":true,"href":"https:\/\/www.agendor.com.br\/blog\/wp-json\/wp\/v2\/media\/37776"}],"wp:attachment":[{"href":"https:\/\/www.agendor.com.br\/blog\/wp-json\/wp\/v2\/media?parent=37771"}],"wp:term":[{"taxonomy":"category","embeddable":true,"href":"https:\/\/www.agendor.com.br\/blog\/wp-json\/wp\/v2\/categories?post=37771"},{"taxonomy":"post_tag","embeddable":true,"href":"https:\/\/www.agendor.com.br\/blog\/wp-json\/wp\/v2\/tags?post=37771"},{"taxonomy":"lista-de-leitura","embeddable":true,"href":"https:\/\/www.agendor.com.br\/blog\/wp-json\/wp\/v2\/lista-de-leitura?post=37771"},{"taxonomy":"listas_de_leitura","embeddable":true,"href":"https:\/\/www.agendor.com.br\/blog\/wp-json\/wp\/v2\/listas_de_leitura?post=37771"}],"curies":[{"name":"wp","href":"https:\/\/api.w.org\/{rel}","templated":true}]}}