{"id":35982,"date":"2020-10-09T21:00:17","date_gmt":"2020-10-10T00:00:17","guid":{"rendered":"https:\/\/www.agendor.com.br\/blog\/?p=35982"},"modified":"2020-10-09T21:00:17","modified_gmt":"2020-10-10T00:00:17","slug":"calcular-tamanho-equipe-vendas","status":"publish","type":"post","link":"https:\/\/www.agendor.com.br\/blog\/calcular-tamanho-equipe-vendas\/","title":{"rendered":"Descubra como calcular o tamanho da equipe de vendas: tabela e f\u00f3rmula simples e pr\u00e1ticas!"},"content":{"rendered":"<p><a href=\"https:\/\/premium.vendamais.com.br\/descubra-de-quantos-vendedores-sua-equipe-comercial-precisa\/\" target=\"_blank\" rel=\"noopener\"><b><i>Artigo<\/i><\/b><\/a><b><i> cedido pela Revista VendaMais. Todos os direitos reservados.<\/i><\/b><\/p>\n<p>Diariamente, os <a href=\"https:\/\/www.agendor.com.br\/blog\/o-que-faz-um-gestor-comercial\/\" target=\"_blank\" rel=\"noopener\"><b>gestores de vendas<\/b><\/a> enfrentam muitos desafios para atingir os resultados planejados.<\/p>\n<p>Esses desafios passam pela <a href=\"https:\/\/www.setting.com.br\/blog\/lideranca\/como-conhecer-perfil-funcionario\/\" target=\"_blank\" rel=\"noopener\"><b>defini\u00e7\u00e3o do perfil do profissional<\/b><\/a> ideal para a equipe, pelo recrutamento e pela sele\u00e7\u00e3o desses candidatos, pelo treinamento, pela gest\u00e3o do pre\u00e7o e da \u201cvida\u201d do produto e por todas aquelas atividades \u2013 cada uma com a sua devida import\u00e2ncia \u2013 que, somadas, t\u00eam o objetivo de <b>maximizar os resultados da organiza\u00e7\u00e3o<\/b>.<\/p>\n<p>Dentre todas as atividades de um gestor comercial, existe aquela em que \u00e9 preciso avaliar o mercado e o cen\u00e1rio econ\u00f4mico de atua\u00e7\u00e3o da empresa e calcular o tamanho da equipe de vendas.<\/p>\n<p><b>Tarefa f\u00e1cil?\u00a0<\/b><\/p>\n<p><b>Longe disso!\u00a0<\/b><\/p>\n<p>Ali\u00e1s, no meu ponto de vista, essa \u00e9 uma das atividades mais desafiadoras para um gestor. Porque, para fazer uma an\u00e1lise completa do dimensionamento da for\u00e7a de vendas, nos deparamos com uma quantidade imensa de vari\u00e1veis.<\/p>\n<p>Por isso, proponho o exerc\u00edcio de relacionar algumas delas.<\/p>\n<p>Voc\u00ea topa? Ent\u00e3o vamos l\u00e1!<\/p>\n<p>Leia tamb\u00e9m: <a href=\"https:\/\/www.agendor.com.br\/blog\/definir-tamanho-do-time-de-vendas\/\" target=\"_blank\" rel=\"noopener\"><b>Como definir o tamanho do time de vendas?<\/b><\/a><\/p>\n<h2>Como calcular o tamanho da equipe de vendas: 9 vari\u00e1veis que voc\u00ea deve levar em conta<\/h2>\n<p>Para descobrir o tamanho da for\u00e7a de vendas ideal, estes fatores precisam ser analisados:<\/p>\n<ol>\n<li style=\"font-weight: 400;\">Desejamos (ou precisamos) trabalhar com <a href=\"https:\/\/www.agendor.com.br\/blog\/representante-comercial-o-que-faz\/\" target=\"_blank\" rel=\"noopener\"><b>representantes comerciais<\/b><\/a> (profissionais aut\u00f4nomos) ou vendedores com registro em carteira de trabalho (<a href=\"https:\/\/www.qipu.com.br\/blog\/clt-ou-pj\/\"><b>CLT<\/b><\/a>)? Ou ambos?<\/li>\n<li style=\"font-weight: 400;\">Qual \u00e9 o tamanho do mercado em que atuamos?<\/li>\n<li style=\"font-weight: 400;\">Temos uma <a href=\"https:\/\/www.agendor.com.br\/blog\/curva-abc-vendas\/\" target=\"_blank\" rel=\"noopener\"><b>curva ABC<\/b><\/a> dos nossos clientes? E, se tivermos, n\u00f3s a usamos como uma ferramenta de trabalho?<\/li>\n<li style=\"font-weight: 400;\">Qual \u00e9 a densidade demogr\u00e1fica dos nossos clientes e onde eles est\u00e3o localizados?<\/li>\n<li style=\"font-weight: 400;\">Como atuam os nossos concorrentes?<\/li>\n<li style=\"font-weight: 400;\">Qual \u00e9 o nosso momento econ\u00f4mico \u2013 crise, crescimento ou estagna\u00e7\u00e3o?<\/li>\n<li style=\"font-weight: 400;\">Qual \u00e9 o tipo de produto que ofertamos e o <a href=\"https:\/\/www.agendor.com.br\/blog\/o-que-e-ticket-medio\/\" target=\"_blank\" rel=\"noopener\"><b>ticket m\u00e9dio<\/b><\/a> das nossas vendas?<\/li>\n<li style=\"font-weight: 400;\">Como se d\u00e1 o nosso processo de venda (vendemos para outras empresas \u2013 B2B \u2013 ou para o consumidor final \u2013 B2C)?<\/li>\n<li style=\"font-weight: 400;\">Qual \u00e9 o tamanho do nosso canal de distribui\u00e7\u00e3o?<\/li>\n<\/ol>\n<p><b>Se mais da metade dos gestores tiver as respostas para 50% das perguntas acima, acredito que j\u00e1 ser\u00e1 um sucesso.<\/b><\/p>\n<p>A verdade \u00e9 que existem coisas de singular import\u00e2ncia no nosso dia a dia e que a correria n\u00e3o nos permite investir tempo para avaliar.<\/p>\n<p>Estou escrevendo isso pensando nas perguntas que sugeri acima, pois tenho certeza de que, nesse momento, assim como eu, voc\u00ea se lembrou do quanto isso \u00e9 importante.<\/p>\n<p>Depois de ter as respostas para as quest\u00f5es sugeridas acima, podemos iniciar um racioc\u00ednio para montar uma f\u00f3rmula que vai nos ajudar a definir o tamanho da equipe de vendas necess\u00e1ria para uma opera\u00e7\u00e3o de comercial de sucesso.<\/p>\n<p>Mas, primeiro, \u00e9 importante estabelecer os c\u00f3digos da f\u00f3rmula e seus respectivos significados.<\/p>\n<h3>Planilha e f\u00f3rmula para dimensionamento da for\u00e7a de vendas<\/h3>\n<p>Fique atento aos dados desta planilha para entender como calcular o tamanho da for\u00e7a de vendas:<\/p>\n<p><img class=\"size-full wp-image-35986 aligncenter\" src=\"https:\/\/agendor-blog-uploads.s3.sa-east-1.amazonaws.com\/2020\/10\/09204321\/tamanho-da-forca-de-vendas-1.jpg\" alt=\"tamanho-da-forca-de-vendas\" width=\"596\" height=\"554\" \/><\/p>\n<p>Confira agora a f\u00f3rmula de como calcular o tamanho da equipe de vendas:<\/p>\n<p style=\"text-align: center;\"><b>QNV = QTC\/{[QHDD\/(TMV+TMD)] x QDUM}<\/b><\/p>\n<p>Para deixar a ideia mais clara, vamos fazer um c\u00e1lculo do tamanho da equipe de vendas com car\u00e1ter explicativo com as seguintes premissas:<\/p>\n<ul>\n<li style=\"font-weight: 400;\"><b>QTC:<\/b> 400<\/li>\n<li style=\"font-weight: 400;\"><b>TMV<\/b>: 1 hora<\/li>\n<li style=\"font-weight: 400;\"><b>TMD:<\/b> 1 hora<\/li>\n<li style=\"font-weight: 400;\"><b>QHDD:<\/b> 8<\/li>\n<li style=\"font-weight: 400;\"><b>QDUM:<\/b> 22<\/li>\n<\/ul>\n<p>Ou seja:<\/p>\n<ul>\n<li style=\"font-weight: 400;\"><b>QNV<\/b> = 400\/{[8\/(1+1)] x 22}<\/li>\n<li style=\"font-weight: 400;\"><b>QNV<\/b> = 400\/[(8\/2] x 22]<\/li>\n<li style=\"font-weight: 400;\"><b>QNV<\/b> = 400\/(4 x 22)<\/li>\n<li style=\"font-weight: 400;\"><b>QNV<\/b> = 400\/88<\/li>\n<li style=\"font-weight: 400;\"><b>QNV<\/b> = 4,5445<\/li>\n<\/ul>\n<p>Portanto, imaginando as premissas citadas acima, s\u00e3o necess\u00e1rios entre quatro e cinco vendedores para dar conta do trabalho dessa empresa.<\/p>\n<p>\u00c9 importante salientar que estamos, aqui, imaginando clientes de igual import\u00e2ncia para a organiza\u00e7\u00e3o. <b>Mas se for definido que existem clientes mais ou menos relevantes e que a vari\u00e1vel para diferenciar, por exemplo, os clientes A e B \u00e9 o tempo dedicado a eles, ser\u00e1 preciso alterar o valor do tempo m\u00e9dio de visita (TMV).\u00a0<\/b><\/p>\n<p>Al\u00e9m disso, podemos evoluir muito mais com esse estudo. Porque podemos precisar, num futuro pr\u00f3ximo, avaliar a frequ\u00eancia de visitas ao cliente (FVC) \u2013 ou seja: em fun\u00e7\u00e3o da curva ABC de clientes, definir em quanto tempo o vendedor dever\u00e1 retornar ao cliente em fun\u00e7\u00e3o da sua import\u00e2ncia para a empresa e assim por diante.<\/p>\n<p>Mas isso \u00e9 um assunto para um pr\u00f3ximo artigo. Fica, ent\u00e3o, o convite para voc\u00ea fazer seu c\u00e1lculo e se lembrar de que acertar nessa etapa do processo vai ajudar a garantir negocia\u00e7\u00f5es mais produtivas l\u00e1 na frente!<br \/>\nLeia mais: <a href=\"https:\/\/www.agendor.com.br\/blog\/como-montar-uma-equipe-de-vendas-externas\/\" target=\"_blank\" rel=\"noopener\"><b>Como montar uma equipe de vendas externas passo a passo<\/b><\/a><\/p>\n<p><b>Tem mais de uma equipe de vendas para gerenciar? Veja como o Agendor pode <\/b><b>ajudar<\/b><b>\u00a0voc\u00ea nessa miss\u00e3o:<\/b><\/p>\n<p><iframe width=\"500\" height=\"281\" src=\"https:\/\/www.youtube.com\/embed\/4RRaMlse5io?feature=oembed\" frameborder=\"0\" allow=\"accelerometer; autoplay; clipboard-write; encrypted-media; gyroscope; picture-in-picture\" allowfullscreen><\/iframe><\/p>\n<h2>Agora \u00e9 sua vez: calcule o tamanho da sua equipe de vendas<\/h2>\n<p>Preencha a tabela abaixo, descubra quantos profissionais de vendas voc\u00ea precisa ter na sua equipe e reveja a estrutura do seu time comercial hoje mesmo.<\/p>\n<p>Tanto estruturas inchadas e com vendedores ociosos, quanto equipes como profissionais sobrecarregados podem impactar negativamente a sua empresa e a sua sustentabilidade financeira.<\/p>\n<p>Descubra quantos profissionais de vendas voc\u00ea precisa ter na sua equipe levando em considera\u00e7\u00e3o o atual momento dela e n\u00e3o cometa esse erro!<\/p>\n<p><img class=\"size-full wp-image-35987 aligncenter\" src=\"https:\/\/agendor-blog-uploads.s3.sa-east-1.amazonaws.com\/2020\/10\/09204701\/como-calcular-o-tamanho-da-forca-de-venda.jpg\" alt=\"como-calcular-o-tamanho-da-forca-de-venda\" width=\"636\" height=\"421\" \/><\/p>\n<p>Boas vendas!<\/p>\n<p><strong><em><a href=\"https:\/\/www.linkedin.com\/in\/aroldo-caetano-maciel-mba-fgv-33344736\/\" target=\"_blank\" rel=\"noopener\">Aroldo Maciel<\/a> \u00e9 especialista em Marketing, Intelig\u00eancia Econ\u00f4mica e Com\u00e9rcio Exterior pela PUCRS e possui MBA em Gest\u00e3o Comercial pela FGV. \u00c9 consultor independente e s\u00f3cio-diretor da GlobalMac.<\/em><\/strong><\/p>\n<p>Por isso, criamos 2 planilhas que podem ajudar voc\u00ea, baixe gratuitamente agora mesmo:<\/p>\n<ul>\n<li style=\"font-weight: 400;\"><strong><a href=\"http:\/\/materiais.agendor.com.br\/planilha-produtividade-vendas?utm_expid=.yq2i_dSPTei0SQvpnPpSXg.0&amp;utm_referrer=\">Planilha de vendas por vendedor e produtividade em vendas<\/a><\/strong><\/li>\n<li style=\"font-weight: 400;\"><strong><a href=\"http:\/\/materiais.agendor.com.br\/planilha-avaliacao-desempenho-vendedores\">Planilha de avalia\u00e7\u00e3o de desempenho de vendedores em Excel GR\u00c1TIS!<\/a><\/strong><\/li>\n<\/ul>\n","protected":false},"excerpt":{"rendered":"<p>Artigo cedido pela Revista VendaMais. Todos os direitos reservados. Diariamente, os gestores de vendas enfrentam muitos desafios para atingir os resultados planejados. Esses desafios passam pela defini\u00e7\u00e3o do perfil do profissional ideal para a equipe, pelo recrutamento e pela sele\u00e7\u00e3o desses candidatos, pelo treinamento, pela gest\u00e3o do pre\u00e7o e da \u201cvida\u201d do produto e por [&hellip;]<\/p>\n","protected":false},"author":42,"featured_media":35983,"comment_status":"closed","ping_status":"closed","sticky":false,"template":"","format":"standard","meta":[],"categories":[883],"tags":[177,794],"lista-de-leitura":[],"listas_de_leitura":[],"yoast_head":"<!-- This site is optimized with the Yoast SEO plugin v16.6.1 - https:\/\/yoast.com\/wordpress\/plugins\/seo\/ -->\n<title>Como calcular tamanho da equipe de vendas: f\u00f3rmula revelada!<\/title>\n<meta name=\"description\" content=\"Dificuldades para fazer o dimensionamento da for\u00e7a de vendas? Ent\u00e3o confira esta f\u00f3rmula de como calcular o tamanho da equipe de vendas.\" \/>\n<meta name=\"robots\" content=\"index, follow, max-snippet:-1, max-image-preview:large, max-video-preview:-1\" \/>\n<link rel=\"canonical\" href=\"https:\/\/www.agendor.com.br\/blog\/calcular-tamanho-equipe-vendas\/\" \/>\n<meta property=\"og:locale\" content=\"pt_BR\" \/>\n<meta property=\"og:type\" content=\"article\" \/>\n<meta property=\"og:title\" content=\"Como calcular tamanho da equipe de vendas: f\u00f3rmula revelada!\" \/>\n<meta property=\"og:description\" content=\"Dificuldades para fazer o dimensionamento da for\u00e7a de vendas? Ent\u00e3o confira esta f\u00f3rmula de como calcular o tamanho da equipe de vendas.\" \/>\n<meta property=\"og:url\" content=\"https:\/\/www.agendor.com.br\/blog\/calcular-tamanho-equipe-vendas\/\" \/>\n<meta property=\"og:site_name\" content=\"Blog Agendor\" \/>\n<meta property=\"article:publisher\" content=\"https:\/\/www.facebook.com\/agendor\" \/>\n<meta property=\"article:published_time\" content=\"2020-10-10T00:00:17+00:00\" \/>\n<meta property=\"og:image\" content=\"https:\/\/agendor-blog-uploads.s3.sa-east-1.amazonaws.com\/2020\/10\/09204013\/calcular-tamanho-equipe-vendas.jpg\" \/>\n\t<meta property=\"og:image:width\" content=\"750\" \/>\n\t<meta property=\"og:image:height\" content=\"500\" \/>\n<meta name=\"twitter:card\" content=\"summary_large_image\" \/>\n<meta name=\"twitter:label1\" content=\"Est. reading time\" \/>\n\t<meta name=\"twitter:data1\" content=\"5 minutos\" \/>\n<!-- \/ Yoast SEO plugin. -->","_links":{"self":[{"href":"https:\/\/www.agendor.com.br\/blog\/wp-json\/wp\/v2\/posts\/35982"}],"collection":[{"href":"https:\/\/www.agendor.com.br\/blog\/wp-json\/wp\/v2\/posts"}],"about":[{"href":"https:\/\/www.agendor.com.br\/blog\/wp-json\/wp\/v2\/types\/post"}],"author":[{"embeddable":true,"href":"https:\/\/www.agendor.com.br\/blog\/wp-json\/wp\/v2\/users\/42"}],"replies":[{"embeddable":true,"href":"https:\/\/www.agendor.com.br\/blog\/wp-json\/wp\/v2\/comments?post=35982"}],"version-history":[{"count":0,"href":"https:\/\/www.agendor.com.br\/blog\/wp-json\/wp\/v2\/posts\/35982\/revisions"}],"wp:featuredmedia":[{"embeddable":true,"href":"https:\/\/www.agendor.com.br\/blog\/wp-json\/wp\/v2\/media\/35983"}],"wp:attachment":[{"href":"https:\/\/www.agendor.com.br\/blog\/wp-json\/wp\/v2\/media?parent=35982"}],"wp:term":[{"taxonomy":"category","embeddable":true,"href":"https:\/\/www.agendor.com.br\/blog\/wp-json\/wp\/v2\/categories?post=35982"},{"taxonomy":"post_tag","embeddable":true,"href":"https:\/\/www.agendor.com.br\/blog\/wp-json\/wp\/v2\/tags?post=35982"},{"taxonomy":"lista-de-leitura","embeddable":true,"href":"https:\/\/www.agendor.com.br\/blog\/wp-json\/wp\/v2\/lista-de-leitura?post=35982"},{"taxonomy":"listas_de_leitura","embeddable":true,"href":"https:\/\/www.agendor.com.br\/blog\/wp-json\/wp\/v2\/listas_de_leitura?post=35982"}],"curies":[{"name":"wp","href":"https:\/\/api.w.org\/{rel}","templated":true}]}}