{"id":34848,"date":"2020-05-27T09:00:26","date_gmt":"2020-05-27T12:00:26","guid":{"rendered":"https:\/\/www.agendor.com.br\/blog\/?p=34848"},"modified":"2020-06-17T11:57:34","modified_gmt":"2020-06-17T14:57:34","slug":"transformacao-digital-e-diferencial-das-empresas-para-vender-durante-a-crise","status":"publish","type":"post","link":"https:\/\/www.agendor.com.br\/blog\/transformacao-digital-e-diferencial-das-empresas-para-vender-durante-a-crise\/","title":{"rendered":"[Pesquisa] Transforma\u00e7\u00e3o digital \u00e9 diferencial das empresas para vender durante a crise"},"content":{"rendered":"<h3><strong><i>Agendor realiza pesquisa in\u00e9dita para entender o impacto da pandemia para empresas brasileiras em diferentes setores, confira os destaques.<\/i><\/strong><\/h3>\n<p><span style=\"font-weight: 400;\">Como empresas de diferentes portes e setores est\u00e3o sentindo os efeitos da pandemia de Covid-19 e quais medidas est\u00e3o tomando para minimizar o impacto da crise?<\/span><\/p>\n<p><span style=\"font-weight: 400;\">Essas duas quest\u00f5es nortearam uma pesquisa realizada pelo Agendor com o objetivo de analisar a situa\u00e7\u00e3o do<\/span> <span style=\"font-weight: 400;\">setor de vendas brasileiro diante do abalo provocado pelo coronav\u00edrus.<\/span><\/p>\n<p><span style=\"font-weight: 400;\">De modo geral, a pesquisa mostra que a prospec\u00e7\u00e3o de potenciais clientes continua sendo um dos grandes desafios dos setores comerciais e <\/span> <span style=\"font-weight: 400;\">que os neg\u00f3cios que conseguiram alcan\u00e7ar os melhores resultados s\u00e3o aqueles que j\u00e1 passaram por um processo de transforma\u00e7\u00e3o digital.<\/span><\/p>\n<p><span style=\"font-weight: 400;\">Ou seja, que j\u00e1 possuem a tecnologia como parte de suas etapas da venda, utilizando recursos como sistema de CRM, chat de atendimento, publicidade online, videoconfer\u00eancias, entre outros.\u00a0\u00a0<\/span><\/p>\n<p><span style=\"font-weight: 400;\">Como era de se esperar, os resultados mostram ainda que a maior parte das empresas foi afetada negativamente pelo coronav\u00edrus. No entanto, a boa not\u00edcia \u00e9 que o panorama fornecido pela pesquisa pode ajudar no estabelecimento de estrat\u00e9gias mais assertivas para reduzir os preju\u00edzos e superar a crise.<\/span><\/p>\n<h2><b>Perfil das empresas participantes da pesquisa<\/b><\/h2>\n<p><span style=\"font-weight: 400;\">Para obter resultados concretos, a pesquisa contou com respostas de mais de 500 representantes de empresas tanto de Com\u00e9rcio quanto de Servi\u00e7os B2B e B2C, al\u00e9m de Ind\u00fastrias.\u00a0<\/span><\/p>\n<p><span style=\"font-weight: 400;\">Entre elas, as grandes empresas tiveram mais representantes na Ind\u00fastria e no Com\u00e9rcio B2B, enquanto as microempresas est\u00e3o em maior n\u00famero em Servi\u00e7os B2B e B2C. As PMEs est\u00e3o mais concentradas no ramo industrial. A maior parte das participantes da amostra realizava vendas externas e internas antes do Covid-19.<\/span><\/p>\n<h3><b>Resultados fornecem panorama completo sobre vendas ap\u00f3s Covid-19<\/b><\/h3>\n<p><span style=\"font-weight: 400;\">Os resultados da pesquisa promovida pelo Agendor permitem que se desenhe um quadro detalhado sobre a situa\u00e7\u00e3o das vendas em todos os setores observados desde o in\u00edcio da crise.<\/span><\/p>\n<p><span style=\"font-weight: 400;\">Com as informa\u00e7\u00f5es referentes \u00e0s empresas mais afetadas pelo Covid-19, \u00e0s mudan\u00e7as impostas pela pandemia nos processos de vendas e \u00e0s diferen\u00e7as entre os efeitos no Com\u00e9rcio e nos Servi\u00e7os, \u00e9 poss\u00edvel compreender o real impacto da atual conjuntura no mercado.<\/span><\/p>\n<h3><b>Impacto direto da crise nos neg\u00f3cios<\/b><\/h3>\n<p><span style=\"font-weight: 400;\">No que se refere \u00e0s consequ\u00eancias negativas da crise, nota-se que, como previsto, as microempresas s\u00e3o as mais afetadas at\u00e9 agora: 54,85% declaram ter sido muito impactadas com perda de v\u00e1rias vendas, enquanto apenas 15,53% delas ainda n\u00e3o sentiram muito impacto.<\/span><\/p>\n<p><span style=\"font-weight: 400;\">J\u00e1 as grandes empresas foram as que menos sofreram, com 42,34% alegando o n\u00edvel m\u00e1ximo de impacto, 30,63% o n\u00edvel m\u00e9dio e 27,03% o m\u00ednimo. As PMEs ficaram em uma posi\u00e7\u00e3o intermedi\u00e1ria, mas bem pr\u00f3xima \u00e0quelas de menor porte: 52,97% foram gravemente impactadas e tiveram muitas vendas perdidas.<\/span><\/p>\n<p><span style=\"font-weight: 400;\">Considerando-se apenas as respostas de impacto m\u00e1ximo da crise nos neg\u00f3cios, os setores mais afetados foram:<\/span><\/p>\n<ul>\n<li><span style=\"font-weight: 400;\"> Servi\u00e7os B2C (56%);<\/span><\/li>\n<li><span style=\"font-weight: 400;\">Com\u00e9rcio B2C (55,95%); e<\/span><\/li>\n<li><span style=\"font-weight: 400;\">Com\u00e9rcio B2B (54,55%).<\/span><\/li>\n<\/ul>\n<p><span style=\"font-weight: 400;\">A necessidade de isolamento social impediu o deslocamento das pessoas e, consequentemente, prejudicou as empresas B2C que dependiam de espa\u00e7os f\u00edsicos para realizar transa\u00e7\u00f5es ou prestar servi\u00e7os aos consumidores finais.<\/span><\/p>\n<p><span style=\"font-weight: 400;\">Al\u00e9m de outros pontos importantes, os resultados tamb\u00e9m mostram que existe rela\u00e7\u00e3o direta entre a dimens\u00e3o do impacto e as a\u00e7\u00f5es de cortes e desligamentos, f\u00e9rias coletivas e adapta\u00e7\u00e3o de carga hor\u00e1ria. Da mesma forma, as empresas que est\u00e3o contratando novos colaboradores s\u00e3o as mesmas que alegaram efeitos menores diante da crise.<\/span><\/p>\n<h3><b>Investimentos em marketing, abordagens e modelos de vendas<\/b><\/h3>\n<p><span style=\"font-weight: 400;\">Em fun\u00e7\u00e3o dos impactos provocados pela atual crise, algumas empresas tiveram que rever seu planejamento e fazer algumas adapta\u00e7\u00f5es, n\u00e3o apenas em rela\u00e7\u00e3o \u00e0s equipes de vendas. O Com\u00e9rcio B2B foi, por exemplo, o setor que mais reduziu os investimentos em marketing e publicidade: 56,91% desses neg\u00f3cios pararam de investir ou diminu\u00edram esses valores.<\/span><\/p>\n<p><span style=\"font-weight: 400;\">Em contrapartida, com a perda do espa\u00e7o f\u00edsico do qual dependia para capta\u00e7\u00e3o e atendimento de clientes, para tentar evitar perdas t\u00e3o dr\u00e1sticas nas vendas, o Com\u00e9rcio B2C se viu obrigado a aumentar esses investimentos e se adaptar \u00e0s pressas aos meios digitais. De acordo com a pesquisa, 19,05% das empresas do setor est\u00e3o investindo de 1 a 50% a mais nessas estrat\u00e9gias do que antes da pandemia.<\/span><\/p>\n<p><span style=\"font-weight: 400;\">As abordagens comerciais tamb\u00e9m sofreram mudan\u00e7as no atual cen\u00e1rio. Se por um lado Ind\u00fastria e Servi\u00e7os B2B n\u00e3o foram t\u00e3o impactados porque j\u00e1 abordavam os clientes de v\u00e1rias formas, o Com\u00e9rcio B2C e os Servi\u00e7os B2C foram os mais afetados. Ap\u00f3s o Covid-19, os neg\u00f3cios que se apoiavam no marketing tradicional para capta\u00e7\u00e3o de clientes se viram imobilizados pelo distanciamento social.<\/span><\/p>\n<p><span style=\"font-weight: 400;\">Nesse sentido, a pesquisa do Agendor mostra ainda que, quanto maior a organiza\u00e7\u00e3o, maior o uso de telefone e e-mail para abordagem comerciais (75,68% das grandes empresas usam telefone e 64,86% o e-mail).<\/span><\/p>\n<p><span style=\"font-weight: 400;\">Al\u00e9m disso, o uso do WhatsApp, antes visto somente como um meio para conversas pessoais, est\u00e1 muito disseminado, independentemente do tamanho da empresa. Sendo utilizado por 59,51% das microempresas, 62,7% das PMEs e 63,06% das grandes empresas, ele vem se tornando o principal meio de comunica\u00e7\u00e3o entre vendedores e clientes.<\/span><\/p>\n<h3><b>Maturidade digital e capacidade de lidar com adversidades<\/b><\/h3>\n<p><span style=\"font-weight: 400;\">Muitos fatores analisados na pesquisa do Agendor mostraram que as<\/span><b> empresas com maior maturidade digital est\u00e3o sofrendo menos perdas e conseguindo enfrentar melhor a crise<\/b><span style=\"font-weight: 400;\">. As diferen\u00e7as constatadas entre os setores de Servi\u00e7os B2B e Com\u00e9rcio B2B, por exemplo, demonstram bem essa realidade.<\/span><\/p>\n<p><span style=\"font-weight: 400;\">As empresas que vendem servi\u00e7os para outras empresas s\u00e3o mais adeptas ao uso de <a href=\"https:\/\/www.agendor.com.br\/sistema-crm\/\">Sistemas de CRM<\/a> online (em nuvem), o que as torna mais adapt\u00e1veis ao cen\u00e1rio de isolamento social e home office.<\/span><\/p>\n<p><span style=\"font-weight: 400;\">A pesquisa analisou especificamente o uso de sistemas de CRM e o impacto da crise e constatou que as organiza\u00e7\u00f5es que contam com essas plataformas de gest\u00e3o do relacionamento com clientes foram menos afetadas, enquanto os neg\u00f3cios que ainda utilizam planilhas de excel e controles em papel sofreram consequ\u00eancias mais graves.<\/span><\/p>\n<p><i><span style=\"font-weight: 400;\">\u201cQuando sua opera\u00e7\u00e3o de vendas j\u00e1 est\u00e1 documentada de forma online e existem processos claros e bem definidos, a adapta\u00e7\u00e3o para o modelo de vendas remotas \u00e9 muito mais simples \u2013 mesmo que ainda n\u00e3o seja o modelo adotado pela a empresa\u201d<\/span><\/i><span style=\"font-weight: 400;\">, explica J\u00falio Paulillo, CRO do Agendor.<\/span><\/p>\n<p><span style=\"font-weight: 400;\">O Com\u00e9rcio B2B tamb\u00e9m sofreu mais em raz\u00e3o de estar menos ligado ao marketing digital e utilizar menos as redes sociais para abordar seus clientes. Esses neg\u00f3cios tamb\u00e9m n\u00e3o costumam usar plataformas de chat em grupo nem ferramentas de videoconfer\u00eancia. Todos esses fatores demonstram uma falta de maturidade digital, tamb\u00e9m constatada nos outros tipos de empresas B2B com menor desempenho diante da pandemia.<\/span><\/p>\n<p><span style=\"font-weight: 400;\">Cruzando os dados sobre investimentos em marketing e publicidade e as ferramentas de comunica\u00e7\u00e3o utilizadas pelas empresas, notou-se que a ades\u00e3o a videoconfer\u00eancias, o acesso remoto aos servidores e uso de chats s\u00e3o bem maiores em empresas que est\u00e3o aumentando esses investimentos.<\/span><\/p>\n<p><span style=\"font-weight: 400;\">Isso tamb\u00e9m mostra como a maturidade digital tem impacto direto no crescimento e na capacidade de lidar com situa\u00e7\u00f5es adversas de mercado como a que estamos vivendo atualmente.<\/span><\/p>\n<p><span style=\"font-weight: 400;\">Os resultados da pesquisa do Agendor confirmam a grande necessidade de investimento em tecnologia. Para viver esses novos tempos, empresas de todos os portes e setores precisam se adaptar.<\/span><\/p>\n<p><span style=\"font-weight: 400;\">A transforma\u00e7\u00e3o digital \u00e9, portanto, um dos principais desafios das organiza\u00e7\u00f5es mais impactadas pela crise \u2013 e uma das \u00fanicas sa\u00eddas para superar esse momento.<\/span><\/p>\n","protected":false},"excerpt":{"rendered":"<p>Agendor realiza pesquisa in\u00e9dita para entender o impacto da pandemia para empresas brasileiras em diferentes setores, confira os destaques. Como empresas de diferentes portes e setores est\u00e3o sentindo os efeitos da pandemia de Covid-19 e quais medidas est\u00e3o tomando para minimizar o impacto da crise? Essas duas quest\u00f5es nortearam uma pesquisa realizada pelo Agendor com [&hellip;]<\/p>\n","protected":false},"author":3,"featured_media":34901,"comment_status":"closed","ping_status":"closed","sticky":false,"template":"","format":"standard","meta":[],"categories":[885],"tags":[713,795],"lista-de-leitura":[],"listas_de_leitura":[],"yoast_head":"<!-- This site is optimized with the Yoast SEO plugin v16.6.1 - https:\/\/yoast.com\/wordpress\/plugins\/seo\/ -->\n<title>Transforma\u00e7\u00e3o digital \u00e9 diferencial das empresas para vender durante a crise | Blog Agendor<\/title>\n<meta name=\"description\" content=\"Realizamos uma pesquisa para entender o impacto da pandemia para empresas brasileiras em diferentes setores. Confira o que descobrimos!\" \/>\n<meta name=\"robots\" content=\"index, follow, max-snippet:-1, max-image-preview:large, max-video-preview:-1\" \/>\n<link rel=\"canonical\" href=\"https:\/\/www.agendor.com.br\/blog\/transformacao-digital-e-diferencial-das-empresas-para-vender-durante-a-crise\/\" \/>\n<meta property=\"og:locale\" content=\"pt_BR\" \/>\n<meta property=\"og:type\" content=\"article\" \/>\n<meta property=\"og:title\" content=\"Transforma\u00e7\u00e3o digital \u00e9 diferencial das empresas para vender durante a crise | Blog Agendor\" \/>\n<meta property=\"og:description\" content=\"Realizamos uma pesquisa para entender o impacto da pandemia para empresas brasileiras em diferentes setores. Confira o que descobrimos!\" \/>\n<meta property=\"og:url\" content=\"https:\/\/www.agendor.com.br\/blog\/transformacao-digital-e-diferencial-das-empresas-para-vender-durante-a-crise\/\" \/>\n<meta property=\"og:site_name\" content=\"Blog Agendor\" \/>\n<meta property=\"article:publisher\" content=\"https:\/\/www.facebook.com\/agendor\" \/>\n<meta property=\"article:author\" content=\"https:\/\/agendor-blog-uploads.s3.sa-east-1.amazonaws.com\/2026\/01\/26125024\/julio-paulillo-agendor-2025-1-scaled.jpg\" \/>\n<meta property=\"article:published_time\" content=\"2020-05-27T12:00:26+00:00\" \/>\n<meta property=\"article:modified_time\" content=\"2020-06-17T14:57:34+00:00\" \/>\n<meta property=\"og:image\" content=\"https:\/\/agendor-blog-uploads.s3.sa-east-1.amazonaws.com\/2020\/05\/27121930\/pesquisa-covid1.jpg\" \/>\n\t<meta property=\"og:image:width\" content=\"707\" \/>\n\t<meta property=\"og:image:height\" content=\"501\" \/>\n<meta name=\"twitter:card\" content=\"summary_large_image\" \/>\n<meta name=\"twitter:label1\" content=\"Est. reading time\" \/>\n\t<meta name=\"twitter:data1\" content=\"7 minutos\" \/>\n<!-- \/ Yoast SEO plugin. -->","_links":{"self":[{"href":"https:\/\/www.agendor.com.br\/blog\/wp-json\/wp\/v2\/posts\/34848"}],"collection":[{"href":"https:\/\/www.agendor.com.br\/blog\/wp-json\/wp\/v2\/posts"}],"about":[{"href":"https:\/\/www.agendor.com.br\/blog\/wp-json\/wp\/v2\/types\/post"}],"author":[{"embeddable":true,"href":"https:\/\/www.agendor.com.br\/blog\/wp-json\/wp\/v2\/users\/3"}],"replies":[{"embeddable":true,"href":"https:\/\/www.agendor.com.br\/blog\/wp-json\/wp\/v2\/comments?post=34848"}],"version-history":[{"count":0,"href":"https:\/\/www.agendor.com.br\/blog\/wp-json\/wp\/v2\/posts\/34848\/revisions"}],"wp:featuredmedia":[{"embeddable":true,"href":"https:\/\/www.agendor.com.br\/blog\/wp-json\/wp\/v2\/media\/34901"}],"wp:attachment":[{"href":"https:\/\/www.agendor.com.br\/blog\/wp-json\/wp\/v2\/media?parent=34848"}],"wp:term":[{"taxonomy":"category","embeddable":true,"href":"https:\/\/www.agendor.com.br\/blog\/wp-json\/wp\/v2\/categories?post=34848"},{"taxonomy":"post_tag","embeddable":true,"href":"https:\/\/www.agendor.com.br\/blog\/wp-json\/wp\/v2\/tags?post=34848"},{"taxonomy":"lista-de-leitura","embeddable":true,"href":"https:\/\/www.agendor.com.br\/blog\/wp-json\/wp\/v2\/lista-de-leitura?post=34848"},{"taxonomy":"listas_de_leitura","embeddable":true,"href":"https:\/\/www.agendor.com.br\/blog\/wp-json\/wp\/v2\/listas_de_leitura?post=34848"}],"curies":[{"name":"wp","href":"https:\/\/api.w.org\/{rel}","templated":true}]}}