{"id":30612,"date":"2019-04-10T09:00:17","date_gmt":"2019-04-10T12:00:17","guid":{"rendered":"https:\/\/www.agendor.com.br\/blog\/?p=30612"},"modified":"2019-04-05T18:08:14","modified_gmt":"2019-04-05T21:08:14","slug":"podcasts-vendas","status":"publish","type":"post","link":"https:\/\/www.agendor.com.br\/blog\/podcasts-vendas\/","title":{"rendered":"Os 7 melhores podcasts de vendas para voc\u00ea aprender enquanto se dedica a outras atividades"},"content":{"rendered":"<p>Todo mundo fala da import\u00e2ncia da capacita\u00e7\u00e3o em qualquer \u00e1rea de neg\u00f3cios.<\/p>\n<p>Mark Zuckerberg, fundador do Facebook, por exemplo, se compromete a ler um livro a cada 15 dias. E voc\u00ea, quando foi a \u00faltima vez que leu um bom <a href=\"https:\/\/www.setting.com.br\/blog\/gestao-empresarial\/livros-gestao-empresarial\/\" target=\"_blank\" rel=\"noopener\"><strong>livro sobre gest\u00e3o empresarial<\/strong><\/a>, vendas ou marketing?<\/p>\n<p>Calma! N\u00e3o estamos aqui para julgar ningu\u00e9m&#8230; a gente sabe que a vida anda muito corrida para todo mundo e que arrumar um tempinho para ler, nem sempre \u00e9 f\u00e1cil.<\/p>\n<p>\u00c9 por isso que estamos indicando para voc\u00ea alguns podcasts de vendas. Isso mesmo!<\/p>\n<p>Por qu\u00ea?<\/p>\n<p>Porque esses conte\u00fados em \u00e1udio podem ser absorvidos por voc\u00ea enquanto se dedica a outras atividades mais rotineiras.<\/p>\n<p><strong>Por exemplo:<\/strong> quando dirige ou usa uma condu\u00e7\u00e3o de casa para o trabalho ou de volta para casa, por que n\u00e3o aproveitar esse tempo para ouvir um podcasts sobre vendas?<\/p>\n<p>Gostou da ideia? Quer tentar?<\/p>\n<p>Ent\u00e3o, d\u00ea uma olhada na sele\u00e7\u00e3o de podcasts que preparamos para voc\u00ea e &#8220;aperte o play!&#8221;.<\/p>\n<p><!--more--><\/p>\n<p>Veja tamb\u00e9m:\u00a0<strong><a href=\"https:\/\/www.agendor.com.br\/blog\/livros-de-atendimento-ao-cliente\/\">10 livros de atendimento ao cliente que n\u00e3o podem faltar em sua biblioteca<\/a><\/strong><\/p>\n<h2>Os melhores podcasts de vendas: a trilha sonora para quem quer vender mais!<\/h2>\n<p>Capacita\u00e7\u00e3o nunca \u00e9 demais. Ainda mais em uma \u00e1rea como vendas, t\u00e3o din\u00e2mica, em que sempre aparecem novidades.<\/p>\n<p>Confira nosso lista de podcasts de vendas e ou\u00e7a um pouco do que alguns especialistas e empres\u00e1rios de sucesso t\u00eam a dizer sobre o assunto!<\/p>\n<h3>1) Cast for closers<\/h3>\n<p>O <em>Cast for Closers<\/em> \u00e9 um podcast de vendas produzido pelo pessoal da Meetime, empresa que desenvolve solu\u00e7\u00f5es de vendas internas via videoconfer\u00eancia.<\/p>\n<p>Apresentado por Diego Cordovez, CMO da Meetime, os epis\u00f3dios (que j\u00e1 s\u00e3o mais de 90) sempre trazem um convidado que trabalha efetivamente na \u00e1rea de vendas, seja com treinamento, gest\u00e3o ou\u00a0<a href=\"https:\/\/meetime.com.br\/blog\/vendas\/tipos-de-crm\/\" target=\"_blank\" rel=\"noopener\"><strong>CRM<\/strong><\/a>, por exemplo.<\/p>\n<p>Confira aqui:\u00a0<strong><a href=\"https:\/\/soundcloud.com\/casts-for-closers\/tracks\" target=\"_blank\" rel=\"noopener\">Cast for Closers<\/a><\/strong><\/p>\n<p>Ou\u00e7a a participa\u00e7\u00e3o de nosso CEO, Gustavo Paulillo, falando sobre produtividade em vendas, no <em>Cast for Closers<\/em> #13:<\/p>\n<p><iframe width=\"500\" height=\"400\" scrolling=\"no\" frameborder=\"no\" src=\"https:\/\/w.soundcloud.com\/player\/?visual=true&#038;url=https%3A%2F%2Fapi.soundcloud.com%2Ftracks%2F264797951&#038;show_artwork=true&#038;maxwidth=500&#038;maxheight=750\"><\/iframe><\/p>\n<h3>2) Man in the Arena<\/h3>\n<p>O <em>Man in the Arena<\/em> foi considerado um dos 5 melhores podcasts sobre empreendedorismo e neg\u00f3cios da Am\u00e9rica Latina pelo canal &#8220;<em>The Next Web<\/em>&#8220;, al\u00e9m de citado pelo Endeavor e pela Revista Exame em suas sele\u00e7\u00f5es de podcasts.<\/p>\n<p>Apresentado por <a href=\"https:\/\/www.linkedin.com\/in\/leokuba\/\" target=\"_blank\" rel=\"noopener\"><strong>Leo Kuba<\/strong><\/a> e <a href=\"https:\/\/www.linkedin.com\/in\/mcavalcanti\/\" target=\"_blank\" rel=\"noopener\"><strong>Miguel Cavalcanti<\/strong><\/a>, seu foco s\u00e3o entrevistas com grandes empreendedores de sucesso.<\/p>\n<p>Confira aqui:\u00a0<strong><a href=\"https:\/\/player.fm\/series\/man-in-the-arena-audio\" target=\"_blank\" rel=\"noopener\">Man in the Arena<\/a><\/strong><\/p>\n<h3>3) R\u00e1dio Venda Mais<\/h3>\n<p>Depois de criarem um programa em v\u00eddeo aberto ao p\u00fablico, <a href=\"https:\/\/www.raulcandeloro.com.br\/\"><strong>Raul Candeloro<\/strong><\/a> e <a href=\"https:\/\/www.marcelocaetano.com\/\"><strong>Marcelo Caetano<\/strong><\/a> decidiram disponibilizar seus bate-papos tamb\u00e9m via podcast, em um programa que batizaram de <a href=\"https:\/\/www.vendamais.com.br\/radiovendamais-itunes\/\" target=\"_blank\" rel=\"noopener\"><strong>R\u00e1dio Venda Mais<\/strong><\/a>.<\/p>\n<p>Assim, voc\u00ea pode contar com mais este podcast de vendas e conferir temas como a <strong>organiza\u00e7\u00e3o de carteira de clientes<\/strong>,\u00a0<strong>recupera\u00e7\u00e3o de clientes<\/strong> e muito mais.<\/p>\n<h3>4) De Cabe\u00e7a<\/h3>\n<p><strong><a href=\"https:\/\/www.linkedin.com\/in\/ericmenau\/\" target=\"_blank\" rel=\"noopener\">Eric Menau<\/a><\/strong> tem muito para te contar no De Cabe\u00e7a, um podcast de vendas com foco em marketing digital que \u00e9, ao mesmo tempo, divertido, agrad\u00e1vel e cheio de conte\u00fado.<\/p>\n<p>Vale a pema conferir dicas pr\u00e1ticas de quem trabalha no ramo e sabe do que est\u00e1 falando.<\/p>\n<p>Confira aqui:\u00a0<strong><a href=\"https:\/\/www.esauce.com.br\/podcast\/\" target=\"_blank\" rel=\"noopener\">De Cabe\u00e7a<\/a><\/strong><\/p>\n<h3>5) GV Cast<\/h3>\n<p>Gera\u00e7\u00e3o de Valor s\u00e3o as letras por tr\u00e1s do GV deste podcast de vendas, empreendedorismo e gest\u00e3o de neg\u00f3cios.<\/p>\n<p>Apresentado por <a href=\"https:\/\/www.linkedin.com\/in\/fl%C3%A1vio-augusto-da-silva-2573372b\/\" target=\"_blank\" rel=\"noopener\"><strong>Fl\u00e1vio Augusto<\/strong><\/a>, o fundador da rede de franquias WiseUp, os \u00e1udios trazem conversas reveladoras sobre o mundo dos neg\u00f3cios, sempre com alguns conselhos baseados na experi\u00eancia do empres\u00e1rio ou em entrevistas com pessoas que alcan\u00e7aram o <a href=\"https:\/\/pluga.co\/blog\/empreendedorismo\/como-ser-um-empreendedor-de-sucesso\/\" target=\"_blank\" rel=\"noopener\"><strong>sucesso no empreendedorismo<\/strong><\/a>.<\/p>\n<p>Confira aqui: <strong><a href=\"https:\/\/gvcast.geracaodevalor.com\/\" target=\"_blank\" rel=\"noopener\">GV Cast<\/a><\/strong><\/p>\n<h3>DICA EXTRA!<\/h3>\n<p>Aqui no Agendor voc\u00ea pode ouvir muitos dos nossos conte\u00fados. Sempre selecionamos alguns deles e disponibilizamos uma narra\u00e7\u00e3o, confira:<\/p>\n<ul>\n<li class=\"mb-3\"><strong><a href=\"https:\/\/www.agendor.com.br\/blog\/perguntas-abertas-e-fechadas-em-vendas\/\">Perguntas abertas e fechadas em vendas: aprenda a fazer e veja exemplos<\/a><\/strong><\/li>\n<li><strong><a href=\"https:\/\/www.agendor.com.br\/blog\/win-loss\/\">Aplique a metodologia win loss em sua empresa e descubra como vender mais evitando erros e repetindo acertos<\/a><\/strong><\/li>\n<li><strong><a href=\"https:\/\/www.agendor.com.br\/blog\/como-vender-mais-pelo-instagram\/\">Como vender mais pelo Instagram? Veja 7 sugest\u00f5es do que postar nessa m\u00eddia social<\/a><\/strong><\/li>\n<\/ul>\n<h3>6) Vendas de Alto Valor<\/h3>\n<p>Contando com mais de 100 programas gravados, o Vendas de Alto Valor \u00e9 um podcast apresentado por <a href=\"https:\/\/vendasdealtovalor.com.br\/bruno-sampaio\/\"><strong>Bruno Sampaio<\/strong><\/a>, que sempre est\u00e1 garimpando dicas e informa\u00e7\u00f5es que v\u00e3o ajudar voc\u00ea a refinar suas t\u00e9cnicas de vendas.<\/p>\n<p>Confira aqui: <a href=\"https:\/\/vendasdealtovalor.com.br\/\" target=\"_blank\" rel=\"noopener\"><strong>Vendas de Alto Valor<\/strong><\/a><\/p>\n<h3>\u00a07) Dicas de negocia\u00e7\u00e3o e vendas<\/h3>\n<p>O palestrante M\u00e1rcio Miranda mant\u00e9m um podcast com dicas de vendas bastante pr\u00e1ticas e objetivas.<\/p>\n<p>Os \u00e1udios s\u00e3o muito did\u00e1ticos e passam conceitos importantes para quem quer aprimorar seus conhecimentos em vendas e negocia\u00e7\u00f5es.<\/p>\n<p>Sempre com base em sua experi\u00eancia de consultor e palestrantes, M\u00e1rcio Mirando traz exemplos pr\u00e1ticos que ajudam a contextualizar as t\u00e9cnicas que voc\u00ea deve usar em seu dia a dia.<\/p>\n<p>Confira aqui: <strong><a href=\"https:\/\/www.podbean.com\/podcast-detail\/enzpj-224d9\/Dicas-de-Negocia%C3%A7%C3%A3o-e-Vendas-com-M%C3%A1rcio-Miranda-Podcast\" target=\"_blank\" rel=\"noopener\">Dicas de negocia\u00e7\u00e3o e vendas com M\u00e1rcio Miranda<\/a><\/strong><\/p>\n<p><strong>Voc\u00ea pode ver mais dicas de negocia\u00e7\u00e3o aqui:<\/strong>\u00a0<strong><a href=\"https:\/\/www.agendor.com.br\/blog\/dinamica-de-grupo-negociacao\/\">3 din\u00e2micas de grupo para negocia\u00e7\u00e3o: treine seus vendedores de forma pr\u00e1tica<\/a><\/strong><\/p>\n<p>O que achou desses podcasts de vendas? J\u00e1 conhecia algum deles? Tem mais algum outro que gostaria de indicar? Compartilhe seu conhecimento e experi\u00eancia nos coment\u00e1rios.<\/p>\n<p>Outra maneira de se capacitar, para quem gosta de aprender sobre vendas ouvindo pessoas que entendem do assunto, \u00e9 assistir palestras do <strong><a href=\"https:\/\/www.ted.com\/#\/\" target=\"_blank\" rel=\"noopener\">TED Talks<\/a><\/strong>.<\/p>\n<p>Veja algumas sele\u00e7\u00f5es que j\u00e1 fizemos tanto de TED Talks, como de document\u00e1rios sobre vendas dispon\u00edveis no Netflix:<\/p>\n<ul>\n<li style=\"list-style-type: none;\">\n<ul>\n<li class=\"mb-3\"><a href=\"https:\/\/www.agendor.com.br\/blog\/melhores-ted-talk-vendas\/\"><strong>5 dos melhores TED talks de vendas: assista, aprenda, use em seu neg\u00f3cio<\/strong><\/a><\/li>\n<li class=\"mb-3\"><strong><a href=\"https:\/\/www.agendor.com.br\/blog\/documentarios-motivacionais\/\">12 Document\u00e1rios motivacionais para vendedores que voc\u00ea precisa assistir<\/a><\/strong><\/li>\n<\/ul>\n<\/li>\n<\/ul>\n<p>Aproveite e j\u00e1 confira um dos TED Talks mais vistos de todos os tempos, com <strong>mais de 43 Milh\u00f5es de visualiza\u00e7\u00f5es!<\/strong><\/p>\n<p><iframe src=\"https:\/\/embed-ssl.ted.com\/talks\/simon_sinek_how_great_leaders_inspire_action.html\" width=\"560\" height=\"315\" frameborder=\"0\" scrolling=\"no\" allowfullscreen=\"allowfullscreen\" data-mce-fragment=\"1\"><\/iframe><\/p>\n<p>O Agendor mant\u00e9m uma \u00e1rea de seu site com diversos conte\u00fados educativos para vendedores e gestores comerciais.<\/p>\n<p>Voc\u00ea pode acessar todos eles neste link: <strong><a href=\"https:\/\/www.agendor.com.br\/materiais\/\" target=\"_blank\" rel=\"noopener\">Educa\u00e7\u00e3o<\/a>\u00a0<\/strong><\/p>\n<p>Entre planilhas, apresenta\u00e7\u00f5es de slides e e-books, voc\u00ea tamb\u00e9m pode encontrar alguns audiobooks, como estes:<\/p>\n<ul>\n<li><strong><a href=\"http:\/\/materiais.agendor.com.br\/audiobook-processo-de-vendas\" target=\"_blank\" rel=\"noopener\">Guia como elaborar e implementar o processo de vendas<\/a><\/strong><\/li>\n<li><strong><a href=\"http:\/\/materiais.agendor.com.br\/audiobook-funil-de-vendas-na-pratica\" target=\"_blank\" rel=\"noopener\">Funil de vendas na pr\u00e1tica<\/a><\/strong><\/li>\n<\/ul>\n<p>Que tal baixar e come\u00e7ar a usar um deles agora mesmo?<\/p>\n<p>&nbsp;<\/p>\n","protected":false},"excerpt":{"rendered":"<p>Todo mundo fala da import\u00e2ncia da capacita\u00e7\u00e3o em qualquer \u00e1rea de neg\u00f3cios. Mark Zuckerberg, fundador do Facebook, por exemplo, se compromete a ler um livro a cada 15 dias. E voc\u00ea, quando foi a \u00faltima vez que leu um bom livro sobre gest\u00e3o empresarial, vendas ou marketing? Calma! N\u00e3o estamos aqui para julgar ningu\u00e9m&#8230; a [&hellip;]<\/p>\n","protected":false},"author":3,"featured_media":30616,"comment_status":"closed","ping_status":"closed","sticky":false,"template":"","format":"standard","meta":[],"categories":[882],"tags":[308,794],"lista-de-leitura":[],"listas_de_leitura":[],"yoast_head":"<!-- This site is optimized with the Yoast SEO plugin v16.6.1 - https:\/\/yoast.com\/wordpress\/plugins\/seo\/ -->\n<title>Os 7 melhores podcasts de vendas: ou\u00e7a e aprenda!<\/title>\n<meta name=\"description\" content=\"Reunimos os 7 melhores podcasts de vendas que voc\u00ea pode ouvir enquanto dirige ou se dedica a outras atividades do seu neg\u00f3cio.\" \/>\n<meta name=\"robots\" content=\"index, follow, max-snippet:-1, max-image-preview:large, max-video-preview:-1\" \/>\n<link rel=\"canonical\" href=\"https:\/\/www.agendor.com.br\/blog\/podcasts-vendas\/\" \/>\n<meta property=\"og:locale\" content=\"pt_BR\" \/>\n<meta property=\"og:type\" content=\"article\" \/>\n<meta property=\"og:title\" content=\"Os 7 melhores podcasts de vendas: ou\u00e7a e aprenda!\" \/>\n<meta property=\"og:description\" content=\"Reunimos os 7 melhores podcasts de vendas que voc\u00ea pode ouvir enquanto dirige ou se dedica a outras atividades do seu neg\u00f3cio.\" \/>\n<meta property=\"og:url\" content=\"https:\/\/www.agendor.com.br\/blog\/podcasts-vendas\/\" \/>\n<meta property=\"og:site_name\" content=\"Blog Agendor\" \/>\n<meta property=\"article:publisher\" content=\"https:\/\/www.facebook.com\/agendor\" \/>\n<meta property=\"article:author\" content=\"https:\/\/agendor-blog-uploads.s3.sa-east-1.amazonaws.com\/2026\/01\/26125024\/julio-paulillo-agendor-2025-1-scaled.jpg\" \/>\n<meta property=\"article:published_time\" content=\"2019-04-10T12:00:17+00:00\" \/>\n<meta property=\"article:modified_time\" content=\"2019-04-05T21:08:14+00:00\" \/>\n<meta property=\"og:image\" content=\"https:\/\/agendor-blog-uploads.s3.sa-east-1.amazonaws.com\/2019\/04\/05175438\/podcasts-vendas.jpg\" \/>\n\t<meta property=\"og:image:width\" content=\"750\" \/>\n\t<meta property=\"og:image:height\" content=\"500\" \/>\n<meta name=\"twitter:card\" content=\"summary_large_image\" \/>\n<meta name=\"twitter:label1\" content=\"Est. reading time\" \/>\n\t<meta name=\"twitter:data1\" content=\"5 minutos\" \/>\n<!-- \/ Yoast SEO plugin. -->","_links":{"self":[{"href":"https:\/\/www.agendor.com.br\/blog\/wp-json\/wp\/v2\/posts\/30612"}],"collection":[{"href":"https:\/\/www.agendor.com.br\/blog\/wp-json\/wp\/v2\/posts"}],"about":[{"href":"https:\/\/www.agendor.com.br\/blog\/wp-json\/wp\/v2\/types\/post"}],"author":[{"embeddable":true,"href":"https:\/\/www.agendor.com.br\/blog\/wp-json\/wp\/v2\/users\/3"}],"replies":[{"embeddable":true,"href":"https:\/\/www.agendor.com.br\/blog\/wp-json\/wp\/v2\/comments?post=30612"}],"version-history":[{"count":0,"href":"https:\/\/www.agendor.com.br\/blog\/wp-json\/wp\/v2\/posts\/30612\/revisions"}],"wp:featuredmedia":[{"embeddable":true,"href":"https:\/\/www.agendor.com.br\/blog\/wp-json\/wp\/v2\/media\/30616"}],"wp:attachment":[{"href":"https:\/\/www.agendor.com.br\/blog\/wp-json\/wp\/v2\/media?parent=30612"}],"wp:term":[{"taxonomy":"category","embeddable":true,"href":"https:\/\/www.agendor.com.br\/blog\/wp-json\/wp\/v2\/categories?post=30612"},{"taxonomy":"post_tag","embeddable":true,"href":"https:\/\/www.agendor.com.br\/blog\/wp-json\/wp\/v2\/tags?post=30612"},{"taxonomy":"lista-de-leitura","embeddable":true,"href":"https:\/\/www.agendor.com.br\/blog\/wp-json\/wp\/v2\/lista-de-leitura?post=30612"},{"taxonomy":"listas_de_leitura","embeddable":true,"href":"https:\/\/www.agendor.com.br\/blog\/wp-json\/wp\/v2\/listas_de_leitura?post=30612"}],"curies":[{"name":"wp","href":"https:\/\/api.w.org\/{rel}","templated":true}]}}