{"id":29810,"date":"2019-01-21T09:00:32","date_gmt":"2019-01-21T11:00:32","guid":{"rendered":"https:\/\/www.agendor.com.br\/blog\/?p=29810"},"modified":"2019-07-18T16:23:59","modified_gmt":"2019-07-18T19:23:59","slug":"eventos-de-vendas","status":"publish","type":"post","link":"https:\/\/www.agendor.com.br\/blog\/eventos-de-vendas\/","title":{"rendered":"5 eventos de vendas que voc\u00ea n\u00e3o pode perder em 2019"},"content":{"rendered":"<p><span style=\"font-weight: 400;\">Um bom vendedor sabe que ter\u00e1 mais chances de obter mais sucesso no processo comercial se unir tr\u00eas pilares importantes:<\/span><\/p>\n<ul>\n<li style=\"font-weight: 400;\"><span style=\"font-weight: 400;\">Habilidades;<\/span><\/li>\n<li style=\"font-weight: 400;\"><span style=\"font-weight: 400;\">Atitudes;<\/span><\/li>\n<li style=\"font-weight: 400;\"><span style=\"font-weight: 400;\">Conhecimento.<\/span><\/li>\n<\/ul>\n<p><span style=\"font-weight: 400;\">Esse conhecimento pode ser adquirido de v\u00e1rias formas, desde cursos e livros, at\u00e9 eventos de vendas. Essas ocasi\u00f5es costumam ser uma \u00f3tima oportunidade para aprender mais e fazer networking com poss\u00edveis clientes e parceiros.<\/span><\/p>\n<p><span style=\"font-weight: 400;\">Pensando nisso, selecionamos hoje uma lista com 5 eventos de vendas que v\u00e3o ocorrer neste ano, no Brasil e fora do pa\u00eds tamb\u00e9m. <\/span><\/p>\n<p><span style=\"font-weight: 400;\">Confira:<\/span><\/p>\n<h2><!--more--><\/h2>\n<blockquote><p><span style=\"font-weight: 400;\">Est\u00e1 sem tempo para ler o conte\u00fado? Gostaria de poder acompanh\u00e1-lo enquanto dirige, caminha ou realiza outra atividade? Ent\u00e3o n\u00e3o perca tempo e ou\u00e7a este artigo na \u00edntegra. Basta clicar no play! Agradecemos o seu feedback nos coment\u00e1rios \ud83d\ude42<\/span><\/p><\/blockquote>\n<p><iframe style=\"height: 83px !important;\" src=\"https:\/\/go.vooozer.com\/embed\/f1ff09f9\" width=\"100%\" height=\"83\" frameborder=\"0\" scrolling=\"no\" allowfullscreen=\"allowfullscreen\"><\/iframe><\/p>\n<p><span style=\"font-weight: 400;\">#1 Vendas B2B Experience<\/span><\/p>\n<p><img class=\"aligncenter size-large wp-image-29818\" src=\"https:\/\/agendor-blog-uploads.s3.sa-east-1.amazonaws.com\/2019\/01\/30121813\/eventos-de-vendas-b2b-experience-600x220.png\" alt=\"eventos-de-vendas-b2b-experience\" width=\"600\" height=\"220\" srcset=\"https:\/\/agendor-blog-uploads.s3.sa-east-1.amazonaws.com\/2019\/01\/30121813\/eventos-de-vendas-b2b-experience-600x220.png 600w, https:\/\/agendor-blog-uploads.s3.sa-east-1.amazonaws.com\/2019\/01\/30121813\/eventos-de-vendas-b2b-experience-300x110.png 300w, https:\/\/agendor-blog-uploads.s3.sa-east-1.amazonaws.com\/2019\/01\/30121813\/eventos-de-vendas-b2b-experience-768x282.png 768w, https:\/\/agendor-blog-uploads.s3.sa-east-1.amazonaws.com\/2019\/01\/30121813\/eventos-de-vendas-b2b-experience.png 1920w\" sizes=\"(max-width: 600px) 100vw, 600px\" \/><\/p>\n<p><b>Onde: <\/b><span style=\"font-weight: 400;\">S\u00e3o Paulo &#8211; SP<\/span><\/p>\n<p><b>Quando:<\/b><span style=\"font-weight: 400;\"> 07 e 08 de agosto<\/span><\/p>\n<p><b>Site:<\/b> <a href=\"https:\/\/vendasb2bexperience.com\/\"><span style=\"font-weight: 400;\">https:\/\/vendasb2bexperience.com\/<\/span><\/a><\/p>\n<p><span style=\"font-weight: 400;\">O Vendas B2B Experience j\u00e1 se tornou refer\u00eancia na \u00e1rea de vendas e, em 2019, haver\u00e1 mais uma edi\u00e7\u00e3o do evento, onde s\u00e3o esperadas cerca de 2 mil pessoas.<\/span><\/p>\n<p><span style=\"font-weight: 400;\">O objetivo do evento \u00e9 trazer inova\u00e7\u00e3o e aprendizado pr\u00e1tico na constru\u00e7\u00e3o da m\u00e1quina de vendas de empresas focadas no mercado B2B. Entre os palestrantes confirmados, est\u00e3o nomes como Mark Roberge, da Harvard HBS, e Alexandre Apendino, head global da Totvs.<\/span><\/p>\n<p><span style=\"font-weight: 400;\">O evento acontecer\u00e1 no Hotel Unique, em S\u00e3o Paulo, no m\u00eas de agosto. <\/span><a href=\"https:\/\/pay.hotmart.com\/Y7107615W?off=scd4vsnw&amp;checkoutMode=0&amp;bid=1548785569417\"><span style=\"font-weight: 400;\">Ingressos antecipados<\/span><\/a><span style=\"font-weight: 400;\"> j\u00e1 podem ser adquiridos.<\/span><\/p>\n<h2><span style=\"font-weight: 400;\">#2 Rainmaker 2019<\/span><\/h2>\n<p><img class=\"aligncenter size-large wp-image-29820\" src=\"https:\/\/agendor-blog-uploads.s3.sa-east-1.amazonaws.com\/2019\/01\/30121816\/eventos-de-vendas-rainmaker-600x176.jpg\" alt=\"eventos-de-vendas-rainmaker\" width=\"600\" height=\"176\" srcset=\"https:\/\/agendor-blog-uploads.s3.sa-east-1.amazonaws.com\/2019\/01\/30121816\/eventos-de-vendas-rainmaker-600x176.jpg 600w, https:\/\/agendor-blog-uploads.s3.sa-east-1.amazonaws.com\/2019\/01\/30121816\/eventos-de-vendas-rainmaker-300x88.jpg 300w, https:\/\/agendor-blog-uploads.s3.sa-east-1.amazonaws.com\/2019\/01\/30121816\/eventos-de-vendas-rainmaker-768x225.jpg 768w, https:\/\/agendor-blog-uploads.s3.sa-east-1.amazonaws.com\/2019\/01\/30121816\/eventos-de-vendas-rainmaker.jpg 1024w\" sizes=\"(max-width: 600px) 100vw, 600px\" \/><\/p>\n<p><b>Onde: <\/b><span style=\"font-weight: 400;\">Atlanta &#8211; EUA<\/span><\/p>\n<p><b>Quando:<\/b><span style=\"font-weight: 400;\"> 11 a 13 de mar\u00e7o<\/span><\/p>\n<p><b>Site:<\/b> <a href=\"https:\/\/events.salesloft.com\/\"><span style=\"font-weight: 400;\">https:\/\/events.salesloft.com\/<\/span><\/a><\/p>\n<p><span style=\"font-weight: 400;\">Agendado para mar\u00e7o, o Rainmaker \u00e9 uma confer\u00eancia que acontece em Atlanta, nos Estados Unidos, e dura tr\u00eas dias.<\/span><\/p>\n<p><span style=\"font-weight: 400;\">Durante o evento, projetado para mais de 1500 participantes, ocorrem palestras de temas ligados a:<\/span><\/p>\n<ul>\n<li style=\"font-weight: 400;\"><span style=\"font-weight: 400;\">Metodologia de Vendas;<\/span><\/li>\n<li style=\"font-weight: 400;\"><span style=\"font-weight: 400;\">Lideran\u00e7a e Estrat\u00e9gia em Vendas;<\/span><\/li>\n<li style=\"font-weight: 400;\"><span style=\"font-weight: 400;\">Opera\u00e7\u00e3o e sistemas;<\/span><\/li>\n<li style=\"font-weight: 400;\"><span style=\"font-weight: 400;\">entre outros temas, divididos em mais de 100 palestras.<\/span><\/li>\n<\/ul>\n<p><span style=\"font-weight: 400;\">Al\u00e9m do conte\u00fado educativo, o evento ainda conta com uma premia\u00e7\u00e3o reservada aos participantes, com intuito de celebrar o trabalho realizado por profissionais de vendas.<\/span><\/p>\n<p><span style=\"font-weight: 400;\">Entre as categorias do pr\u00eamio, est\u00e3o melhor l\u00edder de vendas do ano (para empresas grandes e empresas em crescimento), melhor uso de tecnologia e melhor cad\u00eancia de time, por exemplo.<\/span><\/p>\n<p><span style=\"font-weight: 400;\">Os ingressos para o Rainmaker j\u00e1 est\u00e3o <\/span><a href=\"https:\/\/events.salesloft.com\/register\/\"><span style=\"font-weight: 400;\">\u00e0 venda<\/span><\/a><span style=\"font-weight: 400;\"> pelo site da Sales Loft, organizadora do evento.<\/span><\/p>\n<h2><span style=\"font-weight: 400;\">#3 Ramp Up Tour 2019<\/span><\/h2>\n<p><img class=\"aligncenter size-large wp-image-29821\" src=\"https:\/\/agendor-blog-uploads.s3.sa-east-1.amazonaws.com\/2019\/01\/30121819\/eventos-de-vendas-rampup-tour-600x268.png\" alt=\"eventos-de-vendas-rampup-tour\" width=\"600\" height=\"268\" srcset=\"https:\/\/agendor-blog-uploads.s3.sa-east-1.amazonaws.com\/2019\/01\/30121819\/eventos-de-vendas-rampup-tour-600x268.png 600w, https:\/\/agendor-blog-uploads.s3.sa-east-1.amazonaws.com\/2019\/01\/30121819\/eventos-de-vendas-rampup-tour-300x134.png 300w, https:\/\/agendor-blog-uploads.s3.sa-east-1.amazonaws.com\/2019\/01\/30121819\/eventos-de-vendas-rampup-tour-768x343.png 768w, https:\/\/agendor-blog-uploads.s3.sa-east-1.amazonaws.com\/2019\/01\/30121819\/eventos-de-vendas-rampup-tour.png 1040w\" sizes=\"(max-width: 600px) 100vw, 600px\" \/><\/p>\n<p><b>Onde: <\/b><span style=\"font-weight: 400;\">V\u00e1rias cidades<\/span><\/p>\n<p><b>Quando:<\/b><span style=\"font-weight: 400;\"> Ainda n\u00e3o anunciado<\/span><\/p>\n<p><b>Site:<\/b> <a href=\"https:\/\/rampuptour.com.br\/\"><span style=\"font-weight: 400;\">https:\/\/rampuptour.com.br\/<\/span><\/a><\/p>\n<p><span style=\"font-weight: 400;\">O Ramp Up Tour, realizado pela parceria entre as empresas Ramper e Universidade Previs\u00edvel, \u00e9 um evento itinerante com foco em vendas B2B, que teve sua primeira edi\u00e7\u00e3o em 2018. <\/span><\/p>\n<p><span style=\"font-weight: 400;\">No ano passado, o evento passou por 10 capitais em todo o Brasil, entre mar\u00e7o e dezembro, para educar profissionais da \u00e1rea comercial a escalar vendas e gerar receita previs\u00edvel.<\/span><\/p>\n<p><span style=\"font-weight: 400;\">Na programa\u00e7\u00e3o, palestrantes que abordam temas como: <\/span><\/p>\n<ul>\n<li style=\"font-weight: 400;\"><span style=\"font-weight: 400;\">Produtividade;<\/span><\/li>\n<li style=\"font-weight: 400;\"><span style=\"font-weight: 400;\">Prospec\u00e7\u00e3o;<\/span><\/li>\n<li style=\"font-weight: 400;\"><span style=\"font-weight: 400;\">Customer Success;<\/span><\/li>\n<li style=\"font-weight: 400;\"><span style=\"font-weight: 400;\">Tecnologia e Inova\u00e7\u00e3o;<\/span><\/li>\n<li style=\"font-weight: 400;\"><span style=\"font-weight: 400;\">entre outros.<\/span><\/li>\n<\/ul>\n<p><span style=\"font-weight: 400;\">O evento ainda contou com tr\u00eas horas de uma feira de neg\u00f3cios e de happy hour open bar.<\/span><\/p>\n<p><span style=\"font-weight: 400;\">Para a edi\u00e7\u00e3o de 2019, ainda n\u00e3o foram divulgadas as datas e cidades por onde o evento passar\u00e1. Mas \u00e9 poss\u00edvel se inscrever no site para acompanhar em primeira m\u00e3o as not\u00edcias sobre locais, marcas presentes na feira e palestrantes.<\/span><\/p>\n<h2><span style=\"font-weight: 400;\">#4 Feira do Empreendedor<\/span><\/h2>\n<p><img class=\"aligncenter size-large wp-image-29819\" src=\"https:\/\/agendor-blog-uploads.s3.sa-east-1.amazonaws.com\/2019\/01\/30121815\/eventos-de-vendas-feira-do-empreendedor-600x300.jpg\" alt=\"eventos-de-vendas-feira-do-empreendedor\" width=\"600\" height=\"300\" srcset=\"https:\/\/agendor-blog-uploads.s3.sa-east-1.amazonaws.com\/2019\/01\/30121815\/eventos-de-vendas-feira-do-empreendedor-600x300.jpg 600w, https:\/\/agendor-blog-uploads.s3.sa-east-1.amazonaws.com\/2019\/01\/30121815\/eventos-de-vendas-feira-do-empreendedor-300x150.jpg 300w, https:\/\/agendor-blog-uploads.s3.sa-east-1.amazonaws.com\/2019\/01\/30121815\/eventos-de-vendas-feira-do-empreendedor-768x384.jpg 768w, https:\/\/agendor-blog-uploads.s3.sa-east-1.amazonaws.com\/2019\/01\/30121815\/eventos-de-vendas-feira-do-empreendedor.jpg 1333w\" sizes=\"(max-width: 600px) 100vw, 600px\" \/><\/p>\n<p><b>Onde: <\/b><span style=\"font-weight: 400;\">Pavilh\u00e3o de Exposi\u00e7\u00f5es do Parque Anhembi, S\u00e3o Paulo &#8211; SP<\/span><\/p>\n<p><b>Quando:<\/b><span style=\"font-weight: 400;\"> 05 a 08 de outubro<\/span><\/p>\n<p><b>Site:<\/b> <a href=\"https:\/\/vendasb2bexperience.com\/\"><span style=\"font-weight: 400;\">https:\/\/vendasb2bexperience.com\/<\/span><\/a><\/p>\n<p><span style=\"font-weight: 400;\">Organizada pelo Sebrae, a feira n\u00e3o \u00e9 t\u00e3o focada em vendas, mas abrange temas como marketing, inova\u00e7\u00e3o e tend\u00eancias de mercado.<\/span><\/p>\n<p><span style=\"font-weight: 400;\">O evento dura tr\u00eas dias e acontece no Parque Anhembi, em S\u00e3o Paulo. Al\u00e9m de cerca de 40h de palestras, a Feira do Empreendedor ainda conta com quase 500 expositores, entre pequenas, m\u00e9dias e grandes empresas, al\u00e9m de consultores da Sebrae.<\/span><\/p>\n<p><span style=\"font-weight: 400;\">Mais que uma oportunidade de aprender mais sobre todo o ecossistema de um neg\u00f3cio, o evento pode ser uma oportunidade para conhecer outras empresas e ampliar o networking, j\u00e1 que o p\u00fablico chega a mais de 140 mil pessoas.<\/span><\/p>\n<p><span style=\"font-weight: 400;\">A entrada da Feira do Empreendedor \u00e9 gratuita, mas \u00e9 necess\u00e1rio que o visitante se cadastre no <\/span><a href=\"http:\/\/feiradoempreendedor.sebraesp.com.br\/visitante\/\"><span style=\"font-weight: 400;\">site<\/span><\/a><span style=\"font-weight: 400;\">.<\/span><\/p>\n<h2><span style=\"font-weight: 400;\">#5 Sales 3.0<\/span><\/h2>\n<p><img class=\"aligncenter size-large wp-image-29822\" src=\"https:\/\/agendor-blog-uploads.s3.sa-east-1.amazonaws.com\/2019\/01\/30121820\/eventos-de-vendas-sales-30-600x247.png\" alt=\"eventos-de-vendas-sales-30\" width=\"600\" height=\"247\" srcset=\"https:\/\/agendor-blog-uploads.s3.sa-east-1.amazonaws.com\/2019\/01\/30121820\/eventos-de-vendas-sales-30-600x247.png 600w, https:\/\/agendor-blog-uploads.s3.sa-east-1.amazonaws.com\/2019\/01\/30121820\/eventos-de-vendas-sales-30-300x123.png 300w, https:\/\/agendor-blog-uploads.s3.sa-east-1.amazonaws.com\/2019\/01\/30121820\/eventos-de-vendas-sales-30-768x316.png 768w, https:\/\/agendor-blog-uploads.s3.sa-east-1.amazonaws.com\/2019\/01\/30121820\/eventos-de-vendas-sales-30.png 938w\" sizes=\"(max-width: 600px) 100vw, 600px\" \/><\/p>\n<p><b>Onde: <\/b><span style=\"font-weight: 400;\">S\u00e3o Francisco, Chicago e Las Vegas &#8211; EUA<\/span><\/p>\n<p><b>Quando:<\/b><span style=\"font-weight: 400;\"> Abril, Junho e Setembro<\/span><\/p>\n<p><b>Site:\u00a0<\/b>https:\/\/www.sales30conf.com\/<b>\u00a0\u00a0<\/b><\/p>\n<p><span style=\"font-weight: 400;\">Mais um exemplo de evento fora do Brasil, o Sales 3.0 \u00e9 uma confer\u00eancia que acontece em tr\u00eas cidades dos Estados Unidos:<\/span><\/p>\n<ul>\n<li style=\"font-weight: 400;\"><span style=\"font-weight: 400;\">S\u00e3o Francisco, nos dias 01 e 02 de abril;<\/span><\/li>\n<li style=\"font-weight: 400;\"><span style=\"font-weight: 400;\">Chicago, dias 18 e 19 de junho;<\/span><\/li>\n<li style=\"font-weight: 400;\"><span style=\"font-weight: 400;\">Las Vegas, nos dias 16 e 17 de setembro.<\/span><\/li>\n<\/ul>\n<p><span style=\"font-weight: 400;\">O evento conta com palestras sobre todo o universo de vendas, desde gera\u00e7\u00e3o de leads com o marketing digital e prospec\u00e7\u00e3o a gerenciamento do relacionamento com cliente, passando ainda por pesquisas sobre produtividade, coaching de vendedores e social selling.<\/span><\/p>\n<p><span style=\"font-weight: 400;\">Na compra do ingresso para o Sales 3.0, o participante ainda garante um coquetel de recep\u00e7\u00e3o, que tem foco em networking e acesso \u00e0 biblioteca do evento, que conta com todo o conte\u00fado compartilhado pelos palestrantes, al\u00e9m de materiais ricos, como e-books e whitepapers.<\/span><\/p>\n<p><span style=\"font-weight: 400;\">Para as edi\u00e7\u00f5es de <\/span><a href=\"https:\/\/sales30conference.swoogo.com\/sanfrancisco2019\"><span style=\"font-weight: 400;\">S\u00e3o Francisco<\/span><\/a><span style=\"font-weight: 400;\"> e <\/span><a href=\"https:\/\/sales30conference.swoogo.com\/chicago2019\"><span style=\"font-weight: 400;\">Chicago<\/span><\/a><span style=\"font-weight: 400;\">, j\u00e1 \u00e9 poss\u00edvel comprar os ingressos online.<\/span><\/p>\n<h2><span style=\"font-weight: 400;\">Que tal buscar por eventos na sua regi\u00e3o? <\/span><\/h2>\n<p><span style=\"font-weight: 400;\">Agora que voc\u00ea j\u00e1 tem as informa\u00e7\u00f5es sobre alguns dos maiores eventos de venda do Brasil e do mundo, anote na agenda e se programe!<\/span><\/p>\n<p><span style=\"font-weight: 400;\">\u00c9 importante lembrar tamb\u00e9m que existem eventos menores, espalhados por todo o pa\u00eds, e que podem ajudar a desenvolver seu conhecimento em vendas, al\u00e9m de estender sua rede de contatos local.<\/span><\/p>\n<p><span style=\"font-weight: 400;\">Voc\u00ea pode procurar esses eventos em sites de busca, ou mesmo em sites de empresas que est\u00e3o relacionadas a eventos, como na se\u00e7\u00e3o de neg\u00f3cios da <\/span><a href=\"https:\/\/www.sympla.com.br\/eventos\/negocios\"><span style=\"font-weight: 400;\">Sympla<\/span><\/a><span style=\"font-weight: 400;\"> ou da <\/span><a href=\"https:\/\/www.eventbrite.com.br\/\"><span style=\"font-weight: 400;\">Eventbrite<\/span><\/a><span style=\"font-weight: 400;\">, por exemplo.<\/span><\/p>\n<p><span style=\"font-weight: 400;\">Sabe de algum evento sobre a \u00e1rea comercial na sua cidade? Compartilhe nos coment\u00e1rios e deixe que outras pessoas saibam a respeito!<\/span><\/p>\n","protected":false},"excerpt":{"rendered":"<p>Um bom vendedor sabe que ter\u00e1 mais chances de obter mais sucesso no processo comercial se unir tr\u00eas pilares importantes: Habilidades; Atitudes; Conhecimento. Esse conhecimento pode ser adquirido de v\u00e1rias formas, desde cursos e livros, at\u00e9 eventos de vendas. Essas ocasi\u00f5es costumam ser uma \u00f3tima oportunidade para aprender mais e fazer networking com poss\u00edveis clientes [&hellip;]<\/p>\n","protected":false},"author":3,"featured_media":29823,"comment_status":"closed","ping_status":"closed","sticky":false,"template":"","format":"standard","meta":[],"categories":[882],"tags":[308,794],"lista-de-leitura":[],"listas_de_leitura":[],"yoast_head":"<!-- This site is optimized with the Yoast SEO plugin v16.6.1 - https:\/\/yoast.com\/wordpress\/plugins\/seo\/ -->\n<title>5 eventos de vendas que voc\u00ea n\u00e3o pode perder em 2019<\/title>\n<meta name=\"description\" content=\"Confira nossa sele\u00e7\u00e3o de eventos de vendas que acontecem no Brasil e no mundo em 2019.\" \/>\n<meta name=\"robots\" content=\"index, follow, max-snippet:-1, max-image-preview:large, max-video-preview:-1\" \/>\n<link rel=\"canonical\" href=\"https:\/\/www.agendor.com.br\/blog\/eventos-de-vendas\/\" \/>\n<meta property=\"og:locale\" content=\"pt_BR\" \/>\n<meta property=\"og:type\" content=\"article\" \/>\n<meta property=\"og:title\" content=\"5 eventos de vendas que voc\u00ea n\u00e3o pode perder em 2019\" \/>\n<meta property=\"og:description\" content=\"Confira nossa sele\u00e7\u00e3o de eventos de vendas que acontecem no Brasil e no mundo em 2019.\" \/>\n<meta property=\"og:url\" content=\"https:\/\/www.agendor.com.br\/blog\/eventos-de-vendas\/\" \/>\n<meta property=\"og:site_name\" content=\"Blog Agendor\" \/>\n<meta property=\"article:publisher\" content=\"https:\/\/www.facebook.com\/agendor\" \/>\n<meta property=\"article:author\" content=\"https:\/\/agendor-blog-uploads.s3.sa-east-1.amazonaws.com\/2026\/01\/26125024\/julio-paulillo-agendor-2025-1-scaled.jpg\" \/>\n<meta property=\"article:published_time\" content=\"2019-01-21T11:00:32+00:00\" \/>\n<meta property=\"article:modified_time\" content=\"2019-07-18T19:23:59+00:00\" \/>\n<meta property=\"og:image\" content=\"https:\/\/agendor-blog-uploads.s3.sa-east-1.amazonaws.com\/2019\/01\/30122334\/eventos-de-vendas.jpeg\" \/>\n\t<meta property=\"og:image:width\" content=\"1100\" \/>\n\t<meta property=\"og:image:height\" content=\"678\" \/>\n<meta name=\"twitter:card\" content=\"summary_large_image\" \/>\n<meta name=\"twitter:label1\" content=\"Est. reading time\" \/>\n\t<meta name=\"twitter:data1\" content=\"5 minutos\" \/>\n<!-- \/ Yoast SEO plugin. -->","_links":{"self":[{"href":"https:\/\/www.agendor.com.br\/blog\/wp-json\/wp\/v2\/posts\/29810"}],"collection":[{"href":"https:\/\/www.agendor.com.br\/blog\/wp-json\/wp\/v2\/posts"}],"about":[{"href":"https:\/\/www.agendor.com.br\/blog\/wp-json\/wp\/v2\/types\/post"}],"author":[{"embeddable":true,"href":"https:\/\/www.agendor.com.br\/blog\/wp-json\/wp\/v2\/users\/3"}],"replies":[{"embeddable":true,"href":"https:\/\/www.agendor.com.br\/blog\/wp-json\/wp\/v2\/comments?post=29810"}],"version-history":[{"count":0,"href":"https:\/\/www.agendor.com.br\/blog\/wp-json\/wp\/v2\/posts\/29810\/revisions"}],"wp:featuredmedia":[{"embeddable":true,"href":"https:\/\/www.agendor.com.br\/blog\/wp-json\/wp\/v2\/media\/29823"}],"wp:attachment":[{"href":"https:\/\/www.agendor.com.br\/blog\/wp-json\/wp\/v2\/media?parent=29810"}],"wp:term":[{"taxonomy":"category","embeddable":true,"href":"https:\/\/www.agendor.com.br\/blog\/wp-json\/wp\/v2\/categories?post=29810"},{"taxonomy":"post_tag","embeddable":true,"href":"https:\/\/www.agendor.com.br\/blog\/wp-json\/wp\/v2\/tags?post=29810"},{"taxonomy":"lista-de-leitura","embeddable":true,"href":"https:\/\/www.agendor.com.br\/blog\/wp-json\/wp\/v2\/lista-de-leitura?post=29810"},{"taxonomy":"listas_de_leitura","embeddable":true,"href":"https:\/\/www.agendor.com.br\/blog\/wp-json\/wp\/v2\/listas_de_leitura?post=29810"}],"curies":[{"name":"wp","href":"https:\/\/api.w.org\/{rel}","templated":true}]}}