{"id":26764,"date":"2017-12-22T14:50:06","date_gmt":"2017-12-22T16:50:06","guid":{"rendered":"https:\/\/www.agendor.com.br\/blog\/?p=26764"},"modified":"2020-03-12T10:09:51","modified_gmt":"2020-03-12T13:09:51","slug":"escritorio-vendas-decoracao","status":"publish","type":"post","link":"https:\/\/www.agendor.com.br\/blog\/escritorio-vendas-decoracao\/","title":{"rendered":"8 ambientes de escrit\u00f3rio de vendas para aumentar sua produtividade em vendas"},"content":{"rendered":"<h3>Decore seu escrit\u00f3rio de vendas para traduzir a \u201ccultura de sua empresa\u201d e venda mais<\/h3>\n<p>Tanto planejamento e investimento para definir seu posicionamento no mercado n\u00e3o pode ser desperdi\u00e7ado e deve ser usado para se refletir na decora\u00e7\u00e3o de seu escrit\u00f3rio de vendas.<\/p>\n<p>Na verdade, sua identidade visual est\u00e1 representada em cada elemento, das <a href=\"https:\/\/www.vivadecora.com.br\/produtos\/cadeiras-bancos-banquetas\">cadeiras e bancos<\/a> escolhidos ao tipo de quadros que se coloca em uma parede, tudo transmite uma mensagem, seja para clientes ou colaboradores.<\/p>\n<p><!--more--><\/p>\n<p>Com certeza, o sof\u00e1 da sala de espera de um grande banco de investimentos \u00e9 complementamente diferente do que \u00e9 escolhido para uma ag\u00eancia de publicidade.<\/p>\n<p>Nesta postagem, vamos apresentar alguns ambientes corporativo que retratam o DNA de cada empresa e, ao contr\u00e1rio do que muitos podem pensar, isso pode sim fazer a diferen\u00e7a na sua performance de vendas, no <a href=\"http:\/\/www.setting.com.br\/blog\/lideranca\/clima-organizacional-motivacao\/\">clima organizacional e na motiva\u00e7\u00e3o<\/a> das equipes, o Google e seus famosos pufes coloridos e mesas de pebolim que o digam.<\/p>\n<h3>Como a decora\u00e7\u00e3o do escrit\u00f3rio de vendas pode refletir no desempenho<\/h3>\n<h4>Ambiente de trabalho em equipe<\/h4>\n<p>Para cada ramo de atividade e perfil de clientes, um ambiente diferente pode ser mais ou menos produtivo no <a href=\"https:\/\/www.vivadecora.com.br\/decoracao\/escritorio\">escrit\u00f3rio<\/a>.<\/p>\n<p>Seja na decora\u00e7\u00e3o da recep\u00e7\u00e3o, na decora\u00e7\u00e3o da sala de reuni\u00e3o ou na decora\u00e7\u00e3o de um escrit\u00f3rio empresarial qualquer de sua empresa, o trabalho em equipe precisa ser valorizado.<\/p>\n<p>Uma empresa muito conceituada de consultoria corporativa ou um escrit\u00f3rio de direito, por exemplo, podem preferir um ambiente bem s\u00e9rio, mas sem deixar de permitir alguma intera\u00e7\u00e3o entre as equipes.<\/p>\n<p>Nesse caso, divis\u00f3rias de vidro em estilo cl\u00e1ssico, mas com um toque moderno, podem garantir alguma privacidade, sem inibir totalmente a intera\u00e7\u00e3o do time, veja este exemplo:<\/p>\n<div id=\"attachment_26768\" style=\"width: 610px\" class=\"wp-caption aligncenter\"><img aria-describedby=\"caption-attachment-26768\" class=\"wp-image-26768 size-large\" src=\"https:\/\/agendor-blog-uploads.s3.sa-east-1.amazonaws.com\/2017\/12\/22144009\/escritorio-01-600x450.jpg\" alt=\"Escrit\u00f3rio com divis\u00f3rias de vidro e madeira\" width=\"600\" height=\"450\" srcset=\"https:\/\/agendor-blog-uploads.s3.sa-east-1.amazonaws.com\/2017\/12\/22144009\/escritorio-01-600x450.jpg 600w, https:\/\/agendor-blog-uploads.s3.sa-east-1.amazonaws.com\/2017\/12\/22144009\/escritorio-01-300x225.jpg 300w, https:\/\/agendor-blog-uploads.s3.sa-east-1.amazonaws.com\/2017\/12\/22144009\/escritorio-01.jpg 700w\" sizes=\"(max-width: 600px) 100vw, 600px\" \/><p id=\"caption-attachment-26768\" class=\"wp-caption-text\">Sandra Picciotto <a href=\"https:\/\/www.vivadecora.com.br\/foto\/144338\/escritorio-com-divisorias-de-vidro-e-madeira\">https:\/\/www.vivadecora.com.br\/foto\/144338\/escritorio-com-divisorias-de-vidro-e-madeira<\/a><\/p><\/div>\n<p>J\u00e1 uma startup de tecnologia que lida com clientes com um perfil mais tecnol\u00f3gico e descolado &#8211; em que seus vendedores e consultores t\u00eam \u201cum papo\u201d de igual para igual com os clientes buscando as melhores solu\u00e7\u00f5es para o neg\u00f3cio &#8211; a equipe pode se sentir mais a vontade em um ambiente totalmente integrado e descontra\u00eddo, como este:<\/p>\n<div id=\"attachment_26769\" style=\"width: 610px\" class=\"wp-caption aligncenter\"><img aria-describedby=\"caption-attachment-26769\" class=\"size-large wp-image-26769\" src=\"https:\/\/agendor-blog-uploads.s3.sa-east-1.amazonaws.com\/2017\/12\/22144159\/escritorio-02-600x394.jpg\" alt=\"\" width=\"600\" height=\"394\" srcset=\"https:\/\/agendor-blog-uploads.s3.sa-east-1.amazonaws.com\/2017\/12\/22144159\/escritorio-02-600x394.jpg 600w, https:\/\/agendor-blog-uploads.s3.sa-east-1.amazonaws.com\/2017\/12\/22144159\/escritorio-02-300x197.jpg 300w, https:\/\/agendor-blog-uploads.s3.sa-east-1.amazonaws.com\/2017\/12\/22144159\/escritorio-02.jpg 700w\" sizes=\"(max-width: 600px) 100vw, 600px\" \/><p id=\"caption-attachment-26769\" class=\"wp-caption-text\">Escala Arquitetura <a href=\"https:\/\/www.vivadecora.com.br\/foto\/3185\/espaco-comercial\">https:\/\/www.vivadecora.com.br\/foto\/3185\/espaco-comercial<\/a><\/p><\/div>\n<p>Nesse tipo de empresa, ali\u00e1s, s\u00e3o famosas as salas de descompress\u00e3o, com mesas de pebolim e pufes coloridos, como voc\u00ea vai ver mais adiante.<\/p>\n<h4>Salas de reuni\u00e3o<\/h4>\n<p>Aquele brainstorming cheio de ideias, \u201crisos e gargalhadas\u201d, ou uma troca muito s\u00e9ria de pareceres e dados t\u00e9cnicos, para construir a proposta de vendas perfeita para aquela grande empresa que produz bens e capital de alt\u00edssimo valor?<\/p>\n<p>A \u201ccara\u201d da sua sala de reuni\u00e3o vai ajudar a manter a postura que voc\u00ea precisa de seus colaboradores e, da mesma forma, se for usada para fazer apresenta\u00e7\u00f5es aos clientes, deve passar o posicionamento certo para eles.<\/p>\n<p>Compare estas duas propostas e veja qual delas seria mais adequada para o seu neg\u00f3cio:<\/p>\n<div id=\"attachment_26770\" style=\"width: 610px\" class=\"wp-caption aligncenter\"><img aria-describedby=\"caption-attachment-26770\" class=\"size-large wp-image-26770\" src=\"https:\/\/agendor-blog-uploads.s3.sa-east-1.amazonaws.com\/2017\/12\/22144247\/escritorio-03-600x399.jpg\" alt=\"\" width=\"600\" height=\"399\" srcset=\"https:\/\/agendor-blog-uploads.s3.sa-east-1.amazonaws.com\/2017\/12\/22144247\/escritorio-03-600x399.jpg 600w, https:\/\/agendor-blog-uploads.s3.sa-east-1.amazonaws.com\/2017\/12\/22144247\/escritorio-03-300x199.jpg 300w, https:\/\/agendor-blog-uploads.s3.sa-east-1.amazonaws.com\/2017\/12\/22144247\/escritorio-03.jpg 700w\" sizes=\"(max-width: 600px) 100vw, 600px\" \/><p id=\"caption-attachment-26770\" class=\"wp-caption-text\">Piloni Arquitetura <a href=\"https:\/\/www.vivadecora.com.br\/foto\/95394\/mesa-de-madeira-na-sala-de-reunioes\">https:\/\/www.vivadecora.com.br\/foto\/95394\/mesa-de-madeira-na-sala-de-reunioes<\/a><\/p><\/div>\n<p>&nbsp;<\/p>\n<div id=\"attachment_26771\" style=\"width: 610px\" class=\"wp-caption aligncenter\"><img aria-describedby=\"caption-attachment-26771\" class=\"size-large wp-image-26771\" src=\"https:\/\/agendor-blog-uploads.s3.sa-east-1.amazonaws.com\/2017\/12\/22144354\/escritorio-04-600x396.jpg\" alt=\"\" width=\"600\" height=\"396\" srcset=\"https:\/\/agendor-blog-uploads.s3.sa-east-1.amazonaws.com\/2017\/12\/22144354\/escritorio-04-600x396.jpg 600w, https:\/\/agendor-blog-uploads.s3.sa-east-1.amazonaws.com\/2017\/12\/22144354\/escritorio-04-300x198.jpg 300w, https:\/\/agendor-blog-uploads.s3.sa-east-1.amazonaws.com\/2017\/12\/22144354\/escritorio-04.jpg 700w\" sizes=\"(max-width: 600px) 100vw, 600px\" \/><p id=\"caption-attachment-26771\" class=\"wp-caption-text\">Jacqueline Fumagalli <a href=\"https:\/\/www.vivadecora.com.br\/foto\/162693\/sala-de-reuniao-colorida\">https:\/\/www.vivadecora.com.br\/foto\/162693\/sala-de-reuniao-colorida<\/a><\/p><\/div>\n<p>Qual das duas tem o <a href=\"https:\/\/www.totalconstrucao.com.br\/category\/decoracao\/\">DNA da decora\u00e7\u00e3o<\/a> de seu escrit\u00f3rio empresarial?<\/p>\n<h4>Decora\u00e7\u00e3o da recep\u00e7\u00e3o<\/h4>\n<p>Impressionar o cliente que chega para uma reuni\u00e3o em sua empresa \u00e9 fundamental. A proposta aqui \u00e9 diferente da decora\u00e7\u00e3o do escrit\u00f3rio de vendas.<\/p>\n<p>Dizem que quando fizeram o planejamento urbano de Washington, capital do Estados Unidos, o objetivo era esse: impressionar os visitantes estrangeiros e mostrar que estavam chegando para conversar com o l\u00edder de uma grande na\u00e7\u00e3o.<\/p>\n<p>Veja a abordagem de decora\u00e7\u00e3o desta empresa de tecnologia, que mostra grandiosidade sem deixar de passar tamb\u00e9m modernidade e arrojo:<\/p>\n<div id=\"attachment_26772\" style=\"width: 610px\" class=\"wp-caption aligncenter\"><img aria-describedby=\"caption-attachment-26772\" class=\"size-large wp-image-26772\" src=\"https:\/\/agendor-blog-uploads.s3.sa-east-1.amazonaws.com\/2017\/12\/22144438\/escritorio-05-600x399.jpg\" alt=\"\" width=\"600\" height=\"399\" srcset=\"https:\/\/agendor-blog-uploads.s3.sa-east-1.amazonaws.com\/2017\/12\/22144438\/escritorio-05-600x399.jpg 600w, https:\/\/agendor-blog-uploads.s3.sa-east-1.amazonaws.com\/2017\/12\/22144438\/escritorio-05-300x200.jpg 300w, https:\/\/agendor-blog-uploads.s3.sa-east-1.amazonaws.com\/2017\/12\/22144438\/escritorio-05.jpg 700w\" sizes=\"(max-width: 600px) 100vw, 600px\" \/><p id=\"caption-attachment-26772\" class=\"wp-caption-text\">Tria Arquitetura <a href=\"https:\/\/www.vivadecora.com.br\/foto\/85449\/recepcao-do-escritorio\">https:\/\/www.vivadecora.com.br\/foto\/85449\/recepcao-do-escritorio<\/a><\/p><\/div>\n<p>J\u00e1 em uma empresa que precisa passar total confiabilidade e tradi\u00e7\u00e3o, o ambiente da recep\u00e7\u00e3o \u00e9 bastante s\u00f3brio e cl\u00e1ssico, mas com um toque contempor\u00e2neo, veja:<\/p>\n<div id=\"attachment_26773\" style=\"width: 610px\" class=\"wp-caption aligncenter\"><img aria-describedby=\"caption-attachment-26773\" class=\"size-large wp-image-26773\" src=\"https:\/\/agendor-blog-uploads.s3.sa-east-1.amazonaws.com\/2017\/12\/22144522\/escritorio-06-600x450.jpg\" alt=\"\" width=\"600\" height=\"450\" srcset=\"https:\/\/agendor-blog-uploads.s3.sa-east-1.amazonaws.com\/2017\/12\/22144522\/escritorio-06-600x450.jpg 600w, https:\/\/agendor-blog-uploads.s3.sa-east-1.amazonaws.com\/2017\/12\/22144522\/escritorio-06-300x225.jpg 300w, https:\/\/agendor-blog-uploads.s3.sa-east-1.amazonaws.com\/2017\/12\/22144522\/escritorio-06.jpg 700w\" sizes=\"(max-width: 600px) 100vw, 600px\" \/><p id=\"caption-attachment-26773\" class=\"wp-caption-text\">Patricia Martinez <a href=\"https:\/\/www.vivadecora.com.br\/foto\/68874\/poltrona-branca\">https:\/\/www.vivadecora.com.br\/foto\/68874\/poltrona-branca<\/a><\/p><\/div>\n<p>Por outro lado, quem trabalha com inova\u00e7\u00e3o e criatividade pode optar por espa\u00e7os amplos, m\u00f3veis arrojados e muita cor:<\/p>\n<div id=\"attachment_26774\" style=\"width: 610px\" class=\"wp-caption aligncenter\"><img aria-describedby=\"caption-attachment-26774\" class=\"size-large wp-image-26774\" src=\"https:\/\/agendor-blog-uploads.s3.sa-east-1.amazonaws.com\/2017\/12\/22144615\/escritorio-08-600x400.jpg\" alt=\"\" width=\"600\" height=\"400\" srcset=\"https:\/\/agendor-blog-uploads.s3.sa-east-1.amazonaws.com\/2017\/12\/22144615\/escritorio-08-600x400.jpg 600w, https:\/\/agendor-blog-uploads.s3.sa-east-1.amazonaws.com\/2017\/12\/22144615\/escritorio-08-300x200.jpg 300w, https:\/\/agendor-blog-uploads.s3.sa-east-1.amazonaws.com\/2017\/12\/22144615\/escritorio-08-768x512.jpg 768w, https:\/\/agendor-blog-uploads.s3.sa-east-1.amazonaws.com\/2017\/12\/22144615\/escritorio-08.jpg 1280w\" sizes=\"(max-width: 600px) 100vw, 600px\" \/><p id=\"caption-attachment-26774\" class=\"wp-caption-text\">Tria Arquitetura <a href=\"https:\/\/www.vivadecora.com.br\/foto\/85491\/escritorio-com-poltrona-la-chaise-branca\">https:\/\/www.vivadecora.com.br\/foto\/85491\/escritorio-com-poltrona-la-chaise-branca<\/a><\/p><\/div>\n<h4>Como decorar uma sala de descompress\u00e3o<\/h4>\n<p>Muito usada para deixar seus vendedores se relacionarem e manterem um companheirismo saud\u00e1vel, as salas de conviv\u00eancia substituem o apertado bate-papo no cafezinho.<\/p>\n<p>Ajudam n\u00e3o apenas a espairecer do stress do dia a dia, mas at\u00e9 mesmo a pedir sugest\u00f5es ou trocar novas ideias de trabalho em um ambiente mais descontra\u00eddo, veja dois \u00e2ngulos deste ambiente bastante agrad\u00e1vel:<\/p>\n<div id=\"attachment_26775\" style=\"width: 610px\" class=\"wp-caption aligncenter\"><img aria-describedby=\"caption-attachment-26775\" class=\"size-large wp-image-26775\" src=\"https:\/\/agendor-blog-uploads.s3.sa-east-1.amazonaws.com\/2017\/12\/22144718\/escritorio-07-600x318.jpg\" alt=\"\" width=\"600\" height=\"318\" srcset=\"https:\/\/agendor-blog-uploads.s3.sa-east-1.amazonaws.com\/2017\/12\/22144718\/escritorio-07-600x318.jpg 600w, https:\/\/agendor-blog-uploads.s3.sa-east-1.amazonaws.com\/2017\/12\/22144718\/escritorio-07-300x159.jpg 300w, https:\/\/agendor-blog-uploads.s3.sa-east-1.amazonaws.com\/2017\/12\/22144718\/escritorio-07.jpg 700w\" sizes=\"(max-width: 600px) 100vw, 600px\" \/><p id=\"caption-attachment-26775\" class=\"wp-caption-text\">Larissa Minatii <a href=\"https:\/\/www.vivadecora.com.br\/foto\/124506\/espaco-de-descompressao-com-sofas-de-puffs-para-de\">https:\/\/www.vivadecora.com.br\/foto\/124506\/espaco-de-descompressao-com-sofas-de-puffs-para-de<\/a><\/p><\/div>\n<p>&nbsp;<\/p>\n<div id=\"attachment_26776\" style=\"width: 610px\" class=\"wp-caption aligncenter\"><img aria-describedby=\"caption-attachment-26776\" class=\"size-large wp-image-26776\" src=\"https:\/\/agendor-blog-uploads.s3.sa-east-1.amazonaws.com\/2017\/12\/22144808\/escritotio-09-600x656.jpg\" alt=\"\" width=\"600\" height=\"656\" srcset=\"https:\/\/agendor-blog-uploads.s3.sa-east-1.amazonaws.com\/2017\/12\/22144808\/escritotio-09-600x656.jpg 600w, https:\/\/agendor-blog-uploads.s3.sa-east-1.amazonaws.com\/2017\/12\/22144808\/escritotio-09-275x300.jpg 275w, https:\/\/agendor-blog-uploads.s3.sa-east-1.amazonaws.com\/2017\/12\/22144808\/escritotio-09.jpg 700w\" sizes=\"(max-width: 600px) 100vw, 600px\" \/><p id=\"caption-attachment-26776\" class=\"wp-caption-text\">Larissa Minatii <a href=\"https:\/\/www.vivadecora.com.br\/foto\/124501\/espaco-de-descompressao-nichos-acqua-brilho-e-azu\">https:\/\/www.vivadecora.com.br\/foto\/124501\/espaco-de-descompressao-nichos-acqua-brilho-e-azu<\/a><\/p><\/div>\n<p>Pode parecer um mero detalhe, mas a decora\u00e7\u00e3o do ambiente de trabalho e de escrit\u00f3rios de vendas pode fazer toda diferen\u00e7a na produtividade da equipe e na impress\u00e3o que sua empresa passa a um cliente que a visita.<\/p>\n<p>Pense nisso na hora de montar ou reformar seu escrit\u00f3rio de vendas, nunca deixe de lado os detalhes da decora\u00e7\u00e3o do escrit\u00f3rio comercial! Afinal, como vimos, a decora\u00e7\u00e3o do ambiente de trabalho \u00e9 muito importante!<\/p>\n<p>Esta sele\u00e7\u00e3o de ambientes de trabalho e escrit\u00f3rios de vendas foi criada pela equipe <a href=\"https:\/\/www.vivadecora.com.br\/\">Viva Decora<\/a>.<\/p>\n","protected":false},"excerpt":{"rendered":"<p>Decore seu escrit\u00f3rio de vendas para traduzir a \u201ccultura de sua empresa\u201d e venda mais Tanto planejamento e investimento para definir seu posicionamento no mercado n\u00e3o pode ser desperdi\u00e7ado e deve ser usado para se refletir na decora\u00e7\u00e3o de seu escrit\u00f3rio de vendas. Na verdade, sua identidade visual est\u00e1 representada em cada elemento, das cadeiras [&hellip;]<\/p>\n","protected":false},"author":3,"featured_media":33229,"comment_status":"closed","ping_status":"closed","sticky":false,"template":"","format":"standard","meta":[],"categories":[889],"tags":[177,794],"lista-de-leitura":[],"listas_de_leitura":[],"yoast_head":"<!-- This site is optimized with the Yoast SEO plugin v16.6.1 - https:\/\/yoast.com\/wordpress\/plugins\/seo\/ -->\n<title>8 decora\u00e7\u00f5es de escrit\u00f3rio de vendas para motivar a equipe<\/title>\n<meta name=\"description\" content=\"Mais colabora\u00e7\u00e3o e trabalho em equipe s\u00e3o apenas algumas vantagens de decorar o escrit\u00f3rio com a cara da empresa, at\u00e9 os clientes v\u00e3o notar.\" \/>\n<meta name=\"robots\" content=\"index, follow, max-snippet:-1, max-image-preview:large, max-video-preview:-1\" \/>\n<link rel=\"canonical\" href=\"https:\/\/www.agendor.com.br\/blog\/escritorio-vendas-decoracao\/\" \/>\n<meta property=\"og:locale\" content=\"pt_BR\" \/>\n<meta property=\"og:type\" content=\"article\" \/>\n<meta property=\"og:title\" content=\"8 decora\u00e7\u00f5es de escrit\u00f3rio de vendas para motivar a equipe\" \/>\n<meta property=\"og:description\" content=\"Mais colabora\u00e7\u00e3o e trabalho em equipe s\u00e3o apenas algumas vantagens de decorar o escrit\u00f3rio com a cara da empresa, at\u00e9 os clientes v\u00e3o notar.\" \/>\n<meta property=\"og:url\" content=\"https:\/\/www.agendor.com.br\/blog\/escritorio-vendas-decoracao\/\" \/>\n<meta property=\"og:site_name\" content=\"Blog Agendor\" \/>\n<meta property=\"article:publisher\" content=\"https:\/\/www.facebook.com\/agendor\" \/>\n<meta property=\"article:author\" content=\"https:\/\/agendor-blog-uploads.s3.sa-east-1.amazonaws.com\/2026\/01\/26125024\/julio-paulillo-agendor-2025-1-scaled.jpg\" \/>\n<meta property=\"article:published_time\" content=\"2017-12-22T16:50:06+00:00\" \/>\n<meta property=\"article:modified_time\" content=\"2020-03-12T13:09:51+00:00\" \/>\n<meta property=\"og:image\" content=\"https:\/\/agendor-blog-uploads.s3.sa-east-1.amazonaws.com\/2017\/12\/09162830\/escritorio-vendas-decoracao.jpg\" \/>\n\t<meta property=\"og:image:width\" content=\"1500\" \/>\n\t<meta property=\"og:image:height\" content=\"1000\" \/>\n<meta name=\"twitter:card\" content=\"summary_large_image\" \/>\n<meta name=\"twitter:label1\" content=\"Est. reading time\" \/>\n\t<meta name=\"twitter:data1\" content=\"5 minutos\" \/>\n<!-- \/ Yoast SEO plugin. -->","_links":{"self":[{"href":"https:\/\/www.agendor.com.br\/blog\/wp-json\/wp\/v2\/posts\/26764"}],"collection":[{"href":"https:\/\/www.agendor.com.br\/blog\/wp-json\/wp\/v2\/posts"}],"about":[{"href":"https:\/\/www.agendor.com.br\/blog\/wp-json\/wp\/v2\/types\/post"}],"author":[{"embeddable":true,"href":"https:\/\/www.agendor.com.br\/blog\/wp-json\/wp\/v2\/users\/3"}],"replies":[{"embeddable":true,"href":"https:\/\/www.agendor.com.br\/blog\/wp-json\/wp\/v2\/comments?post=26764"}],"version-history":[{"count":0,"href":"https:\/\/www.agendor.com.br\/blog\/wp-json\/wp\/v2\/posts\/26764\/revisions"}],"wp:featuredmedia":[{"embeddable":true,"href":"https:\/\/www.agendor.com.br\/blog\/wp-json\/wp\/v2\/media\/33229"}],"wp:attachment":[{"href":"https:\/\/www.agendor.com.br\/blog\/wp-json\/wp\/v2\/media?parent=26764"}],"wp:term":[{"taxonomy":"category","embeddable":true,"href":"https:\/\/www.agendor.com.br\/blog\/wp-json\/wp\/v2\/categories?post=26764"},{"taxonomy":"post_tag","embeddable":true,"href":"https:\/\/www.agendor.com.br\/blog\/wp-json\/wp\/v2\/tags?post=26764"},{"taxonomy":"lista-de-leitura","embeddable":true,"href":"https:\/\/www.agendor.com.br\/blog\/wp-json\/wp\/v2\/lista-de-leitura?post=26764"},{"taxonomy":"listas_de_leitura","embeddable":true,"href":"https:\/\/www.agendor.com.br\/blog\/wp-json\/wp\/v2\/listas_de_leitura?post=26764"}],"curies":[{"name":"wp","href":"https:\/\/api.w.org\/{rel}","templated":true}]}}