{"id":22418,"date":"2016-11-01T13:08:20","date_gmt":"2016-11-01T15:08:20","guid":{"rendered":"http:\/\/www.agendor.com.br\/blog\/?p=22418"},"modified":"2019-06-25T16:24:08","modified_gmt":"2019-06-25T19:24:08","slug":"auditoria-analise-vendas-diagnostico","status":"publish","type":"post","link":"https:\/\/www.agendor.com.br\/blog\/auditoria-analise-vendas-diagnostico\/","title":{"rendered":"[Nova Planilha] Fa\u00e7a agora uma an\u00e1lise de vendas de sua empresa!"},"content":{"rendered":"<h3>Seu neg\u00f3cio anda pra l\u00e1 de capenga e voc\u00ea n\u00e3o sabe o motivo? Ent\u00e3o baixe a Planilha de Diagn\u00f3stico de Vendas e\u00a0comece um tratamento intensivo!<\/h3>\n<p>A Planilha de Diagn\u00f3stico de Vendas ir\u00e1 ajud\u00e1-lo a identificar quais s\u00e3o os pontos fortes e fracos de seu processo comercial e, ainda, indicar\u00e1 qual o melhor caminho para torn\u00e1-lo redondinho.<\/p>\n<p><!--more--><\/p>\n<p>Observando muitos casos do mercado, percebemos que \u00e9 realmente complicado estar atento a tudo o que envolve um processo comercial para poder fazer uma boa an\u00e1lise de vendas de uma empresa.<\/p>\n<p>O que \u00e9 bastante natural, afinal, s\u00e3o muitas frentes para cuidar: vendedores, <a href=\"https:\/\/www.agendor.com.br\/blog\/treinamento-equipe-comercial\/\" target=\"_blank\" rel=\"noopener\">treinamento<\/a>, produto\/servi\u00e7o, tempo de ciclo, utiliza\u00e7\u00e3o de ferramenta de automa\u00e7\u00e3o, perfil do cliente ideal, entre outros fatores.<\/p>\n<h3>A import\u00e2ncia da an\u00e1lise de vendas de uma empresa<\/h3>\n<p>Sim, s\u00e3o muitas coisas para olhar, mas isso n\u00e3o \u00e9 desculpa para n\u00e3o ficar atento em tudo e saber o que est\u00e1 acontecendo em cada \u00e1rea de sua responsabilidade.<\/p>\n<p>Veja como fazer isso com estas dicas que v\u00e3o te ajudar a fazer uma verdadeira auditoria de vendas em seu neg\u00f3cio.<\/p>\n<h4>O que acontece se voc\u00ea estiver atento a apenas uma parte do processo?<\/h4>\n<p>Vamos ser diretos: o resultado n\u00e3o ser\u00e1 nada vantajoso!<\/p>\n<p>Imagine que voc\u00ea pode ter um time comercial de primeira, com especialistas selecionados e treinados, mas que n\u00e3o conseguem vender por conta do p\u00fablico-alvo que sua empresa est\u00e1 abordando.<\/p>\n<p>Como? Simples, n\u00e3o adianta contar com um time fant\u00e1stico\u00a0se seu p\u00fablico ainda n\u00e3o est\u00e1 no momento ideal para compra ou, pior, se voc\u00ea estiver mirando pessoas ou empresas que n\u00e3o trar\u00e3o benef\u00edcio algum para seu neg\u00f3cio.<\/p>\n<p>J\u00e1 tratamos isso no e-Book <a href=\"http:\/\/materiais.resultadosdigitais.com.br\/ebook-acelerando-suas-vendas\/?utm_campaign=comkt-rd-acelerando-suas-vendas&amp;utm_medium=email&amp;utm_source=email\" target=\"_blank\" rel=\"noopener\">Como ganhar tempo vendendo aos clientes ideais<\/a>, mas vale ressaltar que <strong>vender para o cliente errado \u00e9 perda de tempo, energia e dinheiro<\/strong>. Ele pode nunca reconhecer o valor de seu produto, al\u00e9m de trazer preju\u00edzo com m\u00e1 publicidade.<\/p>\n<p>Sua equipe apontar\u00e1 por A + B o que \u00e9 mais indicado para o\u00a0cliente e ele n\u00e3o vai dar ouvidos.<\/p>\n<p>S\u00f3 estar\u00e1 interessado em pre\u00e7o baixo e prazo. Dessa forma, em pouco tempo perceber\u00e1 que o que adquiriu n\u00e3o atende totalmente \u00e0s suas necessidades ou que o produto oferece muito mais do que ele precisava.<\/p>\n<p>\u00c9 esse tipo de situa\u00e7\u00e3o que a\u00a0an\u00e1lise e vendas de uma empresa pode evitar.<\/p>\n<div id=\"attachment_22443\" style=\"width: 610px\" class=\"wp-caption aligncenter\"><img aria-describedby=\"caption-attachment-22443\" class=\"wp-image-22443 size-large\" src=\"https:\/\/agendor-blog-uploads.s3.sa-east-1.amazonaws.com\/2016\/10\/31170319\/thermometer-temperature-fever-flu-600x399.jpg\" alt=\"analise de vendas de uma empresa\" width=\"600\" height=\"399\" srcset=\"https:\/\/agendor-blog-uploads.s3.sa-east-1.amazonaws.com\/2016\/10\/31170319\/thermometer-temperature-fever-flu-600x399.jpg 600w, https:\/\/agendor-blog-uploads.s3.sa-east-1.amazonaws.com\/2016\/10\/31170319\/thermometer-temperature-fever-flu-300x200.jpg 300w, https:\/\/agendor-blog-uploads.s3.sa-east-1.amazonaws.com\/2016\/10\/31170319\/thermometer-temperature-fever-flu.jpg 640w\" sizes=\"(max-width: 600px) 100vw, 600px\" \/><p id=\"caption-attachment-22443\" class=\"wp-caption-text\">Ap\u00f3s o diagn\u00f3stico, acompanhe a evolu\u00e7\u00e3o do tratamento<\/p><\/div>\n<p>Voc\u00ea sabe o que s\u00e3o <a href=\"https:\/\/blog.lahar.com.br\/marketing-digital\/buyers-personas\/\" target=\"_blank\" rel=\"noopener\">buyers personas<\/a>? Veja como elas podem ajudar sua empresa a vender para os clientes certos:\u00a0<a title=\"O que \u00e9 uma buyer persona e como ir\u00e1 ajudar no seu processo de vendas\" href=\"https:\/\/www.agendor.com.br\/blog\/buyer-persona-o-que-e\/\" rel=\"bookmark\">O que \u00e9 uma buyer persona e como ir\u00e1 ajudar no seu processo de vendas<\/a><\/p>\n<h4>Como fazer um Diagn\u00f3stico de Vendas de verdade?<\/h4>\n<p>Agora que voc\u00ea entendeu como \u00e9 importante n\u00e3o descuidar de nada que envolva seu processo de vendas, deve estar curioso para saber <strong>em que ficar de olho, o que incluir em seu diagn\u00f3stico de vendas<\/strong>.<\/p>\n<p>Para facilitar seu trabalho, preparamos uma <strong>Planilha de Diagn\u00f3stico de Vendas<\/strong>,\u00a0que possibilitar\u00e1 a avalia\u00e7\u00e3o dos seguintes campos e uma an\u00e1lise e vendas de uma empresa completa:<\/p>\n<ul>\n<li><strong>Mapeamento do Cliente Ideal <\/strong>&gt;&gt;\u00a0defina\u00a0as personas ideais para sua empresa converter em clientes.<\/li>\n<li><strong>Gera\u00e7\u00e3o de Oportunidades <\/strong>&gt;&gt; avalie como andam as prospec\u00e7\u00f5es de seu time.<\/li>\n<li><strong>Processo de Vendas <\/strong>&gt;&gt; esteja atento \u00e0s evolu\u00e7\u00f5es do mercado e reavalie seu processo de vendas constantemente.<\/li>\n<li><strong>Gest\u00e3o da Equipe de Vendas <\/strong>&gt;&gt;\u00a0\u00a0acompanhe os indicadores de performance dos vendedores e, caso n\u00e3o haja, estabele\u00e7a j\u00e1 essas m\u00e9tricas!<\/li>\n<li><strong>Perfil do Head de Vendas <\/strong>&gt;&gt; note se o gestor da equipe comercial tem o perfil de uma lideran\u00e7a motivadora.<\/li>\n<li><strong>Software de Gest\u00e3o Comercial <\/strong>&gt;&gt; identifique o momento para investir em uma ferramenta de gest\u00e3o comercial e os benef\u00edcios que ela trar\u00e1 ao seu neg\u00f3cio.<\/li>\n<\/ul>\n<h5><strong>N\u00e3o perca mais tempo e fa\u00e7a agora um diagn\u00f3stico detalhado de sua empresa! <\/strong><\/h5>\n<p><a style=\"display: block; text-shadow: none; text-align: center; padding: 20px; background-color: #31a2ff; font: normal 18px Arial; text-decoration: none; color: #fff; border-radius: 5px; width: 160px; margin: 20px auto;\" href=\"http:\/\/materiais.agendor.com.br\/diagnostico-vendas\" target=\"_blank\" rel=\"noopener\">BAIXAR PLANILHA<\/a><\/p>\n<p><strong>ATEN\u00c7\u00c3O|<\/strong> Ap\u00f3s concluir o diagn\u00f3stico\u00a0 de vendas e iniciar as a\u00e7\u00f5es para melhoria dos <a href=\"https:\/\/www.agendor.com.br\/blog\/etapas-do-processo-de-vendas\/\" target=\"_blank\" rel=\"noopener\">processos de vendas<\/a>, \u00e9 importante documentar tudo o que est\u00e1 sendo realizado em prol do objetivo maior de sua empresa.<\/p>\n<p><strong>Aproveite e invista em um CRM para manter o hist\u00f3rico de todas as a\u00e7\u00f5es da \u00e1rea comercial<\/strong>.<\/p>\n<p><strong> Confira como o Agendor pode ajud\u00e1-lo a fazer tudo isso! <a href=\"https:\/\/web.agendor.com.br\/cadastro\/?pid=101\" target=\"_blank\" rel=\"noopener\">Clique aqui para testar gratuitamente<\/a>.<\/strong><\/p>\n<div id=\"attachment_21460\" style=\"width: 570px\" class=\"wp-caption aligncenter\"><a title=\"Conhe\u00e7a o Agendor\" href=\"\/\" target=\"_blank\" rel=\"noopener\"><img aria-describedby=\"caption-attachment-21460\" class=\"wp-image-21460 size-full\" src=\"https:\/\/agendor-blog-uploads.s3.sa-east-1.amazonaws.com\/2011\/11\/29150314\/sistema-crm-gratuito-agendor.jpg\" alt=\"analise de vendas de uma empresa\" width=\"560\" height=\"267\" srcset=\"https:\/\/agendor-blog-uploads.s3.sa-east-1.amazonaws.com\/2011\/11\/29150314\/sistema-crm-gratuito-agendor.jpg 560w, https:\/\/agendor-blog-uploads.s3.sa-east-1.amazonaws.com\/2011\/11\/29150314\/sistema-crm-gratuito-agendor-300x143.jpg 300w\" sizes=\"(max-width: 560px) 100vw, 560px\" \/><\/a><p id=\"caption-attachment-21460\" class=\"wp-caption-text\">O Agendor \u00e9 um sistema de CRM gratuito que ajuda dezenas de milhares de vendedores a organizar e aumentar as vendas diariamente.<\/p><\/div>\n<p style=\"text-align: center; margin-bottom: 50px;\"><a class=\"btn-agendor laranja ttUpper\" style=\"padding: 0 20px;\" title=\"Veja como pode te ajudar\" href=\"https:\/\/www.agendor.com.br\/\">Veja como pode te ajudar<\/a><\/p>\n<p>Essencial tamb\u00e9m \u00e9 manter as a\u00e7\u00f5es ap\u00f3s obter os resultados iniciais. Nunca se sabe se sua empresa pode ou n\u00e3o ter uma reca\u00edda.<\/p>\n<p><strong>N\u00e3o deixe nenhum desses campos de lado e sucesso com seu trabalho de reabilita\u00e7\u00e3o!<\/strong><\/p>\n<p>Veja outras planilhas prontas para usar que criamos para voc\u00ea ter ainda mais condi\u00e7\u00f5es de fazer a an\u00e1lise e vendas de uma empresa:<\/p>\n<ul>\n<li><a href=\"https:\/\/materiais.agendor.com.br\/planilha-produtividade-vendas\" target=\"_blank\" rel=\"noopener\">Planilha de Produtividade em Vendas<\/a><\/li>\n<li><a href=\"https:\/\/materiais.agendor.com.br\/planilha-avaliacao-desempenho-vendedores\" target=\"_blank\" rel=\"noopener\">Planilha de\u00a0avalia\u00e7\u00e3o de desempenho de vendedores<\/a><\/li>\n<\/ul>\n","protected":false},"excerpt":{"rendered":"<p>Seu neg\u00f3cio anda pra l\u00e1 de capenga e voc\u00ea n\u00e3o sabe o motivo? Ent\u00e3o baixe a Planilha de Diagn\u00f3stico de Vendas e\u00a0comece um tratamento intensivo! A Planilha de Diagn\u00f3stico de Vendas ir\u00e1 ajud\u00e1-lo a identificar quais s\u00e3o os pontos fortes e fracos de seu processo comercial e, ainda, indicar\u00e1 qual o melhor caminho para torn\u00e1-lo [&hellip;]<\/p>\n","protected":false},"author":3,"featured_media":22443,"comment_status":"closed","ping_status":"closed","sticky":false,"template":"","format":"standard","meta":[],"categories":[894],"tags":[795,118],"lista-de-leitura":[],"listas_de_leitura":[],"yoast_head":"<!-- This site is optimized with the Yoast SEO plugin v16.6.1 - https:\/\/yoast.com\/wordpress\/plugins\/seo\/ -->\n<title>[Planilha] Diagn\u00f3stico e An\u00e1lise de vendas de sua empresa<\/title>\n<meta name=\"description\" content=\"Seu neg\u00f3cio vai mal e voc\u00ea n\u00e3o sabe o motivo? Baixe a Planilha de Diagn\u00f3stico de Vendas e veja como fazer an\u00e1lise de vendas de uma empresa.\" \/>\n<meta name=\"robots\" content=\"index, follow, max-snippet:-1, max-image-preview:large, max-video-preview:-1\" \/>\n<link rel=\"canonical\" href=\"https:\/\/www.agendor.com.br\/blog\/auditoria-analise-vendas-diagnostico\/\" \/>\n<meta property=\"og:locale\" content=\"pt_BR\" \/>\n<meta property=\"og:type\" content=\"article\" \/>\n<meta property=\"og:title\" content=\"[Planilha] Diagn\u00f3stico e An\u00e1lise de vendas de sua empresa\" \/>\n<meta property=\"og:description\" content=\"Seu neg\u00f3cio vai mal e voc\u00ea n\u00e3o sabe o motivo? Baixe a Planilha de Diagn\u00f3stico de Vendas e veja como fazer an\u00e1lise de vendas de uma empresa.\" \/>\n<meta property=\"og:url\" content=\"https:\/\/www.agendor.com.br\/blog\/auditoria-analise-vendas-diagnostico\/\" \/>\n<meta property=\"og:site_name\" content=\"Blog Agendor\" \/>\n<meta property=\"article:publisher\" content=\"https:\/\/www.facebook.com\/agendor\" \/>\n<meta property=\"article:author\" content=\"https:\/\/agendor-blog-uploads.s3.sa-east-1.amazonaws.com\/2026\/01\/26125024\/julio-paulillo-agendor-2025-1-scaled.jpg\" \/>\n<meta property=\"article:published_time\" content=\"2016-11-01T15:08:20+00:00\" \/>\n<meta property=\"article:modified_time\" content=\"2019-06-25T19:24:08+00:00\" \/>\n<meta property=\"og:image\" content=\"https:\/\/agendor-blog-uploads.s3.sa-east-1.amazonaws.com\/2016\/10\/31170319\/thermometer-temperature-fever-flu.jpg\" \/>\n\t<meta property=\"og:image:width\" content=\"640\" \/>\n\t<meta property=\"og:image:height\" content=\"426\" \/>\n<meta name=\"twitter:card\" content=\"summary_large_image\" \/>\n<meta name=\"twitter:label1\" content=\"Est. reading time\" \/>\n\t<meta name=\"twitter:data1\" content=\"4 minutos\" \/>\n<!-- \/ Yoast SEO plugin. -->","_links":{"self":[{"href":"https:\/\/www.agendor.com.br\/blog\/wp-json\/wp\/v2\/posts\/22418"}],"collection":[{"href":"https:\/\/www.agendor.com.br\/blog\/wp-json\/wp\/v2\/posts"}],"about":[{"href":"https:\/\/www.agendor.com.br\/blog\/wp-json\/wp\/v2\/types\/post"}],"author":[{"embeddable":true,"href":"https:\/\/www.agendor.com.br\/blog\/wp-json\/wp\/v2\/users\/3"}],"replies":[{"embeddable":true,"href":"https:\/\/www.agendor.com.br\/blog\/wp-json\/wp\/v2\/comments?post=22418"}],"version-history":[{"count":0,"href":"https:\/\/www.agendor.com.br\/blog\/wp-json\/wp\/v2\/posts\/22418\/revisions"}],"wp:featuredmedia":[{"embeddable":true,"href":"https:\/\/www.agendor.com.br\/blog\/wp-json\/wp\/v2\/media\/22443"}],"wp:attachment":[{"href":"https:\/\/www.agendor.com.br\/blog\/wp-json\/wp\/v2\/media?parent=22418"}],"wp:term":[{"taxonomy":"category","embeddable":true,"href":"https:\/\/www.agendor.com.br\/blog\/wp-json\/wp\/v2\/categories?post=22418"},{"taxonomy":"post_tag","embeddable":true,"href":"https:\/\/www.agendor.com.br\/blog\/wp-json\/wp\/v2\/tags?post=22418"},{"taxonomy":"lista-de-leitura","embeddable":true,"href":"https:\/\/www.agendor.com.br\/blog\/wp-json\/wp\/v2\/lista-de-leitura?post=22418"},{"taxonomy":"listas_de_leitura","embeddable":true,"href":"https:\/\/www.agendor.com.br\/blog\/wp-json\/wp\/v2\/listas_de_leitura?post=22418"}],"curies":[{"name":"wp","href":"https:\/\/api.w.org\/{rel}","templated":true}]}}