{"id":16537,"date":"2016-02-22T17:00:26","date_gmt":"2016-02-22T20:00:26","guid":{"rendered":"http:\/\/www.agendor.com.br\/blog\/?p=16537"},"modified":"2017-01-02T18:44:04","modified_gmt":"2017-01-02T20:44:04","slug":"negocios-em-tempo-de-crise","status":"publish","type":"post","link":"https:\/\/www.agendor.com.br\/blog\/negocios-em-tempo-de-crise\/","title":{"rendered":"Tudo que voc\u00ea n\u00e3o deve fazer nos neg\u00f3cios em tempo de crise"},"content":{"rendered":"<h3>Tocar seus neg\u00f3cios em tempo de crise n\u00e3o \u00e9 f\u00e1cil, mas n\u00e3o tome atitudes desesperadas<\/h3>\n<p>A crise est\u00e1 chegando! Corram para as montanhas! Salvem as mulheres e crian\u00e7as primeiro!<\/p>\n<p>N\u00e3o, n\u00e3o \u00e9 bem isso que voc\u00ea deve fazer nos neg\u00f3cios em tempos de crise. Deixar-se levar pelo emocional e come\u00e7ar a tomar provid\u00eancias sem planejamento ou embasamento em fatos n\u00e3o vai levar a nada. N\u00e3o confie em boatos e tente conversar com outros empres\u00e1rios, pessoas em que voc\u00ea confia e sabe que t\u00eam a devida compet\u00eancia.<\/p>\n<p><!--more--><\/p>\n<p>Em tempos de crise as pessoas acabam se agarrando a chav\u00f5es antigos e frases feitas que nem sempre correspondem \u00e0 melhor estrat\u00e9gia para sua empresa enfrentar a turbul\u00eancia. Pare, pense, olhe, estude, planeje e aja com seguran\u00e7a.<\/p>\n<p>Uma dica? D\u00ea uma olhada nesta postagem: <a title=\"Defini\u00e7\u00e3o de an\u00e1lise SWOT: como vender mais com uma matriz\" href=\"http:\/\/www.agendor.com.br\/blog\/definicao-de-analise-swot\/\" target=\"_blank\">Defini\u00e7\u00e3o de an\u00e1lise SWOT: como vender mais com uma matriz<\/a>.<\/p>\n<p>Para ajudar voc\u00ea a superar este tempo de crise nos neg\u00f3cios, criamos uma lista de <strong>8 atitudes que podem p\u00f4r sua empresa a perder<\/strong>, caso sejam aplicadas sem fundamento e por motivos mais emocionais que racionais. Fique atento!<\/p>\n<p>Quer fugir da crise? Que tal conseguir cada vez mais clientes? Baixe nosso e-book: <a href=\"http:\/\/materiais.agendor.com.br\/guia-da-prospeccao\" target=\"_blank\">O Guia da Prospec\u00e7\u00e3o &#8211; Como gerar leads qualificados e prontos para comprar<\/a>.<b><\/b><\/p>\n<div id=\"attachment_16573\" style=\"width: 610px\" class=\"wp-caption alignnone\"><a href=\"https:\/\/agendor-blog-uploads.s3.sa-east-1.amazonaws.com\/2016\/02\/12222250\/shutterstock_173627021.jpg\"><img aria-describedby=\"caption-attachment-16573\" class=\"size-large wp-image-16573\" src=\"https:\/\/agendor-blog-uploads.s3.sa-east-1.amazonaws.com\/2016\/02\/12222250\/shutterstock_173627021-600x415.jpg\" alt=\"neg\u00f3cios em tempos de crise\" width=\"600\" height=\"415\" srcset=\"https:\/\/agendor-blog-uploads.s3.sa-east-1.amazonaws.com\/2016\/02\/12222250\/shutterstock_173627021-600x415.jpg 600w, https:\/\/agendor-blog-uploads.s3.sa-east-1.amazonaws.com\/2016\/02\/12222250\/shutterstock_173627021-300x207.jpg 300w, https:\/\/agendor-blog-uploads.s3.sa-east-1.amazonaws.com\/2016\/02\/12222250\/shutterstock_173627021.jpg 1000w\" sizes=\"(max-width: 600px) 100vw, 600px\" \/><\/a><p id=\"caption-attachment-16573\" class=\"wp-caption-text\">N\u00e3o tome atitudes desesperadas em tempos de crise<\/p><\/div>\n<h3><b>Lista: o que n\u00e3o fazer nos neg\u00f3cios em tempo de crise<\/b><\/h3>\n<h4><b>1. N\u00e3o, nem toda crise \u00e9 uma oportunidade<\/b><\/h4>\n<p>O que poucos sabem \u00e9 que esta famosa frase: <a href=\"http:\/\/veja.abril.com.br\/blog\/sobre-palavras\/lendo-a-lenda\/crise-perigo-oportunidade-e-papo-furado\/\" target=\"_blank\">toda crise \u00e9 uma oportunidade<\/a>, que dizem ser o retrato de um ideograma chin\u00eas, n\u00e3o \u00e9 verdadeira. A tradu\u00e7\u00e3o \u00e9 um pouco for\u00e7ada e foi tornada popular por nada menos que John F. Kennedy, sim, o presidente americano.<\/p>\n<p>Acontece que na boca de Kennedy tudo soava maravilhoso e certo. Ele empregava a frase para defender seus pr\u00f3prios interesses e possivelmente sabia que a tradu\u00e7\u00e3o era for\u00e7ada.<\/p>\n<p>Crises podem apresentar oportunidade? Sim, claro! Mas isso n\u00e3o \u00e9 uma lei universal, tome cuidado se quiser seguir essa linha de neg\u00f3cios em tempos de crise.<\/p>\n<h4><b>2. N\u00e3o corte na carne<\/b><\/h4>\n<p>&#8211; Do jeito que as coisas andam&#8230; a solu\u00e7\u00e3o ser\u00e1 cortar na carne!<\/p>\n<p>E l\u00e1 vai o empres\u00e1rio vender ativos, diminuir treinamentos, comprar de fornecedores mais baratos e promover demiss\u00f5es. Algumas dessas atitudes podem ser necess\u00e1rias em momentos de crise nos neg\u00f3cios? \u00c9, \u00e0s vezes s\u00e3o necess\u00e1rias. Mas aja com crit\u00e9rio. A primeira dica: demitir custa caro, fa\u00e7a as contas direitinho porque vai ser uma bolada em verbas rescis\u00f3rias. E mais: todo seu investimento em treinamentos e motiva\u00e7\u00e3o da equipe ser\u00e1 destru\u00eddo em uma s\u00f3 tacada. <b>Corte a gordura, n\u00e3o a carne!<\/b><\/p>\n<h4><b>3. N\u00e3o seja o inovador destemido<\/b><\/h4>\n<p>Isso \u00e9 o que voc\u00ea deveria ter sido antes da crise come\u00e7ar&#8230; parte da inova\u00e7\u00e3o bem-sucedida \u00e9 saber prever o que vai acontecer com os neg\u00f3cios em tempo de crise, mas antes da crise se instalar. A\u00ed, sem que seus concorrentes percebam, voc\u00ea inova, muda, faz diferente, planeja com anteced\u00eancia e quando a crise\u00a0 chegar, pronto: j\u00e1 tem um plano preparado para ser aplicado, um plano mais do que revisado e com alternativas de conting\u00eancia.<\/p>\n<p>\u00c9 claro que voc\u00ea n\u00e3o deve ficar inerte e sem iniciativa na hora em que os neg\u00f3cios chegam em uma crise, apenas n\u00e3o reinvente a roda em busca de solu\u00e7\u00f5es m\u00e1gicas: seja inovador, mas com os p\u00e9s no ch\u00e3o.<\/p>\n<p>Inspire-se nesta frase: n\u00e3o se muda de barco no meio da tempestade!<\/p>\n<h4><b>4. N\u00e3o! N\u00e3o \u00e9 melhor demitir um alto sal\u00e1rio que muitos pequenos<\/b><\/h4>\n<p>Altos sal\u00e1rios geralmente remuneram l\u00edderes. E esse cara vale muito para sua empresa&#8230; Na hora em que est\u00e1 muito dif\u00edcil de conduzir o barco voc\u00ea vai se livrar de um dos timoneiros? N\u00e3o, n\u00e3o parece sensato.<\/p>\n<div id=\"attachment_16576\" style=\"width: 610px\" class=\"wp-caption alignnone\"><a href=\"https:\/\/agendor-blog-uploads.s3.sa-east-1.amazonaws.com\/2016\/02\/12222759\/negocios-em-tempos-de-creise.jpg\"><img aria-describedby=\"caption-attachment-16576\" class=\"size-full wp-image-16576\" src=\"https:\/\/agendor-blog-uploads.s3.sa-east-1.amazonaws.com\/2016\/02\/12222759\/negocios-em-tempos-de-creise.jpg\" alt=\"neg\u00f3cios em tempos de crise\" width=\"600\" height=\"400\" srcset=\"https:\/\/agendor-blog-uploads.s3.sa-east-1.amazonaws.com\/2016\/02\/12222759\/negocios-em-tempos-de-creise.jpg 600w, https:\/\/agendor-blog-uploads.s3.sa-east-1.amazonaws.com\/2016\/02\/12222759\/negocios-em-tempos-de-creise-300x200.jpg 300w\" sizes=\"(max-width: 600px) 100vw, 600px\" \/><\/a><p id=\"caption-attachment-16576\" class=\"wp-caption-text\">Tenha um atitude positiva durante a crise<\/p><\/div>\n<h4><b>5. N\u00e3o procure desculpas na crise<\/b><\/h4>\n<p>N\u00e3o se deixe levar pelo pessimismo. Crises v\u00eam e v\u00e3o e voc\u00ea tem a obriga\u00e7\u00e3o de tentar se superar em todas elas. Nunca diga que ser\u00e1 imposs\u00edvel reverter o quadro, que a culpa \u00e9 do governo, dos impostos, da infla\u00e7\u00e3o, dos juros ou dos astros. Alguns desses fatores realmente influenciam negativamente sua empresa, mas est\u00e3o afetando igualmente a todos. Depois que os tempos de neg\u00f3cios em crise passarem, muitos ter\u00e3o sobrevivido e se orgulhar\u00e3o disso. Fa\u00e7a parte desse grupo!<\/p>\n<h4><b>6. N\u00e3o leve seus problemas para casa<\/b><\/h4>\n<p>J\u00e1 basta uma crise econ\u00f4mica, n\u00e3o crie uma outra crise pessoal em casa. N\u00e3o se trata de dourar a p\u00edlula ou de tapar o sol com a peneira. Apenas n\u00e3o atazane amigos e familiares com lamenta\u00e7\u00f5es. Isso, com certeza, n\u00e3o vai resolver absolutamente nada! Procure apoio e d\u00ea apoio. \u00c9 um momento de uni\u00e3o de for\u00e7as, n\u00e3o de dispers\u00e3o de pessimismo.<\/p>\n<h4><b>7. N\u00e3o deixe de investir em marketing e publicidade.<\/b><\/h4>\n<p>\u00c9 muito comum ver empresas considerarem os gastos com propaganda os primeiros a serem sacrificados. Mas pense assim: neg\u00f3cios em tempo de crise costumam vender menos. Ent\u00e3o voc\u00ea resolve combater a falta de vendas cortando exatamente nos dois departamentos respons\u00e1veis por aumentar as vendas? Aparecer para seus clientes e ser sempre lembrado \u00e9 muito importante. N\u00e3o deixe um concorrente tomar seu territ\u00f3rio e ocupar o espa\u00e7o que voc\u00ea conquistou na mente do consumidor com muito esfor\u00e7o e trabalho duro.<\/p>\n<h4><b>8. N\u00e3o apele para linhas de cr\u00e9dito com juros abusivos<\/b><\/h4>\n<div id=\"attachment_16587\" style=\"width: 610px\" class=\"wp-caption alignnone\"><a href=\"https:\/\/agendor-blog-uploads.s3.sa-east-1.amazonaws.com\/2016\/02\/12223733\/negocio-em-tempo-de-crise.jpg\"><img aria-describedby=\"caption-attachment-16587\" class=\"size-full wp-image-16587\" src=\"https:\/\/agendor-blog-uploads.s3.sa-east-1.amazonaws.com\/2016\/02\/12223733\/negocio-em-tempo-de-crise.jpg\" alt=\"neg\u00f3cio em tempo de crise\" width=\"600\" height=\"424\" srcset=\"https:\/\/agendor-blog-uploads.s3.sa-east-1.amazonaws.com\/2016\/02\/12223733\/negocio-em-tempo-de-crise.jpg 600w, https:\/\/agendor-blog-uploads.s3.sa-east-1.amazonaws.com\/2016\/02\/12223733\/negocio-em-tempo-de-crise-300x212.jpg 300w\" sizes=\"(max-width: 600px) 100vw, 600px\" \/><\/a><p id=\"caption-attachment-16587\" class=\"wp-caption-text\">Saiba escolher a o cr\u00e9dito adequado para seu neg\u00f3cio<\/p><\/div>\n<p>Cart\u00e3o de cr\u00e9dito e cheque especial n\u00e3o podem sustentar seu capital de giro. \u00c9 preciso usar as modalidades de financiamento adequadas. Antes da situa\u00e7\u00e3o chegar a esse ponto \u00e9 necess\u00e1rio tomar uma atitude. \u00c9 por isso que o empres\u00e1rio deve estar sempre um passo \u00e0 frente, antecipar tend\u00eancias e se preparar para as mudan\u00e7as, com planejamento e estrat\u00e9gia. Estudar corretamente a forma adequada de financiar sua empresa deve fazer parte de qualquer plano de neg\u00f3cios.<\/p>\n<p>O brasileiro est\u00e1 acostumado a passar por adversidades econ\u00f4micas (<a href=\"http:\/\/www.agendor.com.br\/blog\/rd-summit\/\" target=\"_blank\">confira a palestra do economista Ricardo Amorim no evento RD Summit<\/a>). Ao tocar seu neg\u00f3cio em tempo de crise, seja coerente e pense antes de agir. Procure conselhos. \u00c0s vezes, unir for\u00e7as com um concorrente pode at\u00e9 ser um caminho para encontrar a solu\u00e7\u00e3o: mais vale <b>uma empresa em duas m\u00e3os<\/b>, que <b>duas empresas voando<\/b>&#8230;<\/p>\n<p>Pense positivo! Conhe\u00e7a algumas atitudes que podem fazer a diferen\u00e7a neste ano: <a title=\"Qual o segredo do sucesso? S\u00e3o 16, comece o ano com eles!\" href=\"http:\/\/www.agendor.com.br\/blog\/qual-o-segredo-do-sucesso\/\" target=\"_blank\">Qual o segredo do sucesso? S\u00e3o 16, comece o ano com eles!<\/a><\/p>\n","protected":false},"excerpt":{"rendered":"<p>Tocar seus neg\u00f3cios em tempo de crise n\u00e3o \u00e9 f\u00e1cil, mas n\u00e3o tome atitudes desesperadas A crise est\u00e1 chegando! Corram para as montanhas! Salvem as mulheres e crian\u00e7as primeiro! N\u00e3o, n\u00e3o \u00e9 bem isso que voc\u00ea deve fazer nos neg\u00f3cios em tempos de crise. Deixar-se levar pelo emocional e come\u00e7ar a tomar provid\u00eancias sem planejamento [&hellip;]<\/p>\n","protected":false},"author":2,"featured_media":16573,"comment_status":"closed","ping_status":"closed","sticky":false,"template":"","format":"standard","meta":[],"categories":[885],"tags":[492,794],"lista-de-leitura":[],"listas_de_leitura":[],"yoast_head":"<!-- This site is optimized with the Yoast SEO plugin v16.6.1 - https:\/\/yoast.com\/wordpress\/plugins\/seo\/ -->\n<title>Tudo que voc\u00ea N\u00e3o deve fazer nos neg\u00f3cios em tempo de crise<\/title>\n<meta name=\"description\" content=\"8 dicas do que N\u00c3O fazer nos neg\u00f3cios em tempo de crise. Seja racional, n\u00e3o aja por impulso e planeje as melhores estrat\u00e9gias.\" \/>\n<meta name=\"robots\" content=\"index, follow, max-snippet:-1, max-image-preview:large, max-video-preview:-1\" \/>\n<link rel=\"canonical\" href=\"https:\/\/www.agendor.com.br\/blog\/negocios-em-tempo-de-crise\/\" \/>\n<meta property=\"og:locale\" content=\"pt_BR\" \/>\n<meta property=\"og:type\" content=\"article\" \/>\n<meta property=\"og:title\" content=\"Tudo que voc\u00ea N\u00e3o deve fazer nos neg\u00f3cios em tempo de crise\" \/>\n<meta property=\"og:description\" content=\"8 dicas do que N\u00c3O fazer nos neg\u00f3cios em tempo de crise. Seja racional, n\u00e3o aja por impulso e planeje as melhores estrat\u00e9gias.\" \/>\n<meta property=\"og:url\" content=\"https:\/\/www.agendor.com.br\/blog\/negocios-em-tempo-de-crise\/\" \/>\n<meta property=\"og:site_name\" content=\"Blog Agendor\" \/>\n<meta property=\"article:publisher\" content=\"https:\/\/www.facebook.com\/agendor\" \/>\n<meta property=\"article:author\" content=\"https:\/\/s3-sa-east-1.amazonaws.com\/agendor-materiais\/autores\/gustavo-paulillo.gif\" \/>\n<meta property=\"article:published_time\" content=\"2016-02-22T20:00:26+00:00\" \/>\n<meta property=\"article:modified_time\" content=\"2017-01-02T20:44:04+00:00\" \/>\n<meta property=\"og:image\" content=\"https:\/\/agendor-blog-uploads.s3.sa-east-1.amazonaws.com\/2016\/02\/12222250\/shutterstock_173627021.jpg\" \/>\n\t<meta property=\"og:image:width\" content=\"1000\" \/>\n\t<meta property=\"og:image:height\" content=\"693\" \/>\n<meta name=\"twitter:card\" content=\"summary_large_image\" \/>\n<meta name=\"twitter:label1\" content=\"Est. reading time\" \/>\n\t<meta name=\"twitter:data1\" content=\"6 minutos\" \/>\n<!-- \/ Yoast SEO plugin. -->","_links":{"self":[{"href":"https:\/\/www.agendor.com.br\/blog\/wp-json\/wp\/v2\/posts\/16537"}],"collection":[{"href":"https:\/\/www.agendor.com.br\/blog\/wp-json\/wp\/v2\/posts"}],"about":[{"href":"https:\/\/www.agendor.com.br\/blog\/wp-json\/wp\/v2\/types\/post"}],"author":[{"embeddable":true,"href":"https:\/\/www.agendor.com.br\/blog\/wp-json\/wp\/v2\/users\/2"}],"replies":[{"embeddable":true,"href":"https:\/\/www.agendor.com.br\/blog\/wp-json\/wp\/v2\/comments?post=16537"}],"version-history":[{"count":0,"href":"https:\/\/www.agendor.com.br\/blog\/wp-json\/wp\/v2\/posts\/16537\/revisions"}],"wp:featuredmedia":[{"embeddable":true,"href":"https:\/\/www.agendor.com.br\/blog\/wp-json\/wp\/v2\/media\/16573"}],"wp:attachment":[{"href":"https:\/\/www.agendor.com.br\/blog\/wp-json\/wp\/v2\/media?parent=16537"}],"wp:term":[{"taxonomy":"category","embeddable":true,"href":"https:\/\/www.agendor.com.br\/blog\/wp-json\/wp\/v2\/categories?post=16537"},{"taxonomy":"post_tag","embeddable":true,"href":"https:\/\/www.agendor.com.br\/blog\/wp-json\/wp\/v2\/tags?post=16537"},{"taxonomy":"lista-de-leitura","embeddable":true,"href":"https:\/\/www.agendor.com.br\/blog\/wp-json\/wp\/v2\/lista-de-leitura?post=16537"},{"taxonomy":"listas_de_leitura","embeddable":true,"href":"https:\/\/www.agendor.com.br\/blog\/wp-json\/wp\/v2\/listas_de_leitura?post=16537"}],"curies":[{"name":"wp","href":"https:\/\/api.w.org\/{rel}","templated":true}]}}