{"id":14467,"date":"2023-05-01T08:00:00","date_gmt":"2023-05-01T11:00:00","guid":{"rendered":"http:\/\/www.agendor.com.br\/blog\/?p=14467"},"modified":"2026-03-26T18:42:59","modified_gmt":"2026-03-26T21:42:59","slug":"palestras-de-vendas","status":"publish","type":"post","link":"https:\/\/www.agendor.com.br\/blog\/palestras-de-vendas\/","title":{"rendered":"13 dicas de cursos e palestras de vendas totalmente gr\u00e1tis"},"content":{"rendered":"\n<p><strong>Capacitar a equipe<\/strong> faz parte das tantas obriga\u00e7\u00f5es de um gestor de vendas eficiente. Mas como providenciar isso nestes tempos de conten\u00e7\u00e3o de investimentos?<\/p>\n\n\n\n<p>Sem falar que \u00e9 preciso encontrar tempo na agenda dos vendedores para participar destas palestras. Pensando nisso, separamos <strong>13 cursos e palestras de vendas<\/strong> que podem ser assistidos online e totalmente gr\u00e1tis.<\/p>\n\n\n\n<p>As palestras de vendas gravadas em<strong> v\u00eddeo<\/strong> tem ainda a vantagem de poderem ser baixadas. Isso permite que voc\u00ea &nbsp;crie um pequeno evento de capacita\u00e7\u00e3o para sua for\u00e7a de vendas.<\/p>\n\n\n\n<p>Basta <strong>reunir a equipe<\/strong>, fazer um apresenta\u00e7\u00e3o de introdu\u00e7\u00e3o ressaltando a import\u00e2ncia do tema escolhido para a palestra sobre vendas e, em seguida, todos assistem juntos ao v\u00eddeo, com proje\u00e7\u00e3o em tela ou em um grande monitor.<br><br>Na sequ\u00eancia, pode haver discuss\u00e3o dos conte\u00fados e de como aplicar no dia a dia.<\/p>\n\n\n\n<p>Se preferir, essas palestras de vendas tamb\u00e9m podem ser disponibilizadas para que cada membro da equipe assista no momento em que considerar mais adequado. Voc\u00ea decide!<\/p>\n\n\n\n<p><strong><em>Para ver outras dicas de atua\u00e7\u00e3o como l\u00edder, baixe este e-book:\u00a0<a href=\"http:\/\/materiais.agendor.com.br\/guia-para-gestao-eficiente-da-equipe-de-vendas\" target=\"_blank\" rel=\"noreferrer noopener\">O Guia para a Gest\u00e3o Eficiente da Equipe de Vendas<\/a><\/em><\/strong><\/p>\n\n\n\n<h2><strong>7 palestras de vendas sem custo para sua empresa<\/strong><\/h2>\n\n\n\n<p>No site <a href=\"http:\/\/www.portaleducacao.com.br\/\" target=\"_blank\" rel=\"noreferrer noopener\">portal da educa\u00e7\u00e3o<\/a>\u00a0existe um box com a indica\u00e7\u00e3o de centenas de <strong>palestras gr\u00e1tis sobre vendas<\/strong>.<\/p>\n\n\n\n<p>Voc\u00ea clica no curso de seu interesse, preenche um breve formul\u00e1rio com nome e e-mail e recebe acesso ao <strong>ambiente virtual<\/strong> de aprendizado com a palestra gravada e muitas vezes slides e at\u00e9 materiais did\u00e1ticos adicionais.<\/p>\n\n\n\n<p>Confira a sala de aula virtual de algumas dessas palestras de vendas:<\/p>\n\n\n\n<div class=\"wp-block-image\"><figure class=\"aligncenter\"><a href=\"https:\/\/agendor-blog-uploads.s3.sa-east-1.amazonaws.com\/2015\/11\/16113035\/palestras-sobre-vendas.jpg\"><img width=\"600\" height=\"462\" src=\"https:\/\/agendor-blog-uploads.s3.sa-east-1.amazonaws.com\/2015\/11\/16113035\/palestras-sobre-vendas.jpg\" alt=\"Sala de aula virtual - Portal da Educa\u00e7\u00e3o\" class=\"wp-image-14478\" srcset=\"https:\/\/agendor-blog-uploads.s3.sa-east-1.amazonaws.com\/2015\/11\/16113035\/palestras-sobre-vendas.jpg 600w, https:\/\/agendor-blog-uploads.s3.sa-east-1.amazonaws.com\/2015\/11\/16113035\/palestras-sobre-vendas-300x231.jpg 300w\" sizes=\"(max-width: 600px) 100vw, 600px\" \/><\/a><figcaption>Sala de aula virtual &#8211; Portal da Educa\u00e7\u00e3o<\/figcaption><\/figure><\/div>\n\n\n\n<p>Como n\u00e3o \u00e9 muito f\u00e1cil encontrar as palestras espec\u00edficas da \u00e1rea de vendas na lista, tomamos o cuidado de separar as<strong> 7 mais relevantes<\/strong> para voc\u00ea!<\/p>\n\n\n\n<h3><strong>1. Palestra de vendas &#8211;\u00a0<a href=\"http:\/\/www.portaleducacao.com.br\/palestras\/detalhes-palestra\/67\/prospeccao-negociacao-e-fechamento\" target=\"_blank\" rel=\"noreferrer noopener\">Prospec\u00e7\u00e3o, negocia\u00e7\u00e3o e fechamento<\/a><\/strong><\/h3>\n\n\n\n<ul><li><strong>Palestrante:<\/strong> Marcelo Comparin<\/li><li><strong>Curr\u00edculo:<\/strong>&nbsp;psic\u00f3logo com MBA em Gest\u00e3o de Pessoas, Diretor Comercial.<\/li><li><strong>T\u00f3picos da palestra:<\/strong>\n<ul>\n<li>Etapas da negocia\u00e7\u00e3o (prospec\u00e7\u00e3o\/negocia\u00e7\u00e3o\/fechamento)<\/li>\n<li>Quem \u00e9 meu cliente?<\/li>\n<li>O que meu cliente compra?<\/li>\n<li>P\u00f3s-vendas: porque fazer?<\/li>\n<li>O mercado e a concorr\u00eancia<\/li>\n<li>Ganha\/ganha &#8211; mito ou realidade?<\/li>\n<li>Detentores da informa\u00e7\u00e3o &#8211; vantagens na negocia\u00e7\u00e3o<\/li>\n<\/ul>\n<\/li><\/ul>\n\n\n\n<p><strong><em>N\u00e3o deixe de conferir o conte\u00fado <a href=\"https:\/\/www.agendor.com.br\/blog\/prospeccao\/\" target=\"_blank\" rel=\"noreferrer noopener\">Prospec\u00e7\u00e3o de vendas: tudo o que voc\u00ea precisa saber para encontrar novos clientes e vender mais<\/a> para saber TUDO sobre&nbsp;prospec\u00e7\u00e3o!<\/em><\/strong><\/p>\n\n\n\n<h3><strong>2. Palestra de vendas &#8211; <a href=\"http:\/\/www.portaleducacao.com.br\/palestras\/detalhes-palestra\/104\/comunicacao-verbal-e-persuasao-primeiros-passos\" target=\"_blank\" rel=\"noreferrer noopener\">Comunica\u00e7\u00e3o verbal e persuas\u00e3o<\/a><\/strong><\/h3>\n\n\n\n<ul><li><strong>Palestrante:<\/strong> Karina Maia Rodrigues Albertini<\/li><li><strong>Curr\u00edculo:<\/strong> Comunic\u00f3loga especializada em pr\u00e1ticas do discurso pelo Instituto Reinaldo Polito &#8211; SP. Profissional Coach pelo IBC, com titula\u00e7\u00e3o internacional pela &#8220;European Coaching Association&#8221; e &#8220;Global Coaching Community&#8221;. P\u00f3s-graduada em Administra\u00e7\u00e3o de Marketing e Com\u00e9rcio Exterior. Bacharel em Publicidade e Propaganda e em Jornalismo.<\/li><li><strong>T\u00f3picos da palestra:<\/strong>\n<ul>\n<li>Entendendo o que \u00e9 comunica\u00e7\u00e3o e como nos colocamos dentro desse processo.<\/li>\n<li>Entendendo o p\u00fablico, como pensa, sente e se comporta.<\/li>\n<li>Caracter\u00edsticas de um bom orador.<\/li>\n<\/ul>\n<\/li><\/ul>\n\n\n\n<p>O PNL \u00e9 outra excelente t\u00e9cnica de persuas\u00e3o, saiba mais sobre esse assunto:\u00a0<a href=\"http:\/\/www.agendor.com.br\/blog\/pnl-em-vendas\/\" target=\"_blank\" rel=\"noreferrer noopener\">PNL em vendas: alcan\u00e7ando resultados poderosos nas vendas<\/a><\/p>\n\n\n\n<h3><strong>3. Palestra de vendas &#8211; <a href=\"http:\/\/www.portaleducacao.com.br\/palestras\/detalhes-palestra\/26\/comunicacao-eficaz-no-atendimento\" target=\"_blank\" rel=\"noreferrer noopener\">Comunica\u00e7\u00e3o eficaz no atendimento<\/a><\/strong><\/h3>\n\n\n\n<ul><li><strong>Palestrante:<\/strong> Ana Kelly Martinez<\/li><li><strong>Curr\u00edculo:<\/strong> Fonoaudi\u00f3loga. Formada pela Sociedade Brasileira de Din\u00e2micas de Grupos \u2013 SBGD. Coach de Executivos, equipe e comunica\u00e7\u00e3o com certifica\u00e7\u00e3o internacional pela ICC (International Coaching Community). Especialista em Audiologia Cl\u00ednica e com aperfei\u00e7oamentos em Voz.<\/li><li><strong>T\u00f3picos da palestra:<\/strong>\n<ul>\n<li>A import\u00e2ncia de conhecer bem o cliente.<\/li>\n<li>Comunica\u00e7\u00e3o n\u00e3o \u00e9 o que falamos e sim o que o outro entende.<\/li>\n<li>Atitude comunicativa.<\/li>\n<li>Consumidor antenado e pre\u00e7os competitivos.<\/li>\n<li>Comunica\u00e7\u00e3o eficaz \u00e9 diferencial competitivo.<\/li>\n<\/ul>\n<\/li><\/ul>\n\n\n\n<h3><strong>4. Palestra de vendas &#8211; <a href=\"http:\/\/www.portaleducacao.com.br\/palestras\/detalhes-palestra\/114\/apresentacoes-bem-sucedidas\" target=\"_blank\" rel=\"noreferrer noopener\">Palestras e apresentac\u00f5es bem sucedidas<\/a><\/strong><\/h3>\n\n\n\n<ul><li><strong>Palestrante:<\/strong> Patricia Rodrigues<\/li><li><strong>Curr\u00edculo:<\/strong> Forma\u00e7\u00e3o em Ger\u00eancia de Marketing, Radialista h\u00e1 17 anos com DRT em Dire\u00e7\u00e3o Art\u00edstica de TV, MBA em Gest\u00e3o Estrat\u00e9gica de Neg\u00f3cios e Especialista em EAD \u2013 SENAC\/MS<\/li><li><strong>T\u00f3picos da palestra<\/strong>: Desenvolver a arte de se comunicar de forma eficaz e com isso obter vantagens, benef\u00edcios e sucesso no campo profissional e pessoal.<\/li><\/ul>\n\n\n\n<h3><strong>5. Palestra para empreendedores &#8211; <a href=\"http:\/\/www.portaleducacao.com.br\/palestras\/detalhes-palestra\/90\/startups-negocios-inovadores\" target=\"_blank\" rel=\"noreferrer noopener\">Neg\u00f3cios Inovadores<\/a><\/strong><\/h3>\n\n\n\n<ul><li><strong>Palestrante<\/strong>: Guilherme Junqueira<\/li><li><strong>Curr\u00edculo:<\/strong> Administrador e P\u00f3s-graduado em Marketing e Propaganda, Fundador e Presidente do Grupo Startup MS e Diretor Regional da Associa\u00e7\u00e3o Brasileira de Startups.<\/li><li><strong>T\u00f3picos da palestra:<\/strong>\n<ul>\n<li>Vamos falar de Startups.<\/li>\n<li>Como definimos uma Startup?<\/li>\n<li>Grupo de pessoas, Modelo de Neg\u00f3cios, Repet\u00edvel, Escal\u00e1vel e Incerteza!<\/li>\n<li>Como investir em uma Startup? Cases de Startups de Mato Grosso do Sul.<\/li>\n<\/ul>\n<\/li><\/ul>\n\n\n\n<h3><strong>6. Palestra de marketing &#8211; <a href=\"http:\/\/www.portaleducacao.com.br\/palestras\/detalhes-palestra\/95\/a-evolucao-do-marketing-em-multinivel\" target=\"_blank\" rel=\"noreferrer noopener\">Evolu\u00e7\u00e3o do marketing em multin\u00edvel<\/a><\/strong><\/h3>\n\n\n\n<ul><li><strong>Palestrante:<\/strong> Roberto Marques<\/li><li><strong>T\u00f3picos da palestra:<\/strong> Como proporcionar credibilidade ao marketing de multin\u00edvel, sua evolu\u00e7\u00e3o e hist\u00f3ria.<\/li><\/ul>\n\n\n\n<h3><strong>7. Palestra para gestores &#8211; <a href=\"http:\/\/www.portaleducacao.com.br\/palestras\/detalhes-palestra\/176\/desafios-para-o-gestor-de-pessoas\" target=\"_blank\" rel=\"noreferrer noopener\">Desafios para o gestor de pessoas<\/a><\/strong><\/h3>\n\n\n\n<ul><li><strong>Palestrante:<\/strong> Maisa Helena Pimenta<\/li><li><strong>Curr\u00edculo:<\/strong> Mestre em Desenvolvimento Local pela Universidade Cat\u00f3lica Dom Bosco com P\u00f3s-Gradua\u00e7\u00e3o em Gest\u00e3o Avan\u00e7ada em Recursos Humanos e Gradua\u00e7\u00e3o em Administra\u00e7\u00e3o.<\/li><li><strong>T\u00f3picos da palestra:<\/strong> Gest\u00e3o das compet\u00eancias e talentos em sua empresa.<\/li><\/ul>\n\n\n\n<p>Antes de falarmos de cursos online gratuitos oferecidos pelo Sebrae, confira oportunidades de assistir <strong>palestras de vendas presenciais<\/strong>.<\/p>\n\n\n\n<h2><strong>5 cursos sobre vendas gratuitos em formato\u00a0online<\/strong><\/h2>\n\n\n\n<p>O Sebrae tem se destacado na capacita\u00e7\u00e3o de profissionais e empreendedores. Para participar destes cursos basta se inscrever informando CPF e e-mail. Em seguida, receber\u00e1 um e-mail para completar o cadastro.<\/p>\n\n\n\n<h3><strong>8.\u00a0<a href=\"https:\/\/www.ead.sebrae.com.br\/cursos\/sei-vender\" target=\"_blank\" rel=\"noreferrer noopener\">Sei vender<\/a><\/strong><\/h3>\n\n\n\n<p>Apresenta quest\u00f5es referentes ao <strong>reposicionamento e adapta\u00e7\u00e3o do neg\u00f3cio \u00e0s exig\u00eancias do mercado<\/strong>, planejamento e o gerenciamento das vendas e o manejo de <strong>ferramentas de marketing<\/strong>, para compreender as necessidades dos clientes.<\/p>\n\n\n\n<h3><strong>9.\u00a0<a href=\"https:\/\/www.ead.sebrae.com.br\/cursos\/condicoes-de-venda-para-o-mercado-externo\" target=\"_blank\" rel=\"noreferrer noopener\">Condi\u00e7\u00f5es de venda para o mercado externo<\/a><\/strong><\/h3>\n\n\n\n<p>Traz conhecimento das<strong> t\u00e9cnicas de vendas<\/strong> aplicadas na <strong>negocia\u00e7\u00e3o internacional<\/strong> abordando temas como processos de negocia\u00e7\u00e3o na esfera do com\u00e9rcio externo e fatores das diversidades culturais no \u00e2mbito internacional.<\/p>\n\n\n\n<h3><strong>10.\u00a0<a href=\"https:\/\/www.ead.sebrae.com.br\/cursos\/programa-varejo-facil-formacao-do-preco-de-venda\" target=\"_blank\" rel=\"noreferrer noopener\">Forma\u00e7\u00e3o do pre\u00e7os de venda<\/a><\/strong><\/h3>\n\n\n\n<p>Explica de forma simples e bem did\u00e1tica par\u00e2metros para a <strong>elabora\u00e7\u00e3o de pre\u00e7os<\/strong> e a rela\u00e7\u00e3o entre pre\u00e7os de mercado e fatores econ\u00f4micos e financeiros da empresa, sua adequa\u00e7\u00e3o \u00e0s <strong>especificidades dos mercados locai<\/strong>s e procedimentos para garantir sustentabilidade e <strong>lucratividade<\/strong> do empreendimento.<\/p>\n\n\n\n<h3><strong>11.\u00a0<a href=\"https:\/\/www.ead.sebrae.com.br\/cursos\/programa-varejo-facil-atendimento-ao-cliente\" target=\"_blank\" rel=\"noreferrer noopener\">Atendimento ao cliente<\/a><\/strong><\/h3>\n\n\n\n<p>Trata das diferen\u00e7as entre<strong> atender e tratar do cliente<\/strong>, ferramentas e estrat\u00e9gias para garantir a <strong>excel\u00eancia do atendimento<\/strong>, t\u00e9cnicas para superar expectativas, surpreender o cliente e gerar resultados.<\/p>\n\n\n\n<h3><strong>12.\u00a0<a href=\"https:\/\/www.ead.sebrae.com.br\/cursos\/programa-varejo-facil-tecnicas-de-vendas#box-cadastro\" target=\"_blank\" rel=\"noreferrer noopener\">T\u00e9cnicas de vendas<\/a><\/strong><\/h3>\n\n\n\n<p>Aborda t\u00e9cnicas de relacionamento e vendas como fator determinante para <strong>conquistar e fidelizar clientes<\/strong>, fala ainda sobre a cria\u00e7\u00e3o de um ambiente de atendimento para atrair e manter o clientes no loja e sobre estrat\u00e9gias para gerar impactos significativos nas vendas.<\/p>\n\n\n\n<h3><strong>13. <a href=\"https:\/\/www.realizzarecursos.com.br\/cursos\/curso-de-comunicacao-e-oratoria\/\" target=\"_blank\" rel=\"noreferrer noopener\">Curso gratuito de Comunica\u00e7\u00e3o e Orat\u00f3ria<\/a> (Realizzare)<\/strong><\/h3>\n\n\n\n<p>Para quem se inspira nos grandes palestrantes de vendas, o pr\u00f3ximo passo \u00e9 dominar a pr\u00f3pria capacidade de express\u00e3o. O <strong>curso de comunica\u00e7\u00e3o e orat\u00f3ria da Realizzare<\/strong> \u00e9 uma forma\u00e7\u00e3o estrat\u00e9gica para vendedores que desejam eliminar o medo de falar em p\u00fablico, organizar ideias de forma persuasiva e projetar autoridade em cada reuni\u00e3o.<\/p>\n\n\n\n<p>Este \u00e9 um curso gratuito de alta qualidade, oferecido na modalidade online, permitindo que voc\u00ea estude no seu ritmo. O conte\u00fado aborda desde t\u00e9cnicas de dic\u00e7\u00e3o e linguagem corporal at\u00e9 a estrutura\u00e7\u00e3o de discursos que engajam e convencem o cliente. Um grande diferencial \u00e9 a emiss\u00e3o de certificado v\u00e1lido em todo o territ\u00f3rio nacional (opcional, mediante taxa), ideal para quem precisa comprovar horas complementares ou turbinar o curr\u00edculo com uma soft skill indispens\u00e1vel no mercado atual.<\/p>\n\n\n\n<p><strong><em>Outra \u00f3tima fonte de cursos online gratuitos, com tem\u00e1ticas mais gerais \u00e9 o site de FGV. Pesquise um curso de seu interesse:\u00a0<a href=\"http:\/\/www5.fgv.br\/fgvonline\/Cursos\/Gratuitos\" target=\"_blank\" rel=\"noreferrer noopener\">FGV online &#8211; Cursos Gratuitos<\/a><\/em><\/strong><\/p>\n\n\n\n<h2><strong>Cursos e palestras sobre vendas presenciais e gratuitas<\/strong><\/h2>\n\n\n\n<p>Encontramos algumas oportunidades em<strong> S\u00e3o Paulo e Santa Catarina<\/strong>.<\/p>\n\n\n\n<p>O Sebrae Santa Catarina oferece diversas op\u00e7\u00f5es de cursos presenciais nos mais variados temas. Para participar \u00e9 preciso se cadastrar no site e verificar quando est\u00e3o dispon\u00edveis e em que cidades do estado.<\/p>\n\n\n\n<p><strong>Confira alguns dos temas:<\/strong><\/p>\n\n\n\n<ul><li>Gest\u00e3o estrat\u00e9gica de vendas<\/li><li>Atendimento ao cliente<\/li><li>T\u00e9cnicas de vendas<\/li><li>Negocia\u00e7\u00f5es eficazes<\/li><li>Plano de marketing avan\u00e7ado<\/li><\/ul>\n\n\n\n<p><strong>Confira neste link:\u00a0<a href=\"https:\/\/atendimento.sebrae-sc.com.br\/sou-mei-presencial\" target=\"_blank\" rel=\"noreferrer noopener\">Cursos Presenciais Sebrae &#8211; SC<\/a><\/strong><\/p>\n\n\n\n<p>Em S\u00e3o Paulo, administradores filiados ao Conselho Regional de Administra\u00e7\u00e3o tem acesso a um agenda de palestras mensais nos mais variados temas, incluindo: E-commerce, gest\u00e3o estrat\u00e9gica, negocia\u00e7\u00e3o, cria\u00e7\u00e3o de valor e muitos outros.<\/p>\n\n\n\n<p><strong>Confira aqui a programa\u00e7\u00e3o: <a href=\"http:\/\/www.crasp.gov.br\/crasp\/WebForms\/eventos.aspx?secao_id=230&amp;Idioma_id=1\" target=\"_blank\" rel=\"noreferrer noopener\">Palestras CRA-SP<\/a><\/strong><\/p>\n\n\n\n<p>Se quiser pesquisar mais cursos e outras formas de capacita\u00e7\u00e3o, veja este texto:\u00a0<a href=\"http:\/\/www.agendor.com.br\/blog\/cursos-para-vendedores\/\" target=\"_blank\" rel=\"noreferrer noopener\">Procurando cursos para vendedores? Veio ao lugar certo!<\/a><\/p>\n","protected":false},"excerpt":{"rendered":"<p>Capacitar a equipe faz parte das tantas obriga\u00e7\u00f5es de um gestor de vendas eficiente. Mas como providenciar isso nestes tempos de conten\u00e7\u00e3o de investimentos? Sem falar que \u00e9 preciso encontrar tempo na agenda dos vendedores para participar destas palestras. Pensando nisso, separamos 13 cursos e palestras de vendas que podem ser assistidos online e totalmente [&hellip;]<\/p>\n","protected":false},"author":2,"featured_media":14104,"comment_status":"closed","ping_status":"closed","sticky":false,"template":"","format":"standard","meta":[],"categories":[882],"tags":[308,794],"lista-de-leitura":[],"listas_de_leitura":[],"yoast_head":"<!-- This site is optimized with the Yoast SEO plugin v16.6.1 - https:\/\/yoast.com\/wordpress\/plugins\/seo\/ -->\n<title>13 dicas de cursos e palestras de vendas totalmente gr\u00e1tis<\/title>\n<meta name=\"description\" content=\"Conhe\u00e7a 13 cursos e palestras de vendas gratuitas para capacitar voc\u00ea e sua equipe, al\u00e9m de dicas de palestras presenciais sem custo.\" \/>\n<meta name=\"robots\" content=\"index, follow, max-snippet:-1, max-image-preview:large, max-video-preview:-1\" \/>\n<link rel=\"canonical\" href=\"https:\/\/www.agendor.com.br\/blog\/palestras-de-vendas\/\" \/>\n<meta property=\"og:locale\" content=\"pt_BR\" \/>\n<meta property=\"og:type\" content=\"article\" \/>\n<meta property=\"og:title\" content=\"13 dicas de cursos e palestras de vendas totalmente gr\u00e1tis\" \/>\n<meta property=\"og:description\" content=\"Conhe\u00e7a 13 cursos e palestras de vendas gratuitas para capacitar voc\u00ea e sua equipe, al\u00e9m de dicas de palestras presenciais sem custo.\" \/>\n<meta property=\"og:url\" content=\"https:\/\/www.agendor.com.br\/blog\/palestras-de-vendas\/\" \/>\n<meta property=\"og:site_name\" content=\"Blog Agendor\" \/>\n<meta property=\"article:publisher\" content=\"https:\/\/www.facebook.com\/agendor\" \/>\n<meta property=\"article:author\" content=\"https:\/\/s3-sa-east-1.amazonaws.com\/agendor-materiais\/autores\/gustavo-paulillo.gif\" \/>\n<meta property=\"article:published_time\" content=\"2023-05-01T11:00:00+00:00\" \/>\n<meta property=\"article:modified_time\" content=\"2026-03-26T21:42:59+00:00\" \/>\n<meta property=\"og:image\" content=\"https:\/\/agendor-blog-uploads.s3.sa-east-1.amazonaws.com\/2015\/11\/03185603\/For%C3%A7a-de-vendas-5-dicas-para-fazer-demonstra%C3%A7%C3%B5es-virarem-neg%C3%B3cio-fechado.jpg\" \/>\n\t<meta property=\"og:image:width\" content=\"800\" \/>\n\t<meta property=\"og:image:height\" content=\"534\" \/>\n<meta name=\"twitter:card\" content=\"summary_large_image\" \/>\n<meta name=\"twitter:label1\" content=\"Est. reading time\" \/>\n\t<meta name=\"twitter:data1\" content=\"6 minutos\" \/>\n<!-- \/ Yoast SEO plugin. -->","_links":{"self":[{"href":"https:\/\/www.agendor.com.br\/blog\/wp-json\/wp\/v2\/posts\/14467"}],"collection":[{"href":"https:\/\/www.agendor.com.br\/blog\/wp-json\/wp\/v2\/posts"}],"about":[{"href":"https:\/\/www.agendor.com.br\/blog\/wp-json\/wp\/v2\/types\/post"}],"author":[{"embeddable":true,"href":"https:\/\/www.agendor.com.br\/blog\/wp-json\/wp\/v2\/users\/2"}],"replies":[{"embeddable":true,"href":"https:\/\/www.agendor.com.br\/blog\/wp-json\/wp\/v2\/comments?post=14467"}],"version-history":[{"count":0,"href":"https:\/\/www.agendor.com.br\/blog\/wp-json\/wp\/v2\/posts\/14467\/revisions"}],"wp:featuredmedia":[{"embeddable":true,"href":"https:\/\/www.agendor.com.br\/blog\/wp-json\/wp\/v2\/media\/14104"}],"wp:attachment":[{"href":"https:\/\/www.agendor.com.br\/blog\/wp-json\/wp\/v2\/media?parent=14467"}],"wp:term":[{"taxonomy":"category","embeddable":true,"href":"https:\/\/www.agendor.com.br\/blog\/wp-json\/wp\/v2\/categories?post=14467"},{"taxonomy":"post_tag","embeddable":true,"href":"https:\/\/www.agendor.com.br\/blog\/wp-json\/wp\/v2\/tags?post=14467"},{"taxonomy":"lista-de-leitura","embeddable":true,"href":"https:\/\/www.agendor.com.br\/blog\/wp-json\/wp\/v2\/lista-de-leitura?post=14467"},{"taxonomy":"listas_de_leitura","embeddable":true,"href":"https:\/\/www.agendor.com.br\/blog\/wp-json\/wp\/v2\/listas_de_leitura?post=14467"}],"curies":[{"name":"wp","href":"https:\/\/api.w.org\/{rel}","templated":true}]}}