{"id":11469,"date":"2015-06-22T07:52:01","date_gmt":"2015-06-22T10:52:01","guid":{"rendered":"http:\/\/www.agendor.com.br\/blog\/?p=11469"},"modified":"2019-05-27T14:42:25","modified_gmt":"2019-05-27T17:42:25","slug":"case-de-sucesso-com-o-agendor-polar-inteligencia-em-meio-ambiente","status":"publish","type":"post","link":"https:\/\/www.agendor.com.br\/blog\/case-de-sucesso-com-o-agendor-polar-inteligencia-em-meio-ambiente\/","title":{"rendered":"Case de sucesso com o Agendor: Polar Intelig\u00eancia em Meio Ambiente"},"content":{"rendered":"<p>A Polar Intelig\u00eancia em Meio Ambiente estava \u00e0 procura de um <a href=\"https:\/\/www.agendor.com.br\/\">CRM<\/a> para organizar todo o seu processo de vendas.<\/p>\n<p>Conhe\u00e7a o caso de sucesso da Polar Intelig\u00eancia em Meio Ambiente, um cliente do Agendor, sobre o resultado que est\u00e1 tendo com o uso da ferramenta. Confira mais <a href=\"http:\/\/www.agendor.com.br\/depoimentos\/\" target=\"_blank\" rel=\"noopener\">depoimentos em nosso site<\/a>.<\/p>\n<p>&nbsp;<\/p>\n<div id=\"attachment_11473\" style=\"width: 610px\" class=\"wp-caption aligncenter\"><a href=\"http:\/\/www.agendor.com.br\/blog\/wp-content\/uploads\/2015\/06\/polar.png\"><img aria-describedby=\"caption-attachment-11473\" class=\"size-full wp-image-11473\" src=\"http:\/\/www.agendor.com.br\/blog\/wp-content\/uploads\/2015\/06\/polar.png\" alt=\"Depoimento de um cliente do Agendor: Polar Intelig\u00eancia em Meio Ambiente\" width=\"600\" height=\"700\" srcset=\"https:\/\/www.agendor.com.br\/blog\/wp-content\/uploads\/2015\/06\/polar.png 600w, https:\/\/www.agendor.com.br\/blog\/wp-content\/uploads\/2015\/06\/polar-257x300.png 257w\" sizes=\"(max-width: 600px) 100vw, 600px\" \/><\/a><p id=\"caption-attachment-11473\" class=\"wp-caption-text\">Depoimento de um cliente do Agendor: Polar Intelig\u00eancia em Meio Ambiente<\/p><\/div>\n<p><!--more--><\/p>\n<p>\u00c9 \u00f3timo saber que <strong>o Agendor faz a diferen\u00e7a no departamento comercial da Polar Intelig\u00eancia em Meio Ambiente!<\/strong> Desejamos um sucesso ap\u00f3s o outro!<\/p>\n<p><em>O Agendor tem otimizado nosso trabalho fazendo com que tenhamos uma maior grau de controle nas a\u00e7\u00f5es comerciais com um esfor\u00e7o e um tempo menor.<\/em><\/p>\n<p>Antes da ferramenta n\u00f3s t\u00ednhamos planilhas de controle em excesso, retrabalho na duplica\u00e7\u00e3o de informa\u00e7\u00f5es e dificuldades nas obten\u00e7\u00f5es de estat\u00edsticas.<\/p>\n<p>Hoje conseguimos um controle maior das propostas e oportunidades comerciais enviadas, al\u00e9m da facilidade na obten\u00e7\u00e3o das informa\u00e7\u00f5es para acompanhamento das propostas.<\/p>\n<p>Isso foi poss\u00edvel atrav\u00e9s do cadastramento dos neg\u00f3cios no pipeline de vendas e acompanhamento dos hist\u00f3ricos. Outra funcionalidade que usamos bastante \u00e9 o link entre neg\u00f3cios, pessoas e empresas, bem como, o agendamento de tarefas.<\/p>\n<p><strong>Kayo Soares<\/strong>, Diretor de Opera\u00e7\u00f5es da empresa <a href=\"http:\/\/www.polar-ambiental.com.br\/\" target=\"_blank\" rel=\"noopener\">Polar Intelig\u00eancia em Meio Ambiente<\/a>.<\/p>\n<p><img class=\"aligncenter size-large wp-image-11474\" src=\"http:\/\/www.agendor.com.br\/blog\/wp-content\/uploads\/2015\/06\/polar1-600x343.png\" alt=\"polar\" width=\"600\" height=\"343\" srcset=\"https:\/\/www.agendor.com.br\/blog\/wp-content\/uploads\/2015\/06\/polar1-600x343.png 600w, https:\/\/www.agendor.com.br\/blog\/wp-content\/uploads\/2015\/06\/polar1-300x171.png 300w, https:\/\/www.agendor.com.br\/blog\/wp-content\/uploads\/2015\/06\/polar1.png 645w\" sizes=\"(max-width: 600px) 100vw, 600px\" \/><\/p>\n<p>Aprenda como o Agendor pode ajudar a controlar a \u00e1rea comercial de uma consultoria no nosso artigo: <a title=\"Como acompanhar o andamento dos neg\u00f3cios em sua consultoria\" href=\"http:\/\/www.agendor.com.br\/blog\/como-acompanhar-o-andamento-dos-negocios-em-sua-consultoria\/\" target=\"_blank\" rel=\"noopener\">Como acompanhar o andamento dos neg\u00f3cios em sua consultoria<\/a><\/p>\n","protected":false},"excerpt":{"rendered":"<p>A Polar Intelig\u00eancia em Meio Ambiente estava \u00e0 procura de um CRM para organizar todo o seu processo de vendas. Conhe\u00e7a o caso de sucesso da Polar Intelig\u00eancia em Meio Ambiente, um cliente do Agendor, sobre o resultado que est\u00e1 tendo com o uso da ferramenta. Confira mais depoimentos em nosso site. &nbsp;<\/p>\n","protected":false},"author":3,"featured_media":11474,"comment_status":"closed","ping_status":"closed","sticky":false,"template":"","format":"standard","meta":[],"categories":[881],"tags":[17,796],"lista-de-leitura":[],"listas_de_leitura":[],"yoast_head":"<!-- This site is optimized with the Yoast SEO plugin v16.6.1 - https:\/\/yoast.com\/wordpress\/plugins\/seo\/ -->\n<title>Case de sucesso com o Agendor: Polar Intelig\u00eancia<\/title>\n<meta name=\"description\" content=\"A Polar Intelig\u00eancia em Meio Ambiente estava \u00e0 procura de um CRM para organizar todo o seu processo de vendas. Confira como eles v\u00eam utilizando o Agendor.\" \/>\n<meta name=\"robots\" content=\"index, follow, max-snippet:-1, max-image-preview:large, max-video-preview:-1\" \/>\n<link rel=\"canonical\" href=\"https:\/\/www.agendor.com.br\/blog\/case-de-sucesso-com-o-agendor-polar-inteligencia-em-meio-ambiente\/\" \/>\n<meta property=\"og:locale\" content=\"pt_BR\" \/>\n<meta property=\"og:type\" content=\"article\" \/>\n<meta property=\"og:title\" content=\"Case de sucesso com o Agendor: Polar Intelig\u00eancia\" \/>\n<meta property=\"og:description\" content=\"A Polar Intelig\u00eancia em Meio Ambiente estava \u00e0 procura de um CRM para organizar todo o seu processo de vendas. Confira como eles v\u00eam utilizando o Agendor.\" \/>\n<meta property=\"og:url\" content=\"https:\/\/www.agendor.com.br\/blog\/case-de-sucesso-com-o-agendor-polar-inteligencia-em-meio-ambiente\/\" \/>\n<meta property=\"og:site_name\" content=\"Blog Agendor\" \/>\n<meta property=\"article:publisher\" content=\"https:\/\/www.facebook.com\/agendor\" \/>\n<meta property=\"article:author\" content=\"https:\/\/agendor-blog-uploads.s3.sa-east-1.amazonaws.com\/2026\/01\/26125024\/julio-paulillo-agendor-2025-1-scaled.jpg\" \/>\n<meta property=\"article:published_time\" content=\"2015-06-22T10:52:01+00:00\" \/>\n<meta property=\"article:modified_time\" content=\"2019-05-27T17:42:25+00:00\" \/>\n<meta property=\"og:image\" content=\"https:\/\/www.agendor.com.br\/blog\/wp-content\/uploads\/2015\/06\/polar1.png\" \/>\n\t<meta property=\"og:image:width\" content=\"645\" \/>\n\t<meta property=\"og:image:height\" content=\"369\" \/>\n<meta name=\"twitter:card\" content=\"summary_large_image\" \/>\n<meta name=\"twitter:label1\" content=\"Est. reading time\" \/>\n\t<meta name=\"twitter:data1\" content=\"1 minuto\" \/>\n<!-- \/ Yoast SEO plugin. -->","_links":{"self":[{"href":"https:\/\/www.agendor.com.br\/blog\/wp-json\/wp\/v2\/posts\/11469"}],"collection":[{"href":"https:\/\/www.agendor.com.br\/blog\/wp-json\/wp\/v2\/posts"}],"about":[{"href":"https:\/\/www.agendor.com.br\/blog\/wp-json\/wp\/v2\/types\/post"}],"author":[{"embeddable":true,"href":"https:\/\/www.agendor.com.br\/blog\/wp-json\/wp\/v2\/users\/3"}],"replies":[{"embeddable":true,"href":"https:\/\/www.agendor.com.br\/blog\/wp-json\/wp\/v2\/comments?post=11469"}],"version-history":[{"count":0,"href":"https:\/\/www.agendor.com.br\/blog\/wp-json\/wp\/v2\/posts\/11469\/revisions"}],"wp:featuredmedia":[{"embeddable":true,"href":"https:\/\/www.agendor.com.br\/blog\/wp-json\/wp\/v2\/media\/11474"}],"wp:attachment":[{"href":"https:\/\/www.agendor.com.br\/blog\/wp-json\/wp\/v2\/media?parent=11469"}],"wp:term":[{"taxonomy":"category","embeddable":true,"href":"https:\/\/www.agendor.com.br\/blog\/wp-json\/wp\/v2\/categories?post=11469"},{"taxonomy":"post_tag","embeddable":true,"href":"https:\/\/www.agendor.com.br\/blog\/wp-json\/wp\/v2\/tags?post=11469"},{"taxonomy":"lista-de-leitura","embeddable":true,"href":"https:\/\/www.agendor.com.br\/blog\/wp-json\/wp\/v2\/lista-de-leitura?post=11469"},{"taxonomy":"listas_de_leitura","embeddable":true,"href":"https:\/\/www.agendor.com.br\/blog\/wp-json\/wp\/v2\/listas_de_leitura?post=11469"}],"curies":[{"name":"wp","href":"https:\/\/api.w.org\/{rel}","templated":true}]}}