{"id":10594,"date":"2015-04-13T09:33:20","date_gmt":"2015-04-13T12:33:20","guid":{"rendered":"http:\/\/www.agendor.com.br\/blog\/?p=10594"},"modified":"2020-03-09T14:40:50","modified_gmt":"2020-03-09T17:40:50","slug":"case-de-sucesso-com-o-agendor-elefante-verde-rio-branco","status":"publish","type":"post","link":"https:\/\/www.agendor.com.br\/blog\/case-de-sucesso-com-o-agendor-elefante-verde-rio-branco\/","title":{"rendered":"Case de sucesso com o Agendor: Elefante Verde Rio Branco"},"content":{"rendered":"<p>A Elefante Verde de Rio Branco escolheu o Agendor por ser uma ferramenta pr\u00e1tica e completa para seu departamento comercial.<\/p>\n<p>Conhe\u00e7a o caso de sucesso da Elefante Verde, um cliente do Agendor, sobre o resultado que est\u00e1 tendo com o uso da ferramenta. Confira mais <a href=\"http:\/\/www.agendor.com.br\/clientes\" target=\"_blank\" rel=\"noopener\">depoimentos em nosso site<\/a>.<\/p>\n<div id=\"attachment_10597\" style=\"width: 610px\" class=\"wp-caption aligncenter\"><a href=\"http:\/\/www.agendor.com.br\/blog\/wp-content\/uploads\/2015\/04\/elefante-verde-rio-branco1.png\" target=\"_blank\" rel=\"noopener\"><img aria-describedby=\"caption-attachment-10597\" class=\"size-full wp-image-10597\" src=\"http:\/\/www.agendor.com.br\/blog\/wp-content\/uploads\/2015\/04\/elefante-verde-rio-branco1.png\" alt=\"Depoimento de um cliente do Agendor: Elefante Verde Rio Branco\" width=\"600\" height=\"700\" srcset=\"https:\/\/www.agendor.com.br\/blog\/wp-content\/uploads\/2015\/04\/elefante-verde-rio-branco1.png 600w, https:\/\/www.agendor.com.br\/blog\/wp-content\/uploads\/2015\/04\/elefante-verde-rio-branco1-257x300.png 257w\" sizes=\"(max-width: 600px) 100vw, 600px\" \/><\/a><p id=\"caption-attachment-10597\" class=\"wp-caption-text\">Depoimento de um cliente do Agendor: Elefante Verde Rio Branco<\/p><\/div>\n<p><!--more--><\/p>\n<p>Ficamos felizes que o Agendor contribui para <strong>o sucesso da Elefante Verde!<\/strong> Desejamos que continuem tendo \u00f3timo neg\u00f3cios.<\/p>\n<p><em>Simplesmente, EXCELENTE! N\u00e3o vejo minha empresa funcionado sem o Agendor. A comunica\u00e7\u00e3o de todos os membros da equipe \u00e9 extremamente f\u00e1cil e a passagem do &#8220;bast\u00e3o&#8221; \u00e9 totalmente qualificada e profissional e ainda pode fazer de qualquer lugar. <\/em><\/p>\n<p>Os pontos positivos do Agendor s\u00e3o sua praticidade, facilidade na comunica\u00e7\u00e3o, \u00f3tima organiza\u00e7\u00e3o comercial, f\u00e1cil interatividade e um \u00f3timo custo x benef\u00edcio.<\/p>\n<p>Com o Agendor conseguimos uma gest\u00e3o comercial da empresa de forma completa e um acompanhamento preciso do andamento dos neg\u00f3cios, n\u00e3o deixando nada pelo caminho.<\/p>\n<p>O Agendor \u00e9 uma plataforma completa para gerenciamento de qualquer empresa, de f\u00e1cil manuseio com \u00f3timo custo x benef\u00edcio, centralizando todas as informa\u00e7\u00f5es em um \u00fanico local e podendo acessar de qualquer lugar.<\/p>\n<p><strong>Vinicius A. de Rezende<\/strong>, S\u00f3cio-diretor da <a href=\"http:\/\/elefanteverde.com.br\/guia\/rio-branco-ac\" target=\"_blank\" rel=\"noopener\">Elefante Verde Rio Branco<\/a>.<\/p>\n<p><a href=\"http:\/\/www.agendor.com.br\/blog\/wp-content\/uploads\/2015\/04\/elefante-verde-rio-branco.png\"><img class=\"aligncenter size-large wp-image-10595\" src=\"http:\/\/www.agendor.com.br\/blog\/wp-content\/uploads\/2015\/04\/elefante-verde-rio-branco-600x370.png\" alt=\"elefante-verde-rio-branco\" width=\"600\" height=\"370\" srcset=\"https:\/\/www.agendor.com.br\/blog\/wp-content\/uploads\/2015\/04\/elefante-verde-rio-branco-600x370.png 600w, https:\/\/www.agendor.com.br\/blog\/wp-content\/uploads\/2015\/04\/elefante-verde-rio-branco-300x185.png 300w, https:\/\/www.agendor.com.br\/blog\/wp-content\/uploads\/2015\/04\/elefante-verde-rio-branco.png 620w\" sizes=\"(max-width: 600px) 100vw, 600px\" \/><\/a><\/p>\n<p>Conhe\u00e7a como o Agendor pode ajudar a controlar a \u00e1rea comercial em uma empresa de franquias no nosso artigo: <a title=\"O CRM aplicado em uma empresa de franquias\" href=\"http:\/\/www.agendor.com.br\/blog\/o-crm-aplicado-em-uma-empresa-de-franquias\/\" target=\"_blank\" rel=\"noopener\">O CRM aplicado em uma empresa de franquias<\/a>.<\/p>\n","protected":false},"excerpt":{"rendered":"<p>A Elefante Verde de Rio Branco escolheu o Agendor por ser uma ferramenta pr\u00e1tica e completa para seu departamento comercial. Conhe\u00e7a o caso de sucesso da Elefante Verde, um cliente do Agendor, sobre o resultado que est\u00e1 tendo com o uso da ferramenta. Confira mais depoimentos em nosso site.<\/p>\n","protected":false},"author":2,"featured_media":10595,"comment_status":"closed","ping_status":"closed","sticky":false,"template":"","format":"standard","meta":[],"categories":[881],"tags":[17,796],"lista-de-leitura":[],"listas_de_leitura":[],"yoast_head":"<!-- This site is optimized with the Yoast SEO plugin v16.6.1 - https:\/\/yoast.com\/wordpress\/plugins\/seo\/ -->\n<title>Case de sucesso com o Agendor: Elefante Verde Rio Branco<\/title>\n<meta name=\"description\" content=\"Atua em uma franquia? Veja como a Elefante Verde de Rio Branco vem obtendo grandes resultados com o Agendor\" \/>\n<meta name=\"robots\" content=\"index, follow, max-snippet:-1, max-image-preview:large, max-video-preview:-1\" \/>\n<link rel=\"canonical\" href=\"https:\/\/www.agendor.com.br\/blog\/case-de-sucesso-com-o-agendor-elefante-verde-rio-branco\/\" \/>\n<meta property=\"og:locale\" content=\"pt_BR\" \/>\n<meta property=\"og:type\" content=\"article\" \/>\n<meta property=\"og:title\" content=\"Case de sucesso com o Agendor: Elefante Verde Rio Branco\" \/>\n<meta property=\"og:description\" content=\"Atua em uma franquia? Veja como a Elefante Verde de Rio Branco vem obtendo grandes resultados com o Agendor\" \/>\n<meta property=\"og:url\" content=\"https:\/\/www.agendor.com.br\/blog\/case-de-sucesso-com-o-agendor-elefante-verde-rio-branco\/\" \/>\n<meta property=\"og:site_name\" content=\"Blog Agendor\" \/>\n<meta property=\"article:publisher\" content=\"https:\/\/www.facebook.com\/agendor\" \/>\n<meta property=\"article:author\" content=\"https:\/\/s3-sa-east-1.amazonaws.com\/agendor-materiais\/autores\/gustavo-paulillo.gif\" \/>\n<meta property=\"article:published_time\" content=\"2015-04-13T12:33:20+00:00\" \/>\n<meta property=\"article:modified_time\" content=\"2020-03-09T17:40:50+00:00\" \/>\n<meta property=\"og:image\" content=\"https:\/\/www.agendor.com.br\/blog\/wp-content\/uploads\/2015\/04\/elefante-verde-rio-branco.png\" \/>\n\t<meta property=\"og:image:width\" content=\"620\" \/>\n\t<meta property=\"og:image:height\" content=\"383\" \/>\n<meta name=\"twitter:card\" content=\"summary_large_image\" \/>\n<meta name=\"twitter:label1\" content=\"Est. reading time\" \/>\n\t<meta name=\"twitter:data1\" content=\"1 minuto\" \/>\n<!-- \/ Yoast SEO plugin. -->","_links":{"self":[{"href":"https:\/\/www.agendor.com.br\/blog\/wp-json\/wp\/v2\/posts\/10594"}],"collection":[{"href":"https:\/\/www.agendor.com.br\/blog\/wp-json\/wp\/v2\/posts"}],"about":[{"href":"https:\/\/www.agendor.com.br\/blog\/wp-json\/wp\/v2\/types\/post"}],"author":[{"embeddable":true,"href":"https:\/\/www.agendor.com.br\/blog\/wp-json\/wp\/v2\/users\/2"}],"replies":[{"embeddable":true,"href":"https:\/\/www.agendor.com.br\/blog\/wp-json\/wp\/v2\/comments?post=10594"}],"version-history":[{"count":0,"href":"https:\/\/www.agendor.com.br\/blog\/wp-json\/wp\/v2\/posts\/10594\/revisions"}],"wp:featuredmedia":[{"embeddable":true,"href":"https:\/\/www.agendor.com.br\/blog\/wp-json\/wp\/v2\/media\/10595"}],"wp:attachment":[{"href":"https:\/\/www.agendor.com.br\/blog\/wp-json\/wp\/v2\/media?parent=10594"}],"wp:term":[{"taxonomy":"category","embeddable":true,"href":"https:\/\/www.agendor.com.br\/blog\/wp-json\/wp\/v2\/categories?post=10594"},{"taxonomy":"post_tag","embeddable":true,"href":"https:\/\/www.agendor.com.br\/blog\/wp-json\/wp\/v2\/tags?post=10594"},{"taxonomy":"lista-de-leitura","embeddable":true,"href":"https:\/\/www.agendor.com.br\/blog\/wp-json\/wp\/v2\/lista-de-leitura?post=10594"},{"taxonomy":"listas_de_leitura","embeddable":true,"href":"https:\/\/www.agendor.com.br\/blog\/wp-json\/wp\/v2\/listas_de_leitura?post=10594"}],"curies":[{"name":"wp","href":"https:\/\/api.w.org\/{rel}","templated":true}]}}